{"id":99203,"date":"2016-10-14T18:55:09","date_gmt":"2016-10-14T21:55:09","guid":{"rendered":"http:\/\/aconteceunovale.com.br\/portal\/?p=99203"},"modified":"2016-10-14T18:55:09","modified_gmt":"2016-10-14T21:55:09","slug":"casal-morre-em-acidente-entre-carreta-e-caminhao-na-br-040-na-regiao-central-de-minas","status":"publish","type":"post","link":"https:\/\/aconteceunovale.com.br\/portal\/?p=99203","title":{"rendered":"Casal morre em acidente entre carreta e caminh\u00e3o na BR-040, na regi\u00e3o Central de Minas"},"content":{"rendered":"<p>Duas pessoas da mesma fam\u00edlia morreram em um acidente entre dois ve\u00edculos de carga na noite dessa quinta-feira, 13 de outubro de 2016, na altura do quil\u00f4metro 435 da BR-040, pr\u00f3ximo a Paraopeba, na regi\u00e3o Central de Minas Gerais. Segundo a Pol\u00edcia Rodovi\u00e1ria Federal (PRF), uma carreta com placa de Montes Claros colidiu na traseira de um caminh\u00e3o licenciado em Caetan\u00f3polis. <\/p>\n<p>A.R.M, de 44 anos, que dirigia a carreta, e a passageira S.C.M.M, de 39 anos, morreram no local. As outras passageiras, de 12 e de 16 anos, tiveram ferimentos graves (uma fraturou um bra\u00e7o e outra uma perna) e foram encaminhadas para o Hospital Municipal de Sete Lagoas. Segundo a dire\u00e7\u00e3o do hospital, as adolescentes est\u00e3o internadas e o estado de sa\u00fade delas \u00e9 est\u00e1vel. As v\u00edtimas eram pai, m\u00e3e e duas filhas. <\/p>\n<p>A per\u00edcia realizada no local do acidente constatou que a carreta teria tentado frear por cerca de 40 metros. J\u00e1 o caminh\u00e3o foi empurrado por mais 40 metros ap\u00f3s ser atingido. Apesar do impacto, o motorista e passageiro do caminh\u00e3o, de 28 e 26 anos respectivamente, sa\u00edram ilesos.<\/p>\n<p><img decoding=\"async\" src=\"http:\/\/aconteceunovale.com.br\/portal\/wp-content\/uploads\/2016\/10\/acidente_040_1.jpg\" alt=\"\" \/><em>Carreta ficou destru\u00edda com o acidente (foto: Pol\u00edcia Rodovi\u00e1ria Federal\/Divulga\u00e7\u00e3o)<\/em><br \/>\n<\/br><\/p>\n<p><img decoding=\"async\" src=\"http:\/\/aconteceunovale.com.br\/portal\/wp-content\/uploads\/2016\/10\/acidente_040_1.jpg\" alt=\"\" \/><em>Carreta ficou destru\u00edda com o acidente (foto: Pol\u00edcia Rodovi\u00e1ria Federal\/Divulga\u00e7\u00e3o)<\/em><br \/>\n<\/br><\/p>\n<p><em>(Com informa\u00e7\u00f5es do Estado de Minas)<\/em><\/p>\n","protected":false},"excerpt":{"rendered":"<p>Duas pessoas da mesma fam\u00edlia morreram em um acidente entre dois ve\u00edculos de carga na noite dessa quinta-feira, 13 de outubro de 2016, na altura do quil\u00f4metro 435 da BR-040, pr\u00f3ximo a Paraopeba, na regi\u00e3o Central de Minas Gerais. Segundo a Pol\u00edcia Rodovi\u00e1ria Federal (PRF), uma carreta com placa de Montes Claros colidiu na traseira [&hellip;]<\/p>\n","protected":false},"author":1,"featured_media":99204,"comment_status":"open","ping_status":"closed","sticky":false,"template":"","format":"standard","meta":{"amp_status":"","footnotes":""},"categories":[123,1236],"tags":[120681,120680,120676,120677,120678,3675,120679,120682,120683,210,1437],"class_list":["post-99203","post","type-post","status-publish","format-standard","has-post-thumbnail","hentry","category-gerais","category-norte_de_minas","tag-acidente-carreta-de-montes-claros","tag-acidente-com-carreta-de-montes-claros","tag-acidente-em-paraopeba","tag-acidente-entre-carreta-e-caminhao-em-paraopeba","tag-acidente-na-br-040-em-paraopeba","tag-caetanopolis","tag-carreta-de-montes-claros","tag-casal-morre-em-acidente-entre-carreta-e-caminhao-na-br-040","tag-casal-morre-em-acidente-entre-carreta-e-caminhao-na-br-040-em-paraopeba","tag-montes-claros","tag-paraopeba"],"_links":{"self":[{"href":"https:\/\/aconteceunovale.com.br\/portal\/index.php?rest_route=\/wp\/v2\/posts\/99203","targetHints":{"allow":["GET"]}}],"collection":[{"href":"https:\/\/aconteceunovale.com.br\/portal\/index.php?rest_route=\/wp\/v2\/posts"}],"about":[{"href":"https:\/\/aconteceunovale.com.br\/portal\/index.php?rest_route=\/wp\/v2\/types\/post"}],"author":[{"embeddable":true,"href":"https:\/\/aconteceunovale.com.br\/portal\/index.php?rest_route=\/wp\/v2\/users\/1"}],"replies":[{"embeddable":true,"href":"https:\/\/aconteceunovale.com.br\/portal\/index.php?rest_route=%2Fwp%2Fv2%2Fcomments&post=99203"}],"version-history":[{"count":0,"href":"https:\/\/aconteceunovale.com.br\/portal\/index.php?rest_route=\/wp\/v2\/posts\/99203\/revisions"}],"wp:featuredmedia":[{"embeddable":true,"href":"https:\/\/aconteceunovale.com.br\/portal\/index.php?rest_route=\/wp\/v2\/media\/99204"}],"wp:attachment":[{"href":"https:\/\/aconteceunovale.com.br\/portal\/index.php?rest_route=%2Fwp%2Fv2%2Fmedia&parent=99203"}],"wp:term":[{"taxonomy":"category","embeddable":true,"href":"https:\/\/aconteceunovale.com.br\/portal\/index.php?rest_route=%2Fwp%2Fv2%2Fcategories&post=99203"},{"taxonomy":"post_tag","embeddable":true,"href":"https:\/\/aconteceunovale.com.br\/portal\/index.php?rest_route=%2Fwp%2Fv2%2Ftags&post=99203"}],"curies":[{"name":"wp","href":"https:\/\/api.w.org\/{rel}","templated":true}]}}