{"id":99193,"date":"2016-10-14T18:12:10","date_gmt":"2016-10-14T21:12:10","guid":{"rendered":"http:\/\/aconteceunovale.com.br\/portal\/?p=99193"},"modified":"2016-10-14T18:12:10","modified_gmt":"2016-10-14T21:12:10","slug":"petrobras-muda-politica-e-gasolina-deve-custar-menos-r-005-por-litro","status":"publish","type":"post","link":"https:\/\/aconteceunovale.com.br\/portal\/?p=99193","title":{"rendered":"Petrobras muda pol\u00edtica e gasolina deve custar menos R$ 0,05 por litro"},"content":{"rendered":"<p>A partir do primeiro minuto deste s\u00e1bado, os pre\u00e7os da gasolina e do diesel estar\u00e3o 3,2% e 2,7%, respectivamente, mais baratos na porta das refinarias de todo o pa\u00eds. A decis\u00e3o foi anunciada hoje (14) pela Petrobras que mudou a pol\u00edtica de pre\u00e7os para os derivados que vigorava h\u00e1 cerca de uma d\u00e9cada. Com a diminui\u00e7\u00e3o de pre\u00e7os, nos postos de gasolina o diesel dever\u00e1 cair em m\u00e9dia 1,8% e a gasolina 1,4%, em ambos os casos uma queda de R$ 0,05 por litro.<\/p>\n<p>A nova pol\u00edtica, que tamb\u00e9m passar\u00e1 a vigorar a partir de amanh\u00e3, ter\u00e1 como base os pre\u00e7os da<em>commodities<\/em>\u00a0praticados no mercado internacional e avalia\u00e7\u00f5es mensais para reajustes ou n\u00e3o dos pre\u00e7os dos combust\u00edveis para cima ou para baixo, dependendo da oscila\u00e7\u00e3o do pre\u00e7o dos produtos no mercado global.<\/p>\n<p>Para p\u00f4r em pr\u00e1tica essa nova pol\u00edtica, a Petrobras criou o Grupo Executivo de Mercado e Pre\u00e7os, que, j\u00e1 em sua primeira reuni\u00e3o, decidiu pela redu\u00e7\u00e3o hoje anunciada. Segundo a assessoria da Petrobras, essa \u00e9 a primeira vez que a redu\u00e7\u00e3o de pre\u00e7os dos derivados ocorre desde junho de 2009, quando o diesel caiu 15% e a gasolina, 4,5%.<\/p>\n<p>Ao abrir hoje a entrevista, o presidente da Petrobras, Pedro Parente, disse que o impacto da decis\u00e3o nas bombas de todo o pa\u00eds vai depender das redes de distribui\u00e7\u00e3o e dos donos dos postos.<\/p>\n<p>Pedro Parente explicou que a empresa estar\u00e1 praticando a nova pol\u00edtica a partir de amanh\u00e3. \u201cEla \u00e9 baseada na paridade internacional de pre\u00e7os, que \u00e9 assim que funciona quando voc\u00ea est\u00e1 lidando com uma\u00a0<em>commoditie<\/em>, o que \u00e9 o caso dos derivados. Sobre essa paridade voc\u00ea coloca a margem da empresa (que leva em conta v\u00e1rios fatores), e tamb\u00e9m coloca os tributos e impostos\u201d, disse.<\/p>\n<p>\u201cE, ao anunciar essa nova pol\u00edtica, n\u00f3s achamos tamb\u00e9m que seria importante fazer um movimento de pre\u00e7os levando em conta que tem havido um aumento de importa\u00e7\u00f5es, especialmente de diesel, mas tamb\u00e9m da gasolina, al\u00e9m da sazonalidade do mercado mundial de derivados\u201d.<\/p>\n<p>Parente tamb\u00e9m afirmou que a decis\u00e3o pela redu\u00e7\u00e3o n\u00e3o trar\u00e1 impacto nas contas da Petrobras, \u201cuma vez que, ao estipular o pre\u00e7o, voc\u00ea tem que olhar tamb\u00e9m o\u00a0<em>market share<\/em>\u00a0(participa\u00e7\u00e3o de mercado) e a utiliza\u00e7\u00e3o da capacidade instalada das refinarias, e n\u00e3o s\u00f3 o pre\u00e7o de venda. E, de acordo com os nossos par\u00e2metros internos e com o nosso planejamento estrat\u00e9gico, a decis\u00e3o n\u00e3o coloca em risco o cumprimento das metas anunciadas [no Plano de Neg\u00f3cios e Gest\u00e3o 2017-2021 da companhia].<\/p>\n<p><strong>Nova pol\u00edtica<\/strong><\/p>\n<p>A decis\u00e3o anunciada pela diretoria da Petrobras \u00e9 uma mudan\u00e7a na pol\u00edtica de pre\u00e7os, adotada na \u00faltima d\u00e9cada.<\/p>\n<p>Na gest\u00e3o do ex-presidente S\u00e9rgio Gabrielli, diante da alta do pre\u00e7o do barril no mercado e dos questionamentos sobre se haveria ou n\u00e3o aumento do pre\u00e7o dos derivados no mercado interno, o ex-presidente da Petrobras era enf\u00e1tico: \u201cA nossa pol\u00edtica \u00e9 n\u00e3o repassar para os pre\u00e7os dos derivados no mercado interno a volatilidade (oscila\u00e7\u00e3o) do petr\u00f3leo no mercado externo, mas sim manter uma curva de m\u00e9dio prazo que mantenha os nossos ganhos na ponta\u201d.<\/p>\n<p>Era uma pol\u00edtica onde a converg\u00eancia aos pre\u00e7os internacionais se dava no m\u00e9dio e no longo prazo, os reajustes n\u00e3o tinham periodicidade definida e se davam em n\u00edvel decis\u00f3rio no \u00e2mbito da diretoria executiva da companhia.<\/p>\n<p>A partir de agora, as decis\u00f5es ser\u00e3o tomadas no \u00e2mbito do Grupo Executivo de Mercado de Pre\u00e7os (presidente, mais diretoria de Refino e G\u00e1s natural, mais diretoria Financeira e de Rela\u00e7\u00f5es com Investidores); ter\u00e3o como refer\u00eancia as varia\u00e7\u00f5es do pre\u00e7o dos derivados no mercado internacional; e Relat\u00f3rio Externo de avalia\u00e7\u00e3o 60 dias ap\u00f3s o t\u00e9rmino de cada trimestre.<\/p>\n<p>Em nota, a Petrobras diz: \u201ccomo o valor desses combust\u00edveis acompanhar\u00e1 a tend\u00eancia do mercado internacional, poder\u00e1 haver manuten\u00e7\u00e3o, redu\u00e7\u00e3o ou aumento nos pre\u00e7os praticados nas refinarias a cada m\u00eas\u201d.<\/p>\n<p><strong>Independ\u00eancia em rela\u00e7\u00e3o ao governo<\/strong><\/p>\n<p>Na entrevista, o presidente da Petrobras, Pedro Parente, abordou a quest\u00e3o da independ\u00eancia em rela\u00e7\u00e3o ao governo. \u201cA orienta\u00e7\u00e3o expressa que foi dada \u00e9 que a Petrobras tem que se recuperar, tem que virar o jogo de todos os problemas por que ela passou e, para que isto ocorra, ela precisa contar com todos os instrumentos que s\u00e3o pr\u00f3prios de uma empresa. E assim tem sido feito\u201d.<\/p>\n<p>Sobre a quest\u00e3o da rea\u00e7\u00e3o do mercado e da possibilidade de que a nova pol\u00edtica venha a atrair investimentos, a Petrobras admitiu que essa tamb\u00e9m \u00e9 uma das premissas da mudan\u00e7a da pol\u00edtica, principalmente porque ela d\u00e1 maior tranquilidade aos investidores ao definir regras claras e garantias de retorno do capital investido. (Ag\u00eancia Brasil)<\/p>\n","protected":false},"excerpt":{"rendered":"<p>A partir do primeiro minuto deste s\u00e1bado, os pre\u00e7os da gasolina e do diesel estar\u00e3o 3,2% e 2,7%, respectivamente, mais baratos na porta das refinarias de todo o pa\u00eds. A decis\u00e3o foi anunciada hoje (14) pela Petrobras que mudou a pol\u00edtica de pre\u00e7os para os derivados que vigorava h\u00e1 cerca de uma d\u00e9cada. Com a [&hellip;]<\/p>\n","protected":false},"author":1,"featured_media":99194,"comment_status":"open","ping_status":"closed","sticky":false,"template":"","format":"standard","meta":{"amp_status":"","footnotes":""},"categories":[6],"tags":[120591,120595,36463,85350,5499,120660,120661,120659,120589,120588,21581,120592,120594,120593,120590],"class_list":["post-99193","post","type-post","status-publish","format-standard","has-post-thumbnail","hentry","category-br","tag-baixa-no-preco-da-gasolina","tag-diesel","tag-gasolina","tag-pedro-parente","tag-petrobras","tag-petrobras-muda-politica-e-gasolina-deve-custar-menos-cinco-centavos-por-litro","tag-petrobras-muda-politica-e-gasolina-deve-custar-menos-por-litro","tag-petrobras-muda-politica-e-gasolina-deve-custar-menos-r-0-05-por-litro","tag-petrobras-reduz-preco-da-gasolina","tag-petrobras-reduz-preco-da-gasolina-nas-refinarias","tag-preco-da-gasolina","tag-queda-no-preco-da-gasolina","tag-reducao-de-precos","tag-reducao-do-preco-da-gasolina","tag-reducao-no-preco-da-gasolina"],"_links":{"self":[{"href":"https:\/\/aconteceunovale.com.br\/portal\/index.php?rest_route=\/wp\/v2\/posts\/99193","targetHints":{"allow":["GET"]}}],"collection":[{"href":"https:\/\/aconteceunovale.com.br\/portal\/index.php?rest_route=\/wp\/v2\/posts"}],"about":[{"href":"https:\/\/aconteceunovale.com.br\/portal\/index.php?rest_route=\/wp\/v2\/types\/post"}],"author":[{"embeddable":true,"href":"https:\/\/aconteceunovale.com.br\/portal\/index.php?rest_route=\/wp\/v2\/users\/1"}],"replies":[{"embeddable":true,"href":"https:\/\/aconteceunovale.com.br\/portal\/index.php?rest_route=%2Fwp%2Fv2%2Fcomments&post=99193"}],"version-history":[{"count":0,"href":"https:\/\/aconteceunovale.com.br\/portal\/index.php?rest_route=\/wp\/v2\/posts\/99193\/revisions"}],"wp:featuredmedia":[{"embeddable":true,"href":"https:\/\/aconteceunovale.com.br\/portal\/index.php?rest_route=\/wp\/v2\/media\/99194"}],"wp:attachment":[{"href":"https:\/\/aconteceunovale.com.br\/portal\/index.php?rest_route=%2Fwp%2Fv2%2Fmedia&parent=99193"}],"wp:term":[{"taxonomy":"category","embeddable":true,"href":"https:\/\/aconteceunovale.com.br\/portal\/index.php?rest_route=%2Fwp%2Fv2%2Fcategories&post=99193"},{"taxonomy":"post_tag","embeddable":true,"href":"https:\/\/aconteceunovale.com.br\/portal\/index.php?rest_route=%2Fwp%2Fv2%2Ftags&post=99193"}],"curies":[{"name":"wp","href":"https:\/\/api.w.org\/{rel}","templated":true}]}}