{"id":99186,"date":"2016-10-14T17:37:52","date_gmt":"2016-10-14T20:37:52","guid":{"rendered":"http:\/\/aconteceunovale.com.br\/portal\/?p=99186"},"modified":"2016-10-14T17:37:52","modified_gmt":"2016-10-14T20:37:52","slug":"reitoria-da-ufvjm-divulga-nota-sobre-ocupacao-estudantil","status":"publish","type":"post","link":"https:\/\/aconteceunovale.com.br\/portal\/?p=99186","title":{"rendered":"Reitoria da UFVJM divulga nota sobre ocupa\u00e7\u00e3o estudantil"},"content":{"rendered":"<p><em><\/p>\n<h4><strong>Estudantes ocupam UFVJM em defesa da educa\u00e7\u00e3o p\u00fablica<\/strong><\/h4>\n<p><\/em><\/p>\n<p>A Universidade Federal dos Vales do Jequitinhonha e Mucuri (UFVJM) informa que, na noite de ontem, dia 13 de outubro, o pr\u00e9dio da Reitoria foi ocupado por discentes da institui\u00e7\u00e3o, numa a\u00e7\u00e3o organizada pelo Diret\u00f3rio Central dos Estudantes (DCE). A principal pauta da manifesta\u00e7\u00e3o \u00e9 protestar contra a PEC 241, num movimento conjunto que envolve grupos como Uni\u00e3o Nacional dos Estudantes, Uni\u00e3o Estadual dos Estudantes, Associa\u00e7\u00e3o de Ex-alunos da UFVJM, entre outros. Segundo a coordena\u00e7\u00e3o do movimento, a ocupa\u00e7\u00e3o \u00e9 por tempo indeterminado.<\/p>\n<p>A Reitoria, desde o primeiro momento, abriu um canal permanente de di\u00e1logo com o comando do movimento. De comum acordo, foram estabelecidas algumas condutas para que a ocupa\u00e7\u00e3o possa ocorrer de maneira pac\u00edfica e organizada, n\u00e3o interferindo no funcionamento da Reitoria e da universidade: a entrada de integrantes do movimento na universidade ser\u00e1 feita das 6 horas \u00e0 meia-noite; pessoas estranhas ao movimento n\u00e3o ter\u00e3o acesso ao pr\u00e9dio; os alunos ser\u00e3o respons\u00e1veis pela limpeza e conserva\u00e7\u00e3o do local; durante a ocupa\u00e7\u00e3o, ser\u00e3o realizadas atividades culturais e educativas.<\/p>\n<p>A Reitoria da UFVJM respeita, compreende e apoia a organiza\u00e7\u00e3o estudantil como um processo educativo, primado no exerc\u00edcio da cidadania e da democracia.<\/p>\n<p><img decoding=\"async\" src=\"http:\/\/aconteceunovale.com.br\/portal\/wp-content\/uploads\/2016\/10\/ocupacao_ufvjm_1.jpg\" alt=\"\" \/><em>Ocupa\u00e7\u00e3o do pr\u00e9dio da reitoria em Diamantina (Foto: Divulga\u00e7\u00e3o\/DCE UFVJM)<\/em><br \/>\n<\/br><\/p>\n<p><strong>Movimento nacional<\/strong><\/p>\n<p>A ocupa\u00e7\u00e3o do pr\u00e9dio da reitoria por estudantes da UFVJM faz parte de um movimento nacional convocado, inicialmente, por estudantes secundaristas, que protestam contra as medidas do governo federal, que limitam os gastos para a Educa\u00e7\u00e3o com a PEC 241 &#8211; aprovada em primeiro turno na C\u00e2mara, al\u00e9m da reforma do Ensino M\u00e9dio, que prev\u00ea a retirada de disciplinas dos curr\u00edculos escolares e, ainda, em defesa da educa\u00e7\u00e3o p\u00fablica.<\/p>\n<p>J\u00e1 s\u00e3o mais de 300 institui\u00e7\u00f5es p\u00fablicas ocupadas em todo o Brasil, entre escolas secundaristas, universidades e institutos federais, nos estados do Paran\u00e1, Rio de Janeiro, Minas Gerais, Rio Grande do Sul, Goi\u00e1s, Distrito Federal, Rio Grande do Norte, Mato Grosso, Pernambuco, Alagoas, Esp\u00edrito Santo, S\u00e3o Paulo, Bahia e Piau\u00ed. <\/p>\n<p><strong>Campus Jana\u00faba<\/strong><\/p>\n<p>De acordo com o DCE da UFVJM, o Campus Jana\u00faba tamb\u00e9m foi ocupado. \u201cHoje, dia 14\/10, a UFVJM Campus Jana\u00faba foi ocupada pelos estudantes e todo servi\u00e7o foi parado por tempo indeterminado. Lutamos contra a PEC 241 e PL 6.840 (Reforma do Ensino M\u00e9dio).\u201d, informou o \u00f3rg\u00e3o estudantil.<\/p>\n<p><img decoding=\"async\" src=\"http:\/\/aconteceunovale.com.br\/portal\/wp-content\/uploads\/2016\/10\/ocupacao_ufvjm_2.jpg\" alt=\"\" \/><em>Ocupa\u00e7\u00e3o do campus da UFVJM em Jana\u00faba (Foto: Divulga\u00e7\u00e3o\/DCE UFVJM)<\/em><br \/>\n<\/br><\/p>\n<p><em>(Com informa\u00e7\u00f5es da Reitoria da UFVJM)<\/em><\/p>\n","protected":false},"excerpt":{"rendered":"<p>Estudantes ocupam UFVJM em defesa da educa\u00e7\u00e3o p\u00fablica A Universidade Federal dos Vales do Jequitinhonha e Mucuri (UFVJM) informa que, na noite de ontem, dia 13 de outubro, o pr\u00e9dio da Reitoria foi ocupado por discentes da institui\u00e7\u00e3o, numa a\u00e7\u00e3o organizada pelo Diret\u00f3rio Central dos Estudantes (DCE). A principal pauta da manifesta\u00e7\u00e3o \u00e9 protestar contra [&hellip;]<\/p>\n","protected":false},"author":1,"featured_media":99187,"comment_status":"open","ping_status":"closed","sticky":false,"template":"","format":"standard","meta":{"amp_status":"","footnotes":""},"categories":[1236,120],"tags":[120646,120647,120645,120644,120651,120650,120649,49130,120648,120652,250],"class_list":["post-99186","post","type-post","status-publish","format-standard","has-post-thumbnail","hentry","category-norte_de_minas","category-jequi","tag-estudantes-ocupam-reitoria-da-ufvjm","tag-estudantes-ocupam-reitoria-da-ufvjm-em-defesa-da-educacao-publica","tag-estudantes-ocupam-ufvjm","tag-estudantes-ocupam-ufvjm-em-defesa-da-educacao-publica","tag-manifestacao-contra-a-pec-241-na-ufvjm","tag-manifestacao-na-ufvjm","tag-protesto-contra-a-pec-241-na-ufvjm","tag-protesto-na-ufvjm","tag-protesto-na-ufvjm-contra-a-pec-241","tag-reitoria-da-ufvjm-divulga-nota-sobre-ocupacao-estudantil","tag-ufvjm"],"_links":{"self":[{"href":"https:\/\/aconteceunovale.com.br\/portal\/index.php?rest_route=\/wp\/v2\/posts\/99186","targetHints":{"allow":["GET"]}}],"collection":[{"href":"https:\/\/aconteceunovale.com.br\/portal\/index.php?rest_route=\/wp\/v2\/posts"}],"about":[{"href":"https:\/\/aconteceunovale.com.br\/portal\/index.php?rest_route=\/wp\/v2\/types\/post"}],"author":[{"embeddable":true,"href":"https:\/\/aconteceunovale.com.br\/portal\/index.php?rest_route=\/wp\/v2\/users\/1"}],"replies":[{"embeddable":true,"href":"https:\/\/aconteceunovale.com.br\/portal\/index.php?rest_route=%2Fwp%2Fv2%2Fcomments&post=99186"}],"version-history":[{"count":0,"href":"https:\/\/aconteceunovale.com.br\/portal\/index.php?rest_route=\/wp\/v2\/posts\/99186\/revisions"}],"wp:featuredmedia":[{"embeddable":true,"href":"https:\/\/aconteceunovale.com.br\/portal\/index.php?rest_route=\/wp\/v2\/media\/99187"}],"wp:attachment":[{"href":"https:\/\/aconteceunovale.com.br\/portal\/index.php?rest_route=%2Fwp%2Fv2%2Fmedia&parent=99186"}],"wp:term":[{"taxonomy":"category","embeddable":true,"href":"https:\/\/aconteceunovale.com.br\/portal\/index.php?rest_route=%2Fwp%2Fv2%2Fcategories&post=99186"},{"taxonomy":"post_tag","embeddable":true,"href":"https:\/\/aconteceunovale.com.br\/portal\/index.php?rest_route=%2Fwp%2Fv2%2Ftags&post=99186"}],"curies":[{"name":"wp","href":"https:\/\/api.w.org\/{rel}","templated":true}]}}