{"id":99183,"date":"2016-10-14T17:16:53","date_gmt":"2016-10-14T20:16:53","guid":{"rendered":"http:\/\/aconteceunovale.com.br\/portal\/?p=99183"},"modified":"2016-10-14T17:16:53","modified_gmt":"2016-10-14T20:16:53","slug":"situacao-do-abastecimento-de-agua-nos-vales-do-jequitinhonha-e-mucuri-motiva-reuniao-na-almg","status":"publish","type":"post","link":"https:\/\/aconteceunovale.com.br\/portal\/?p=99183","title":{"rendered":"Situa\u00e7\u00e3o do abastecimento de \u00e1gua nos Vales do Jequitinhonha e Mucuri motiva reuni\u00e3o na ALMG"},"content":{"rendered":"<p>A Comiss\u00e3o de Sa\u00fade da Assembleia Legislativa de Minas Gerais (ALMG) se re\u00fane nesta quarta-feira (19\/10\/16) para ouvir o diretor-presidente da Copanor, Alonso Reis da Silva, sobre a situa\u00e7\u00e3o do abastecimento de \u00e1gua nos munic\u00edpios dos Vales do Jequitinhonha e do Mucuri. Na reuni\u00e3o, marcada para as 15 horas, no Plenarinho IV, tamb\u00e9m ser\u00e3o discutidos os impactos do servi\u00e7o prestado pela subsidi\u00e1ria da Copasa nas condi\u00e7\u00f5es de sa\u00fade das duas regi\u00f5es.<\/p>\n<p>Segundo o autor do requerimento para a reuni\u00e3o e presidente da comiss\u00e3o, deputado Arlen Santiago (PTB), o impacto da falta de \u00e1gua na sa\u00fade foi o que motivou a realiza\u00e7\u00e3o do encontro. \u201cSabemos que a regi\u00e3o sempre sofreu com sol forte e chuvas escassas, mas h\u00e1 um problema de gest\u00e3o que agrava a crise h\u00eddrica nos Vales do Jequitinhonha e Mucuri. \u00c9 neste \u00e2mbito que contamos com o apoio da Copanor&#8221;, justifica o parlamentar.<\/p>\n<p>Na opini\u00e3o do deputado, medidas emergenciais, como a libera\u00e7\u00e3o de caminh\u00f5es-pipa, s\u00e3o importantes, mas \u00e9 preciso melhorar os atuais sistemas de \u00e1gua e esgoto com bombas d&#8217;\u00e1gua, equipamentos e consertos das redes. &#8220;Tudo isso sem esquecer do meio ambiente e da necessidade de investimentos governamentais para a recupera\u00e7\u00e3o de nascentes&#8221;, defende.<\/p>\n<p>De acordo com ele, a falta de \u00e1gua e, em consequ\u00eancia, o saneamento prec\u00e1rio, contribuem significativamente para o aumento de doen\u00e7as. Segundo dados do Programa das Na\u00e7\u00f5es Unidas para o Desenvolvimento (Pnud), a cada dia, aproximadamente 5 mil crian\u00e7as no mundo morrem devido a doen\u00e7as facilmente evit\u00e1veis, relacionadas com o saneamento prec\u00e1rio e o consumo de \u00e1gua sem qualidade.<\/p>\n<p><strong>Convidados <\/strong>&#8211; Al\u00e9m do diretor-presidente da Copanor, foram convidados para a reuni\u00e3o os secret\u00e1rios de Estado de Sa\u00fade, S\u00e1vio Souza Cruz; e de Planejamento e Gest\u00e3o, Helv\u00e9cio Magalh\u00e3es; e o vice-presidente do Conselho Estadual de Sa\u00fade, Ederson Alves da Silva. (ALMG)<\/p>\n","protected":false},"excerpt":{"rendered":"<p>A Comiss\u00e3o de Sa\u00fade da Assembleia Legislativa de Minas Gerais (ALMG) se re\u00fane nesta quarta-feira (19\/10\/16) para ouvir o diretor-presidente da Copanor, Alonso Reis da Silva, sobre a situa\u00e7\u00e3o do abastecimento de \u00e1gua nos munic\u00edpios dos Vales do Jequitinhonha e do Mucuri. Na reuni\u00e3o, marcada para as 15 horas, no Plenarinho IV, tamb\u00e9m ser\u00e3o discutidos [&hellip;]<\/p>\n","protected":false},"author":1,"featured_media":99184,"comment_status":"open","ping_status":"closed","sticky":false,"template":"","format":"standard","meta":{"amp_status":"","footnotes":""},"categories":[120,122],"tags":[752,48666,24358,46305,38316,974,83310,48665,120642,120641,120643],"class_list":["post-99183","post","type-post","status-publish","format-standard","has-post-thumbnail","hentry","category-jequi","category-mucuri","tag-almg","tag-alonso-reis-da-silva","tag-assembleia-legislativa-de-minas-gerais","tag-comissao-de-saude-da-almg","tag-comissao-de-saude-da-assembleia-legislativa-de-minas-gerais","tag-copanor","tag-deputado-arlen-santiago","tag-diretor-presidente-da-copanor","tag-impactos-do-servico-prestado-pela-subsidiaria-da-copasa-nas-condicoes-de-saude-nos-vales-do-jequitinhonha-e-mucuri","tag-situacao-do-abastecimento-de-agua-nos-municipios-dos-vales-do-jequitinhonha-e-do-mucuri","tag-situacao-do-abastecimento-de-agua-nos-vales-do-jequitinhonha-e-mucuri-motiva-reuniao-na-almg"],"_links":{"self":[{"href":"https:\/\/aconteceunovale.com.br\/portal\/index.php?rest_route=\/wp\/v2\/posts\/99183","targetHints":{"allow":["GET"]}}],"collection":[{"href":"https:\/\/aconteceunovale.com.br\/portal\/index.php?rest_route=\/wp\/v2\/posts"}],"about":[{"href":"https:\/\/aconteceunovale.com.br\/portal\/index.php?rest_route=\/wp\/v2\/types\/post"}],"author":[{"embeddable":true,"href":"https:\/\/aconteceunovale.com.br\/portal\/index.php?rest_route=\/wp\/v2\/users\/1"}],"replies":[{"embeddable":true,"href":"https:\/\/aconteceunovale.com.br\/portal\/index.php?rest_route=%2Fwp%2Fv2%2Fcomments&post=99183"}],"version-history":[{"count":0,"href":"https:\/\/aconteceunovale.com.br\/portal\/index.php?rest_route=\/wp\/v2\/posts\/99183\/revisions"}],"wp:featuredmedia":[{"embeddable":true,"href":"https:\/\/aconteceunovale.com.br\/portal\/index.php?rest_route=\/wp\/v2\/media\/99184"}],"wp:attachment":[{"href":"https:\/\/aconteceunovale.com.br\/portal\/index.php?rest_route=%2Fwp%2Fv2%2Fmedia&parent=99183"}],"wp:term":[{"taxonomy":"category","embeddable":true,"href":"https:\/\/aconteceunovale.com.br\/portal\/index.php?rest_route=%2Fwp%2Fv2%2Fcategories&post=99183"},{"taxonomy":"post_tag","embeddable":true,"href":"https:\/\/aconteceunovale.com.br\/portal\/index.php?rest_route=%2Fwp%2Fv2%2Ftags&post=99183"}],"curies":[{"name":"wp","href":"https:\/\/api.w.org\/{rel}","templated":true}]}}