{"id":99118,"date":"2016-10-13T22:15:27","date_gmt":"2016-10-14T01:15:27","guid":{"rendered":"http:\/\/aconteceunovale.com.br\/portal\/?p=99118"},"modified":"2016-10-13T22:15:27","modified_gmt":"2016-10-14T01:15:27","slug":"ladrao-e-baleado-durante-tentativa-de-assalto-a-acougue-em-montes-claros","status":"publish","type":"post","link":"https:\/\/aconteceunovale.com.br\/portal\/?p=99118","title":{"rendered":"Ladr\u00e3o \u00e9 baleado durante tentativa de assalto a a\u00e7ougue em Montes Claros"},"content":{"rendered":"<p>Um homem foi baleado quando tentava assaltar um a\u00e7ougue no Bairro Edgar Pereira, na noite desta quinta-feira (13\/10\/2016), em Montes Claros, no Norte de Minas. Segundo a Pol\u00edcia Militar (PM), dois indiv\u00edduos invadiram o estabelecimento e anunciaram o roubo, mas foram surpreendidos por um sargento aposentado da PM, que estava no local.<\/p>\n<p>\u201cUm deles entrou no estabelecimento e, ao anunciar o assalto, ele sacou uma garrucha 38. O policial se identificou e mesmo assim o suspeito resistiu. O outro autor entrou e come\u00e7ou a bater no policial com um capacete. Por Isso, ele sacou a arma e efetuou alguns disparos\u201d, explica o sargento M\u00e1rcio Santos.<\/p>\n<p>Um dos envolvidos foi atingido ao tentar fugir em uma motocicleta. O outro fugiu a p\u00e9, mas foi preso a cerca de quatro quil\u00f4metros do local do crime. \u201cAp\u00f3s a fuga, outras viaturas receberam informa\u00e7\u00f5es e come\u00e7aram a monitorar a \u00e1rea. Este envolvido foi preso j\u00e1 no Bairro Renascen\u00e7a\u201d, afirma o sargento.<\/p>\n<p>O dono do a\u00e7ougue conta que trabalha no local h\u00e1 cerca de 30 anos. Esta \u00e9 a quarta vez que o estabelecimento \u00e9 alvo de criminosos neste ano. \u201cSemana passada tentaram assaltar aqui. \u00c9 muito complicado, mas vamos seguindo, correndo o risco\u201d, lamenta.<\/p>\n<p>A PM informou tamb\u00e9m que a motocicleta usada pelos bandidos foi furtada recentemente na cidade. A pol\u00edcia investiga tamb\u00e9m o envolvimento dos criminosos em outro assalto ocorrido na manh\u00e3 desta quinta-feira.<\/p>\n<p>O rapaz ferido foi socorrido pelo Samu e encaminhado a um hospital da cidade. O quadro de sa\u00fade n\u00e3o foi divulgado.<\/p>\n<p><img decoding=\"async\" src=\"http:\/\/aconteceunovale.com.br\/portal\/wp-content\/uploads\/2016\/10\/baleado_moc_1.jpg\" alt=\"\" \/><em>Crime foi no Bairro Edgar Pereira (Foto: Reprodu\u00e7\u00e3o\/WhatsApp)<\/em><br \/>\n<\/br><\/p>\n<p><em>(Fonte: G1 Grande Minas\/Valdivan Veloso)<\/em><\/p>\n","protected":false},"excerpt":{"rendered":"<p>Um homem foi baleado quando tentava assaltar um a\u00e7ougue no Bairro Edgar Pereira, na noite desta quinta-feira (13\/10\/2016), em Montes Claros, no Norte de Minas. Segundo a Pol\u00edcia Militar (PM), dois indiv\u00edduos invadiram o estabelecimento e anunciaram o roubo, mas foram surpreendidos por um sargento aposentado da PM, que estava no local. \u201cUm deles entrou [&hellip;]<\/p>\n","protected":false},"author":1,"featured_media":99119,"comment_status":"open","ping_status":"closed","sticky":false,"template":"","format":"standard","meta":{"amp_status":"","footnotes":""},"categories":[1236],"tags":[120514,9847,120517,120520,77451,120513,120515,120518,120512,120511,210,46966,120516,120519],"class_list":["post-99118","post","type-post","status-publish","format-standard","has-post-thumbnail","hentry","category-norte_de_minas","tag-assaltante-baleado-em-montes-claros","tag-assalto-em-montes-claros","tag-assalto-na-casa-de-carnes-santa-fe","tag-assalto-na-casa-de-carnes-santa-fe-em-montes-claros","tag-baleado-em-montes-claros","tag-bandido-baleado-em-montes-claros","tag-casa-de-carnes-santa-fe","tag-casa-de-carnes-santa-fe-em-montes-claros","tag-ladrao-baleado-em-montes-claros","tag-ladrao-e-baleado-durante-tentativa-de-assalto-a-acougue-em-montes-claros","tag-montes-claros","tag-roubo-em-montes-claros","tag-roubo-na-casa-de-carnes-santa-fe","tag-roubo-na-casa-de-carnes-santa-fe-em-montes-claros"],"_links":{"self":[{"href":"https:\/\/aconteceunovale.com.br\/portal\/index.php?rest_route=\/wp\/v2\/posts\/99118","targetHints":{"allow":["GET"]}}],"collection":[{"href":"https:\/\/aconteceunovale.com.br\/portal\/index.php?rest_route=\/wp\/v2\/posts"}],"about":[{"href":"https:\/\/aconteceunovale.com.br\/portal\/index.php?rest_route=\/wp\/v2\/types\/post"}],"author":[{"embeddable":true,"href":"https:\/\/aconteceunovale.com.br\/portal\/index.php?rest_route=\/wp\/v2\/users\/1"}],"replies":[{"embeddable":true,"href":"https:\/\/aconteceunovale.com.br\/portal\/index.php?rest_route=%2Fwp%2Fv2%2Fcomments&post=99118"}],"version-history":[{"count":0,"href":"https:\/\/aconteceunovale.com.br\/portal\/index.php?rest_route=\/wp\/v2\/posts\/99118\/revisions"}],"wp:featuredmedia":[{"embeddable":true,"href":"https:\/\/aconteceunovale.com.br\/portal\/index.php?rest_route=\/wp\/v2\/media\/99119"}],"wp:attachment":[{"href":"https:\/\/aconteceunovale.com.br\/portal\/index.php?rest_route=%2Fwp%2Fv2%2Fmedia&parent=99118"}],"wp:term":[{"taxonomy":"category","embeddable":true,"href":"https:\/\/aconteceunovale.com.br\/portal\/index.php?rest_route=%2Fwp%2Fv2%2Fcategories&post=99118"},{"taxonomy":"post_tag","embeddable":true,"href":"https:\/\/aconteceunovale.com.br\/portal\/index.php?rest_route=%2Fwp%2Fv2%2Ftags&post=99118"}],"curies":[{"name":"wp","href":"https:\/\/api.w.org\/{rel}","templated":true}]}}