{"id":99113,"date":"2016-10-13T21:43:19","date_gmt":"2016-10-14T00:43:19","guid":{"rendered":"http:\/\/aconteceunovale.com.br\/portal\/?p=99113"},"modified":"2016-10-13T21:43:19","modified_gmt":"2016-10-14T00:43:19","slug":"documentario-sobre-os-artesaos-do-vale-do-jequitinhonha-estreia-nos-cinemas-2","status":"publish","type":"post","link":"https:\/\/aconteceunovale.com.br\/portal\/?p=99113","title":{"rendered":"Document\u00e1rio sobre os artes\u00e3os do Vale do Jequitinhonha estreia nos cinemas"},"content":{"rendered":"<p>O premiado fot\u00f3grafo paulistano Maur\u00edcio Nahas estreia nos cinemas com \u201cDo P\u00f3 da Terra\u201d \u2013 document\u00e1rio rodado em 2013, no Vale do Jequitinhonha, no Nordeste de Minas \u2013 que registra a atividade de ceramistas, suas vidas e sua rela\u00e7\u00e3o com a natureza. O projeto acabou sendo ampliado e complementado por um livro de fotografias, tomadas em 2015, e por uma exposi\u00e7\u00e3o.<\/p>\n<p>Marcado pela pobreza, o Vale do Jequitinhonha \u00e9 o ber\u00e7o de um artesanato em cer\u00e2mica muito particular, realizado a partir da apropria\u00e7\u00e3o de t\u00e9cnicas ind\u00edgenas de modelagem, que desconhecem o uso do torno. Com o decl\u00ednio da agricultura de subsist\u00eancia, que come\u00e7ou a perder espa\u00e7o para a monocultura de eucalipto na d\u00e9cada de 1970, o artesanato em cer\u00e2mica ganhou import\u00e2ncia econ\u00f4mica e cultural na regi\u00e3o.<\/p>\n<p>Nahas, que tem no curr\u00edculo nada menos que sete Le\u00f5es do Festival de Cannes por seu trabalho em publicidade), colhe depoimentos de 12 ceramistas, essencialmente mulheres, que encontraram nessa atividade uma forma de sobreviv\u00eancia e de afirma\u00e7\u00e3o social.<\/p>\n<p>As pe\u00e7as que produzem s\u00e3o muito mais decorativas do que utilit\u00e1rias, combinando refinamento est\u00e9tico e autenticidade. S\u00e3o esculturas policromadas que representam animais, a paisagem, tipos humanos, seres imagin\u00e1rios e atividades cotidianas.<\/p>\n<p><img decoding=\"async\" src=\"http:\/\/aconteceunovale.com.br\/portal\/wp-content\/uploads\/2016\/10\/fotos_nahas_1.jpg\" alt=\"\" \/><em>A ceramista Noemisa Batista dos Santos, uma das primeiras a levar o artesanato do Vale do Jequitinhonha para o exterior (Foto: Maur\u00edcio Nahas\/Divulga\u00e7\u00e3o)<\/em><br \/>\n<\/br><\/p>\n<p><strong>Mulheres<\/strong><\/p>\n<p>Mas o destaque na produ\u00e7\u00e3o s\u00e3o as noivas, geralmente sem par, designando as mulheres que ficam sozinhas depois que os maridos partem para as grandes cidades em busca de trabalho. As noivas s\u00e3o uma cria\u00e7\u00e3o de Izabel Mendes da Cunha (1924-2014), que partiu da forma caracter\u00edstica das moringas de barro ind\u00edgenas para representar a figura feminina.<\/p>\n<p>Primeira artes\u00e3 da regi\u00e3o a ter seu trabalho reconhecido no exterior, Izabel se dedicou durante d\u00e9cadas a transmitir sua arte a dezenas de disc\u00edpulas. Nahas dirige um olhar sens\u00edvel \u2013 mas isento de sentimentalismo \u2013 a essas mulheres fortes e fr\u00e1geis ao mesmo tempo.<\/p>\n<p><img decoding=\"async\" src=\"http:\/\/aconteceunovale.com.br\/portal\/wp-content\/uploads\/2016\/10\/fotos_nahas_2.jpeg\" alt=\"\" \/><em>Document\u00e1rio registra atividade de ceramistas do Jequitinhonha (Foto: Maur\u00edcio Nahas\/Divulga\u00e7\u00e3o)<\/em><br \/>\n<\/br><\/p>\n<p><img decoding=\"async\" src=\"http:\/\/aconteceunovale.com.br\/portal\/wp-content\/uploads\/2016\/10\/fotos_nahas_4.jpeg\" alt=\"\" \/><em>Document\u00e1rio registra atividade de ceramistas do Jequitinhonha (Foto: Maur\u00edcio Nahas\/Divulga\u00e7\u00e3o)<\/em><br \/>\n<\/br><\/p>\n<p><img decoding=\"async\" src=\"http:\/\/aconteceunovale.com.br\/portal\/wp-content\/uploads\/2016\/10\/fotos_nahas_5.jpeg\" alt=\"\" \/><em>Document\u00e1rio registra atividade de ceramistas do Jequitinhonha (Foto: Maur\u00edcio Nahas\/Divulga\u00e7\u00e3o)<\/em><br \/>\n<\/br><\/p>\n<p><img decoding=\"async\" src=\"http:\/\/aconteceunovale.com.br\/portal\/wp-content\/uploads\/2016\/10\/fotos_nahas_6.jpeg\" alt=\"\" \/><em>Document\u00e1rio registra atividade de ceramistas do Jequitinhonha (Foto: Maur\u00edcio Nahas\/Divulga\u00e7\u00e3o)<\/em><br \/>\n<\/br><\/p>\n<p><em>(Fonte: O Tempo)<\/em><\/p>\n","protected":false},"excerpt":{"rendered":"<p>O premiado fot\u00f3grafo paulistano Maur\u00edcio Nahas estreia nos cinemas com \u201cDo P\u00f3 da Terra\u201d \u2013 document\u00e1rio rodado em 2013, no Vale do Jequitinhonha, no Nordeste de Minas \u2013 que registra a atividade de ceramistas, suas vidas e sua rela\u00e7\u00e3o com a natureza. O projeto acabou sendo ampliado e complementado por um livro de fotografias, tomadas [&hellip;]<\/p>\n","protected":false},"author":1,"featured_media":99105,"comment_status":"open","ping_status":"closed","sticky":false,"template":"","format":"standard","meta":{"amp_status":"","footnotes":""},"categories":[6,120],"tags":[120501,120498,120503,1018,120491,120493,120494,120499,120495,120504,120492,120497,120500,120496,120489,120488,21254,120490,120502,28048,120487,133],"class_list":["post-99113","post","type-post","status-publish","format-standard","has-post-thumbnail","hentry","category-br","category-jequi","tag-artesa-izabel-mendes-da-cunha","tag-atividade-de-ceramistas","tag-bonecas-de-izabel-mendes-da-cunha","tag-destaque","tag-do-po-da-terra","tag-documentario-do-po-da-terra","tag-documentario-rodado-no-vale-do-jequitinhonha","tag-documentario-sobre-atividade-de-ceramistas","tag-documentario-sobre-o-vale-do-jequitinhonha","tag-documentario-sobre-os-artesaos-do-vale-do-jequitinhonha-estreia-nos-cinemas","tag-filme-do-po-da-terra","tag-filme-rodado-no-vale-do-jequitinhonha","tag-filme-sobre-atividade-de-ceramistas","tag-filme-sobre-o-vale-do-jequitinhonha","tag-fotografo-mauricio-nahas","tag-fotografo-paulistano-mauricio-nahas","tag-izabel-mendes-da-cunha","tag-mauricio-nahas","tag-mestra-izabel-mendes-da-cunha","tag-noemisa-batista-dos-santos","tag-premiado-fotografo-paulistano-mauricio-nahas","tag-vale-do-jequitinhonha"],"_links":{"self":[{"href":"https:\/\/aconteceunovale.com.br\/portal\/index.php?rest_route=\/wp\/v2\/posts\/99113","targetHints":{"allow":["GET"]}}],"collection":[{"href":"https:\/\/aconteceunovale.com.br\/portal\/index.php?rest_route=\/wp\/v2\/posts"}],"about":[{"href":"https:\/\/aconteceunovale.com.br\/portal\/index.php?rest_route=\/wp\/v2\/types\/post"}],"author":[{"embeddable":true,"href":"https:\/\/aconteceunovale.com.br\/portal\/index.php?rest_route=\/wp\/v2\/users\/1"}],"replies":[{"embeddable":true,"href":"https:\/\/aconteceunovale.com.br\/portal\/index.php?rest_route=%2Fwp%2Fv2%2Fcomments&post=99113"}],"version-history":[{"count":0,"href":"https:\/\/aconteceunovale.com.br\/portal\/index.php?rest_route=\/wp\/v2\/posts\/99113\/revisions"}],"wp:featuredmedia":[{"embeddable":true,"href":"https:\/\/aconteceunovale.com.br\/portal\/index.php?rest_route=\/wp\/v2\/media\/99105"}],"wp:attachment":[{"href":"https:\/\/aconteceunovale.com.br\/portal\/index.php?rest_route=%2Fwp%2Fv2%2Fmedia&parent=99113"}],"wp:term":[{"taxonomy":"category","embeddable":true,"href":"https:\/\/aconteceunovale.com.br\/portal\/index.php?rest_route=%2Fwp%2Fv2%2Fcategories&post=99113"},{"taxonomy":"post_tag","embeddable":true,"href":"https:\/\/aconteceunovale.com.br\/portal\/index.php?rest_route=%2Fwp%2Fv2%2Ftags&post=99113"}],"curies":[{"name":"wp","href":"https:\/\/api.w.org\/{rel}","templated":true}]}}