{"id":99101,"date":"2016-10-13T21:17:47","date_gmt":"2016-10-14T00:17:47","guid":{"rendered":"http:\/\/aconteceunovale.com.br\/portal\/?p=99101"},"modified":"2016-10-13T21:17:47","modified_gmt":"2016-10-14T00:17:47","slug":"idoso-e-preso-com-armas-apos-ameacar-funcionaria-de-restaurante-em-montes-claros","status":"publish","type":"post","link":"https:\/\/aconteceunovale.com.br\/portal\/?p=99101","title":{"rendered":"Idoso \u00e9 preso com armas ap\u00f3s amea\u00e7ar funcion\u00e1ria de restaurante em Montes Claros"},"content":{"rendered":"<p>Um homem de 63 anos foi detido com uma espingarda, punhais e fac\u00f5es em Montes Claros nessa quarta-feira (12\/10\/2016). A pris\u00e3o ocorreu depois que uma funcion\u00e1ria de um restaurante afirmou ter sido amea\u00e7ada por ele. No momento da abordagem, os policiais apreenderam um fac\u00e3o, um canivete e uma soqueira.<\/p>\n<p>Segundo as informa\u00e7\u00f5es da Pol\u00edcia Militar, horas antes do crime, a PM recebeu den\u00fancias de que o homem estaria atirando contra uma casa no Bairro Village do Lago. Na casa dele foram encontrados ainda uma espingarda, muni\u00e7\u00e3o, fac\u00f5es e punhais. Ele foi levado para a delegacia junto com o material apreendido.<\/p>\n<p>Em outra ocorr\u00eancia, a PM fez ainda fez uma apreens\u00e3o de duas espingardas no Bairro Village do Lago II. Depois de den\u00fancias, uma equipe foi at\u00e9 uma casa abandonada na Rua Ismael Belarmino. Segundo as informa\u00e7\u00f5es, o im\u00f3vel era usado por pessoas envolvidas com crimes. As armas foram levadas para a delegacia.<\/p>\n<p><img decoding=\"async\" src=\"http:\/\/aconteceunovale.com.br\/portal\/wp-content\/uploads\/2016\/10\/armas_moc.jpg\" alt=\"\" \/><em>Homem foi preso com arma, fac\u00f5es e punhais (Foto: Pol\u00edcia Militar\/Divulga\u00e7\u00e3o)<\/em><br \/>\n<\/br><\/p>\n<p><em>(G1 Grande Minas)<\/em><\/p>\n","protected":false},"excerpt":{"rendered":"<p>Um homem de 63 anos foi detido com uma espingarda, punhais e fac\u00f5es em Montes Claros nessa quarta-feira (12\/10\/2016). A pris\u00e3o ocorreu depois que uma funcion\u00e1ria de um restaurante afirmou ter sido amea\u00e7ada por ele. No momento da abordagem, os policiais apreenderam um fac\u00e3o, um canivete e uma soqueira. Segundo as informa\u00e7\u00f5es da Pol\u00edcia Militar, [&hellip;]<\/p>\n","protected":false},"author":1,"featured_media":99102,"comment_status":"open","ping_status":"closed","sticky":false,"template":"","format":"standard","meta":{"amp_status":"","footnotes":""},"categories":[1236],"tags":[120485,120481,120486,120482,120484,210,66614,120483],"class_list":["post-99101","post","type-post","status-publish","format-standard","has-post-thumbnail","hentry","category-norte_de_minas","tag-funcionaria-de-restaurante-ameacada-em-montes-claros","tag-idoso-de-63-anos-e-preso-com-armas-apos-ameacar-funcionaria-de-restaurante-em-montes-claros","tag-idoso-e-preso-com-armas-apos-ameacar-funcionaria-de-restaurante-em-montes-claros","tag-idoso-preso-em-montes-claros","tag-idoso-preso-por-ameaca-em-montes-claros","tag-montes-claros","tag-preso-em-montes-claros","tag-prisao-de-idoso-em-montes-claros"],"_links":{"self":[{"href":"https:\/\/aconteceunovale.com.br\/portal\/index.php?rest_route=\/wp\/v2\/posts\/99101","targetHints":{"allow":["GET"]}}],"collection":[{"href":"https:\/\/aconteceunovale.com.br\/portal\/index.php?rest_route=\/wp\/v2\/posts"}],"about":[{"href":"https:\/\/aconteceunovale.com.br\/portal\/index.php?rest_route=\/wp\/v2\/types\/post"}],"author":[{"embeddable":true,"href":"https:\/\/aconteceunovale.com.br\/portal\/index.php?rest_route=\/wp\/v2\/users\/1"}],"replies":[{"embeddable":true,"href":"https:\/\/aconteceunovale.com.br\/portal\/index.php?rest_route=%2Fwp%2Fv2%2Fcomments&post=99101"}],"version-history":[{"count":0,"href":"https:\/\/aconteceunovale.com.br\/portal\/index.php?rest_route=\/wp\/v2\/posts\/99101\/revisions"}],"wp:featuredmedia":[{"embeddable":true,"href":"https:\/\/aconteceunovale.com.br\/portal\/index.php?rest_route=\/wp\/v2\/media\/99102"}],"wp:attachment":[{"href":"https:\/\/aconteceunovale.com.br\/portal\/index.php?rest_route=%2Fwp%2Fv2%2Fmedia&parent=99101"}],"wp:term":[{"taxonomy":"category","embeddable":true,"href":"https:\/\/aconteceunovale.com.br\/portal\/index.php?rest_route=%2Fwp%2Fv2%2Fcategories&post=99101"},{"taxonomy":"post_tag","embeddable":true,"href":"https:\/\/aconteceunovale.com.br\/portal\/index.php?rest_route=%2Fwp%2Fv2%2Ftags&post=99101"}],"curies":[{"name":"wp","href":"https:\/\/api.w.org\/{rel}","templated":true}]}}