{"id":99094,"date":"2016-10-13T21:05:11","date_gmt":"2016-10-14T00:05:11","guid":{"rendered":"http:\/\/aconteceunovale.com.br\/portal\/?p=99094"},"modified":"2016-10-13T21:05:11","modified_gmt":"2016-10-14T00:05:11","slug":"seis-pessoas-sao-detidas-por-trafico-de-drogas-em-montes-claros-janauba-e-pirapora","status":"publish","type":"post","link":"https:\/\/aconteceunovale.com.br\/portal\/?p=99094","title":{"rendered":"Seis pessoas s\u00e3o detidas por tr\u00e1fico de drogas em Montes Claros, Jana\u00faba e Pirapora"},"content":{"rendered":"<p>Um adolescente de 13 anos foi apreendido na manh\u00e3 desta quinta-feira (13\/10\/2016) suspeito de tr\u00e1fico de drogas em Montes Claros, no Norte de Minas. Militares faziam patrulhamento de rotina quando avistaram o menor saindo de um matagal em atitude suspeita, na Avenida Jorge Whashigton Santos Dummont, no Bairro Santos Dumont.<\/p>\n<p>Durante a abordagem, os militares encontraram uma bucha de maconha com o adolescente. Eles fizeram buscas no matagal e encontraram ainda 93 papelotes de coca\u00edna, mais 10 buchas e quatro tabletes maiores de maconha, duas pedras de crack, tr\u00eas muni\u00e7\u00f5es e ainda um rev\u00f3lver calibre 32.<\/p>\n<p>Segundo o sargento Eduardo Ramos Veloso, o menor afirmou que j\u00e1 foi apreendido outras duas vezes. \u201cN\u00e3o consta em nossos registros, mas ele diz que j\u00e1 foi detido por tr\u00e1fico de drogas e porte de arma de fogo. Estas apreens\u00f5es de menores tem se tornado recorrentes porque os infratores maiores utilizam destes menores. Haja visto que nossas leis geram penas mais brandas aos menores infratores\u201d, explica o sargento.<\/p>\n<p>O menor e o material apreendidos foram levados para a delegacia de plant\u00e3o da cidade.<\/p>\n<p><img decoding=\"async\" src=\"http:\/\/aconteceunovale.com.br\/portal\/wp-content\/uploads\/2016\/10\/arma_santos_dumont_moc.jpg\" alt=\"\" \/><em>Arma estava escondida em um matagal (Foto: Valdivan Veloso\/G1)<\/em><br \/>\n<\/br><\/p>\n<h3><strong>Presos com coca\u00edna e maconha em Montes Claros<\/strong><\/h3>\n<p>Dois homens, de 21 e 49 anos, foram presos na tarde de quarta-feira (12\/10\/2016) suspeitos de tr\u00e1fico de drogas em Montes Claros. De acordo com a Pol\u00edcia Militar, durante patrulhamento, policiais perceberam quando um deles entregou uma pedra de crack ao outro, pr\u00f3ximo a um lote vago na Rua Ant\u00f4nio Olinto, no Bairro Confer\u00eancia Cristo Rey.<\/p>\n<p>Os militares abordaram os dois e encontraram com eles mais R$ 69. Eles pediram apoio da Roca (Rondas Ostensivas com C\u00e3es), que localizou ainda 18 papelotes de coca\u00edna, 29 buchas e dois tabletes de maconha, al\u00e9m de muni\u00e7\u00f5es nove mil\u00edmetros. Os dois presos foram levados com os materiais apreendidos para a Delegacia de Plant\u00e3o.<\/p>\n<p><img decoding=\"async\" src=\"http:\/\/aconteceunovale.com.br\/portal\/wp-content\/uploads\/2016\/10\/drogas_cristo_rey.jpg\" alt=\"\" \/><em>C\u00e3es encontraram droga em um lote (Foto: Pol\u00edcia Militar\/Divulga\u00e7\u00e3o)<\/em><br \/>\n<\/br><\/p>\n<h3><strong>Autor de homic\u00eddio tentado \u00e9 preso com drogas<\/strong><\/h3>\n<p>A Pol\u00edcia Militar prendeu no in\u00edcio da noite desta ter\u00e7a-feira (11\/10\/2016) um rapaz suspeito de tentativa de homic\u00eddio em Montes Claros. Com ele foram encontradas 204 papelotes de coca\u00edna, 175 pedras de crack e dinheiro.<\/p>\n<p>De acordo com a PM, o crime foi na madrugada do dia 10, em um bar no Bairro Vera Cruz. Um homem, de 40 anos, afirmou que estava em seu bar consumindo bebidas alco\u00f3licas com dois jovens. Um dos rapazes, segundo a vers\u00e3o da v\u00edtima, entregou a arma para que o outro atirasse. O tiro pegou de rasp\u00e3o na cabe\u00e7a da v\u00edtima.<\/p>\n<p>Ele afirmou tamb\u00e9m que o autor do tiro e o mandante eram clientes do bar e foram impedidos de comercializar drogas no local. Este seria o prov\u00e1vel motivo da tentativa de homic\u00eddio.<\/p>\n<p>Durante patrulhamento nesta ter\u00e7a-feira, militares localizaram o autor do disparo na Rua Nova Europa, tamb\u00e9m no Bairro Vera Cruz. A m\u00e3e do suspeito, de 18 anos, autorizou que os militares fizessem buscas no im\u00f3vel; a droga foi encontrada no quarto do autor.<\/p>\n<p>Questionado, ele alegou que manuseava a arma quando ela disparou. Ele foi levado para a delegacia da cidade.<\/p>\n<p><img decoding=\"async\" src=\"http:\/\/aconteceunovale.com.br\/portal\/wp-content\/uploads\/2016\/10\/preso_moc.jpg\" alt=\"\" \/><em>Material foi levado para a delegacia junto ao suspeito (Foto: Pol\u00edcia Militar\/Divulga\u00e7\u00e3o)<\/em><br \/>\n<\/br><\/p>\n<h3><strong>PM apreende 3,5 quilos de drogas em Jana\u00faba<\/strong><\/h3>\n<p>A Pol\u00edcia Militar apreendeu dois quilos de crack e mais de 1,5 quilo de maconha dentro de um carro no Bairro Dente Grande, em Jana\u00faba, nesta quinta-feira (13\/10\/2016). Militares faziam uma opera\u00e7\u00e3o quando encontraram o autom\u00f3vel na Rua Teodoro Jos\u00e9 Serafim, pessoas que n\u00e3o quiseram se identificar informaram que um homem estava no ve\u00edculo e portava uma arma, mas ele n\u00e3o foi encontrado no local.<\/p>\n<p>Os policiais ainda apreenderam duas balan\u00e7as, um celular e um rel\u00f3gio. O carro foi apreendido e removido para um p\u00e1tio. Foram feitas buscas na regi\u00e3o onde o autom\u00f3vel estava, por\u00e9m nada foi encontrado. O caso foi levado para a Pol\u00edcia Civil.<\/p>\n<p><img decoding=\"async\" src=\"http:\/\/aconteceunovale.com.br\/portal\/wp-content\/uploads\/2016\/10\/drogas_janauba.jpg\" alt=\"\" \/><em>Drogas apreendidas dentro de carro em Jana\u00faba (Foto: Pol\u00edcia Militar\/Divulga\u00e7\u00e3o)<\/em><br \/>\n<\/br><\/p>\n<h3><strong>Presos com pedras de crack e R$ 477 em Pirapora<\/strong><\/h3>\n<p>Dois homens, de 30 e 18 anos, foram presos com drogas no Bairro Santos Dumont, em Pirapora, nessa quarta-feira (12\/10\/2016). Uma equipe da Pol\u00edcia Militar fazia patrulhamento pela regi\u00e3o depois de receber den\u00fancias de que uma casa na Rua Pedro Gomes da Costa estava sendo usada por traficantes.<\/p>\n<p>Ao perceber a chegada da PM, os dois tentaram fugir e arremessaram uma sacola com 10 pedras de crack e R$ 532 para um im\u00f3vel vizinho. Eles foram alcan\u00e7ados e apontaram para os policiais onde estavam enterradas mais 65 por\u00e7\u00f5es da mesma droga.<\/p>\n<p>Os dois homens presos foram levados para a delegacia junto com os materiais apreendidos.<\/p>\n<p><img decoding=\"async\" src=\"http:\/\/aconteceunovale.com.br\/portal\/wp-content\/uploads\/2016\/10\/drogas_pirapora.jpg\" alt=\"\" \/><em>Dinheiro e pedras de crack apreendidas com os homens (Foto: Pol\u00edcia Militar\/Divulga\u00e7\u00e3o)<\/em><br \/>\n<\/br><\/p>\n<p><em>(Fonte: G1 Grande Minas)<\/em><\/p>\n","protected":false},"excerpt":{"rendered":"<p>Um adolescente de 13 anos foi apreendido na manh\u00e3 desta quinta-feira (13\/10\/2016) suspeito de tr\u00e1fico de drogas em Montes Claros, no Norte de Minas. Militares faziam patrulhamento de rotina quando avistaram o menor saindo de um matagal em atitude suspeita, na Avenida Jorge Whashigton Santos Dummont, no Bairro Santos Dumont. Durante a abordagem, os militares [&hellip;]<\/p>\n","protected":false},"author":1,"featured_media":99099,"comment_status":"open","ping_status":"closed","sticky":false,"template":"","format":"standard","meta":{"amp_status":"","footnotes":""},"categories":[1236],"tags":[120467,119568,84150,107210,120473,120469,120477,120475,81953,120478,204,210,254,120464,120463,120479,120470,120466,120476,120161,120468,120480,120472,120474,2549,107211,120471,120465],"class_list":["post-99094","post","type-post","status-publish","format-standard","has-post-thumbnail","hentry","category-norte_de_minas","tag-adolescente-de-13-anos-e-detido-com-arma-e-drogas-em-montes-claros","tag-apreensao-de-drogas-em-janauba","tag-apreensao-de-drogas-em-montes-claros","tag-apreensao-de-drogas-em-pirapora","tag-autor-de-homicidio-tentado-e-preso-com-drogas-em-montes-claros","tag-bairro-conferencia-cristo-rey","tag-dois-homens-sao-presos-com-pedras-de-crack-e-r-477-em-pirapora","tag-drogas-apreendidas-em-janauba","tag-drogas-apreendidas-em-montes-claros","tag-drogas-apreendidas-em-pirapora","tag-janauba","tag-montes-claros","tag-pirapora","tag-pontos-de-trafico-de-drogas-em-montes-claros","tag-preso-com-drogas-em-montes-claros","tag-preso-com-drogas-em-pirapora","tag-preso-no-bairro-conferencia-cristo-rey-em-montes-claros","tag-preso-no-bairro-santos-dumont-em-montes-claros","tag-preso-por-trafico-de-drogas-em-janauba","tag-preso-por-trafico-de-drogas-em-montes-claros","tag-presos-com-cocaina-e-maconha-em-montes-claros","tag-seis-pessoas-sao-detidas-por-trafico-de-drogas-em-montes-claros-janauba-e-pirapora","tag-suspeito-de-tentativa-de-homicidio-e-preso-com-drogas-em-montes-claros","tag-trafico-de-drogas-em-janauba","tag-trafico-de-drogas-em-montes-claros","tag-trafico-de-drogas-em-pirapora","tag-trafico-de-drogas-no-bairro-conferencia-cristo-rey-em-montes-claros","tag-trafico-de-drogas-no-bairro-santos-dumont-em-montes-claros"],"_links":{"self":[{"href":"https:\/\/aconteceunovale.com.br\/portal\/index.php?rest_route=\/wp\/v2\/posts\/99094","targetHints":{"allow":["GET"]}}],"collection":[{"href":"https:\/\/aconteceunovale.com.br\/portal\/index.php?rest_route=\/wp\/v2\/posts"}],"about":[{"href":"https:\/\/aconteceunovale.com.br\/portal\/index.php?rest_route=\/wp\/v2\/types\/post"}],"author":[{"embeddable":true,"href":"https:\/\/aconteceunovale.com.br\/portal\/index.php?rest_route=\/wp\/v2\/users\/1"}],"replies":[{"embeddable":true,"href":"https:\/\/aconteceunovale.com.br\/portal\/index.php?rest_route=%2Fwp%2Fv2%2Fcomments&post=99094"}],"version-history":[{"count":0,"href":"https:\/\/aconteceunovale.com.br\/portal\/index.php?rest_route=\/wp\/v2\/posts\/99094\/revisions"}],"wp:featuredmedia":[{"embeddable":true,"href":"https:\/\/aconteceunovale.com.br\/portal\/index.php?rest_route=\/wp\/v2\/media\/99099"}],"wp:attachment":[{"href":"https:\/\/aconteceunovale.com.br\/portal\/index.php?rest_route=%2Fwp%2Fv2%2Fmedia&parent=99094"}],"wp:term":[{"taxonomy":"category","embeddable":true,"href":"https:\/\/aconteceunovale.com.br\/portal\/index.php?rest_route=%2Fwp%2Fv2%2Fcategories&post=99094"},{"taxonomy":"post_tag","embeddable":true,"href":"https:\/\/aconteceunovale.com.br\/portal\/index.php?rest_route=%2Fwp%2Fv2%2Ftags&post=99094"}],"curies":[{"name":"wp","href":"https:\/\/api.w.org\/{rel}","templated":true}]}}