{"id":99088,"date":"2016-10-13T20:35:18","date_gmt":"2016-10-13T23:35:18","guid":{"rendered":"http:\/\/aconteceunovale.com.br\/portal\/?p=99088"},"modified":"2016-10-13T20:35:18","modified_gmt":"2016-10-13T23:35:18","slug":"dois-jovens-sao-detidos-apos-assalto-a-loja-de-confeccoes-em-aracuai","status":"publish","type":"post","link":"https:\/\/aconteceunovale.com.br\/portal\/?p=99088","title":{"rendered":"Dois jovens s\u00e3o detidos ap\u00f3s assalto a loja de confec\u00e7\u00f5es em Ara\u00e7ua\u00ed"},"content":{"rendered":"<p>A Pol\u00edcia Militar de Ara\u00e7ua\u00ed apreendeu um menor de 17 anos e prendeu um jovem, de 18, ap\u00f3s assalto a uma loja de confec\u00e7\u00f5es, na manh\u00e3 desta quinta-feira (13\/10\/2016). Segundo a PM, a dupla chegou ao local, no Centro, anunciou o assalto e levou certa quantia em dinheiro, telefones celulares e v\u00e1rias pe\u00e7as de roupas, que estavam \u00e0 venda no estabelecimento.<\/p>\n<p>Um dos jovens estava armado com uma faca e chegou a amea\u00e7ar um homem de 60 anos, exigindo que ele pegasse todo o dinheiro. Na gaveta do caixa havia somente uma pequena quantidade em dinheiro. Os autores recolheram ent\u00e3o v\u00e1rias pe\u00e7as expostas na vitrine da loja, al\u00e9m de um rel\u00f3gio e dois celulares.<\/p>\n<p>A dupla fugiu sentido a um matagal, \u00e0s margens do Rio Ara\u00e7ua\u00ed. A PM foi acionada e durante rastreamento localizou os autores, que estavam de posse de todo o material roubado. Os dois envolvidos confessaram a autoria do crime e foram encaminhados, com o material apreendido, para a delegacia da cidade.<\/p>\n<p><img decoding=\"async\" src=\"http:\/\/aconteceunovale.com.br\/portal\/wp-content\/uploads\/2016\/10\/assalto_ara.jpg\" alt=\"\" \/><em>Pe\u00e7as de roupas foram recuperadas pela Pol\u00edcia Militar (Foto: Pol\u00edcia Militar\/Divulga\u00e7\u00e3o)<\/em><br \/>\n<\/br><\/p>\n<p>(G1 Grande Minas)<\/p>\n","protected":false},"excerpt":{"rendered":"<p>A Pol\u00edcia Militar de Ara\u00e7ua\u00ed apreendeu um menor de 17 anos e prendeu um jovem, de 18, ap\u00f3s assalto a uma loja de confec\u00e7\u00f5es, na manh\u00e3 desta quinta-feira (13\/10\/2016). Segundo a PM, a dupla chegou ao local, no Centro, anunciou o assalto e levou certa quantia em dinheiro, telefones celulares e v\u00e1rias pe\u00e7as de roupas, [&hellip;]<\/p>\n","protected":false},"author":1,"featured_media":99089,"comment_status":"open","ping_status":"closed","sticky":false,"template":"","format":"standard","meta":{"amp_status":"","footnotes":""},"categories":[120],"tags":[186,73508,120453,120454,120456,73507,120455,81075],"class_list":["post-99088","post","type-post","status-publish","format-standard","has-post-thumbnail","hentry","category-jequi","tag-aracuai","tag-assalto-aracuai","tag-dois-jovens-sao-detidos-apos-assalto-a-loja-de-confeccoes-em-aracuai","tag-loja-assaltada-em-aracuai","tag-loja-roubada-em-aracuai","tag-roubo-aracuai","tag-roubo-em-loja-de-aracuai","tag-violencia-aracuai"],"_links":{"self":[{"href":"https:\/\/aconteceunovale.com.br\/portal\/index.php?rest_route=\/wp\/v2\/posts\/99088","targetHints":{"allow":["GET"]}}],"collection":[{"href":"https:\/\/aconteceunovale.com.br\/portal\/index.php?rest_route=\/wp\/v2\/posts"}],"about":[{"href":"https:\/\/aconteceunovale.com.br\/portal\/index.php?rest_route=\/wp\/v2\/types\/post"}],"author":[{"embeddable":true,"href":"https:\/\/aconteceunovale.com.br\/portal\/index.php?rest_route=\/wp\/v2\/users\/1"}],"replies":[{"embeddable":true,"href":"https:\/\/aconteceunovale.com.br\/portal\/index.php?rest_route=%2Fwp%2Fv2%2Fcomments&post=99088"}],"version-history":[{"count":0,"href":"https:\/\/aconteceunovale.com.br\/portal\/index.php?rest_route=\/wp\/v2\/posts\/99088\/revisions"}],"wp:featuredmedia":[{"embeddable":true,"href":"https:\/\/aconteceunovale.com.br\/portal\/index.php?rest_route=\/wp\/v2\/media\/99089"}],"wp:attachment":[{"href":"https:\/\/aconteceunovale.com.br\/portal\/index.php?rest_route=%2Fwp%2Fv2%2Fmedia&parent=99088"}],"wp:term":[{"taxonomy":"category","embeddable":true,"href":"https:\/\/aconteceunovale.com.br\/portal\/index.php?rest_route=%2Fwp%2Fv2%2Fcategories&post=99088"},{"taxonomy":"post_tag","embeddable":true,"href":"https:\/\/aconteceunovale.com.br\/portal\/index.php?rest_route=%2Fwp%2Fv2%2Ftags&post=99088"}],"curies":[{"name":"wp","href":"https:\/\/api.w.org\/{rel}","templated":true}]}}