{"id":99085,"date":"2016-10-13T20:26:41","date_gmt":"2016-10-13T23:26:41","guid":{"rendered":"http:\/\/aconteceunovale.com.br\/portal\/?p=99085"},"modified":"2016-10-13T20:26:41","modified_gmt":"2016-10-13T23:26:41","slug":"pastor-e-preso-suspeito-de-estuprar-crianca-de-cinco-anos-em-igreja-de-montes-claros","status":"publish","type":"post","link":"https:\/\/aconteceunovale.com.br\/portal\/?p=99085","title":{"rendered":"Pastor \u00e9 preso suspeito de estuprar crian\u00e7a de cinco anos em igreja de Montes Claros"},"content":{"rendered":"<p>Um pastor de uma igreja evang\u00e9lica foi preso na tarde desta quinta-feira (13\/10\/2016) suspeito de estuprar uma crian\u00e7a de cinco anos em Montes Claros, no Norte de Minas. A Pol\u00edcia Civil afirma que ele dava aulas de ingl\u00eas na sede da pr\u00f3pria igreja, no Bairro Roxo Verde, onde os abusos aconteceram.<\/p>\n<p>O inqu\u00e9rito foi instaurado no dia seis de setembro deste ano, ap\u00f3s os pais denunciarem o caso. Eles relataram que desconfiaram da pr\u00e1tica criminosa quando a crian\u00e7a se mostrava resistente em frequentar as aulas na igreja. \u201cEla dizia que n\u00e3o queria ir porque o Tio Jo\u00e3o fazia bobagem com ela\u201d, diz um investigador.<\/p>\n<p>Jo\u00e3o da Silva era o segundo pastor da institui\u00e7\u00e3o religiosa e foi expulso ap\u00f3s confessar a pr\u00e1tica ao pastor respons\u00e1vel pela igreja. Por telefone ele confessou tamb\u00e9m para o pai da v\u00edtima, de acordo com os investigadores.<\/p>\n<p>A pris\u00e3o tempor\u00e1ria foi pedida ap\u00f3s o investigado informar endere\u00e7o errado para a pol\u00edcia. Ele foi preso na casa de uma irm\u00e3. O advogado do suspeito, Pedro Barnab\u00e9 Carlos, diz que n\u00e3o concorda com a pris\u00e3o do cliente, pois n\u00e3o existem elementos que comprovem o crime. \u201cN\u00e3o concordo porque ele esteve sempre na cidade, conforme foi reivindicado pela pr\u00f3pria delegada. Ela solicitou que se ele fosse sair da cidade, avisasse, mas n\u00e3o foi impedido de transitar\u201d, explica.<\/p>\n<p>A Pol\u00edcia Civil marcou uma entrevista coletiva para a manh\u00e3 desta sexta-feira (14) para dar detalhes sobre a pris\u00e3o.<\/p>\n<p><img decoding=\"async\" src=\"http:\/\/aconteceunovale.com.br\/portal\/wp-content\/uploads\/2016\/10\/pastor_preso_moc.jpg\" alt=\"\" \/><em>Pastor dava aulas de ingl\u00eas na institui\u00e7\u00e3o religiosa (Foto: Reprodu\u00e7\u00e3o\/WhatsApp)<\/em><br \/>\n<\/br><\/p>\n<p><em>(Fonte: G1 Grande Minas\/Valdivan Veloso)<\/em><\/p>\n","protected":false},"excerpt":{"rendered":"<p>Um pastor de uma igreja evang\u00e9lica foi preso na tarde desta quinta-feira (13\/10\/2016) suspeito de estuprar uma crian\u00e7a de cinco anos em Montes Claros, no Norte de Minas. A Pol\u00edcia Civil afirma que ele dava aulas de ingl\u00eas na sede da pr\u00f3pria igreja, no Bairro Roxo Verde, onde os abusos aconteceram. O inqu\u00e9rito foi instaurado [&hellip;]<\/p>\n","protected":false},"author":1,"featured_media":99086,"comment_status":"open","ping_status":"closed","sticky":false,"template":"","format":"standard","meta":{"amp_status":"","footnotes":""},"categories":[1236],"tags":[120445,120444,1018,56123,120452,210,120441,120443,120446,120450,120448,120451,120449,120442,120447],"class_list":["post-99085","post","type-post","status-publish","format-standard","has-post-thumbnail","hentry","category-norte_de_minas","tag-crianca-estuprada-em-montes-claros","tag-crianca-estuprada-por-pastor-em-montes-claros","tag-destaque","tag-estuprador-montes-claros","tag-joao-da-silva","tag-montes-claros","tag-pastor-e-preso-suspeito-de-estuprar-crianca-de-cinco-anos-em-igreja-de-montes-claros","tag-pastor-estuprador-de-montes-claros","tag-pastor-joao-da-silva","tag-pastor-joao-da-silva-e-preso-por-estuprar-crianca-de-cinco-anos","tag-pastor-joao-da-silva-e-preso-por-estupro","tag-pastor-joao-da-silva-e-preso-por-estupro-em-montes-claros","tag-pastor-joao-da-silva-e-suspeito-de-estupro","tag-pastor-preso-por-estupro-em-montes-claros","tag-prisao-do-pastor-joao-da-silva"],"_links":{"self":[{"href":"https:\/\/aconteceunovale.com.br\/portal\/index.php?rest_route=\/wp\/v2\/posts\/99085","targetHints":{"allow":["GET"]}}],"collection":[{"href":"https:\/\/aconteceunovale.com.br\/portal\/index.php?rest_route=\/wp\/v2\/posts"}],"about":[{"href":"https:\/\/aconteceunovale.com.br\/portal\/index.php?rest_route=\/wp\/v2\/types\/post"}],"author":[{"embeddable":true,"href":"https:\/\/aconteceunovale.com.br\/portal\/index.php?rest_route=\/wp\/v2\/users\/1"}],"replies":[{"embeddable":true,"href":"https:\/\/aconteceunovale.com.br\/portal\/index.php?rest_route=%2Fwp%2Fv2%2Fcomments&post=99085"}],"version-history":[{"count":0,"href":"https:\/\/aconteceunovale.com.br\/portal\/index.php?rest_route=\/wp\/v2\/posts\/99085\/revisions"}],"wp:featuredmedia":[{"embeddable":true,"href":"https:\/\/aconteceunovale.com.br\/portal\/index.php?rest_route=\/wp\/v2\/media\/99086"}],"wp:attachment":[{"href":"https:\/\/aconteceunovale.com.br\/portal\/index.php?rest_route=%2Fwp%2Fv2%2Fmedia&parent=99085"}],"wp:term":[{"taxonomy":"category","embeddable":true,"href":"https:\/\/aconteceunovale.com.br\/portal\/index.php?rest_route=%2Fwp%2Fv2%2Fcategories&post=99085"},{"taxonomy":"post_tag","embeddable":true,"href":"https:\/\/aconteceunovale.com.br\/portal\/index.php?rest_route=%2Fwp%2Fv2%2Ftags&post=99085"}],"curies":[{"name":"wp","href":"https:\/\/api.w.org\/{rel}","templated":true}]}}