{"id":99083,"date":"2016-10-13T20:14:35","date_gmt":"2016-10-13T23:14:35","guid":{"rendered":"http:\/\/aconteceunovale.com.br\/portal\/?p=99083"},"modified":"2016-10-13T20:14:35","modified_gmt":"2016-10-13T23:14:35","slug":"prefeito-eleito-em-ipatinga-afirma-que-vai-recorrer-de-decisao-da-justica-eleitoral","status":"publish","type":"post","link":"https:\/\/aconteceunovale.com.br\/portal\/?p=99083","title":{"rendered":"Prefeito eleito em Ipatinga afirma que vai recorrer de decis\u00e3o da Justi\u00e7a Eleitoral"},"content":{"rendered":"<p>O prefeito eleito em Ipatinga, Sebasti\u00e3o Quint\u00e3o (PMDB), decidiu se pronunciar na tarde desta quinta-feira (13\/10\/2016) ap\u00f3s a decis\u00e3o do Tribunal Regional Eleitoral (TRE) que indeferiu a sua candidatura nas elei\u00e7\u00f5es 2016, atendendo uma peti\u00e7\u00e3o movida pelo Partido dos Trabalhadores (PT) que questiona a inelegibilidade do candidato.<\/p>\n<p>A decis\u00e3o do TRE se baseia em duas condena\u00e7\u00f5es atribu\u00eddas a Quint\u00e3o, uma por abuso de poder econ\u00f4mico e outra por capta\u00e7\u00e3o il\u00edcita de recursos. As duas ocorreram na campanha de 2008. Essas condi\u00e7\u00f5es impostas \u00e0 \u00e9poca acarretaram na inelegibilidade do pol\u00edtico.<\/p>\n<p>Em primeira inst\u00e2ncia, havia um entendimento que a inelegibilidade do candidato tinha validade para tr\u00eas anos. Por\u00e9m, para o TRE, a partir da Lei da Ficha Limpa, o per\u00edodo de proibi\u00e7\u00e3o para candidatar-se a cargos eletivos \u00e9 de oito anos.<\/p>\n<p>Sebasti\u00e3o Quint\u00e3o acredita que at\u00e9 dezembro deste ano a situa\u00e7\u00e3o esteja resolvida. Ele afirmou n\u00e3o ver possibilidade de que o presidente da C\u00e2mara tome posse no poder Executivo. &#8220;N\u00f3s temos hoje no Brasil uma Justi\u00e7a madura, uma Justi\u00e7a que tem feito tudo para cada dia ser mais \u00e1gil. E n\u00f3s cremos na Justi\u00e7a e n\u00f3s vamos ter uma decis\u00e3o justa, \u00e9 isso que n\u00f3s esperamos&#8221; disse o pol\u00edtico.<\/p>\n<p>A defesa de Sebasti\u00e3o Quint\u00e3o afirma que a lei da Ficha Limpa, criada em 2010, n\u00e3o poderia retroagir prejudicando assim o r\u00e9u. A defesa do pol\u00edtico alega que entrar\u00e1 com recurso. &#8220;O recurso n\u00e3o \u00e9 nenhuma novidade. \u00c9 a maior empregabilidade da pena de oito anos. \u00c9 sabido que o Supremo Tribunal Federal j\u00e1 mudou seu entendimento em rela\u00e7\u00e3o a isso. Ent\u00e3o, n\u00f3s estamos aguardando isso&#8221;, disse Vinicius Milanes, advogado de Quint\u00e3o.<\/p>\n<p><strong>Entenda o caso<\/strong><\/p>\n<p>Por quatro votos a dois, o Tribunal Regional Eleitoral (TRE) indeferiu nesta ter\u00e7a-feira (11), a candidatura do prefeito eleito em Ipatinga, Sebasti\u00e3o Quint\u00e3o. Os desembargadores julgaram procedente um pedido do PT, que questionava as condi\u00e7\u00f5es da elegibilidade de Quint\u00e3o.<\/p>\n<p><strong>Elei\u00e7\u00f5es<\/strong><\/p>\n<p>Sebasti\u00e3o Quint\u00e3o, de 72 anos, foi eleito o novo prefeito de Ipatinga com 68.810 votos v\u00e1lidos, 54% do total apurado. Cec\u00edlia Ferramenta, candidato do PT \u00e0 reelei\u00e7\u00e3o conquistou 15,60% (19.875 votos) e ficou em segundo lugar na disputa. Quint\u00e3o j\u00e1 foi prefeito de Ipatinga nos pleitos de 2004 e 2008.<\/p>\n<p><img decoding=\"async\" src=\"http:\/\/aconteceunovale.com.br\/portal\/wp-content\/uploads\/2016\/10\/quintao_indeferido.jpg\" alt=\"\" \/><em>Sebasti\u00e3o Quint\u00e3o recebeu 68.810 votos nas elei\u00e7\u00f5es 2016 (Divulga\u00e7\u00e3o)<\/em><br \/>\n<\/br><\/p>\n<p><em>(Fonte: G1 dos Vales)<\/em><\/p>\n","protected":false},"excerpt":{"rendered":"<p>O prefeito eleito em Ipatinga, Sebasti\u00e3o Quint\u00e3o (PMDB), decidiu se pronunciar na tarde desta quinta-feira (13\/10\/2016) ap\u00f3s a decis\u00e3o do Tribunal Regional Eleitoral (TRE) que indeferiu a sua candidatura nas elei\u00e7\u00f5es 2016, atendendo uma peti\u00e7\u00e3o movida pelo Partido dos Trabalhadores (PT) que questiona a inelegibilidade do candidato. A decis\u00e3o do TRE se baseia em duas [&hellip;]<\/p>\n","protected":false},"author":1,"featured_media":98935,"comment_status":"open","ping_status":"closed","sticky":false,"template":"","format":"standard","meta":{"amp_status":"","footnotes":""},"categories":[79927,121],"tags":[120133,120134,59515,105977,120127,201,120135,18096,118983,120440,758,120126,120128,120130,120131,120132,120129],"class_list":["post-99083","post","type-post","status-publish","format-standard","has-post-thumbnail","hentry","category-eleicoes-2016-2","category-leste","tag-coligacao-uai-uniao-e-amor-a-ipatinga","tag-coligacao-uniao-e-amor-a-ipatinga","tag-eleicoes-2016","tag-eleicoes-2016-em-ipatinga","tag-indeferimento-do-registro-da-candidatura-de-sebastiao-de-barros-quintao","tag-ipatinga","tag-justica-eleitoral-indefere-registro-de-candidato-a-prefeito-de-ipatinga","tag-pmdb","tag-prefeito-eleito-em-ipatinga","tag-prefeito-eleito-em-ipatinga-afirma-que-vai-recorrer-de-decisao-da-justica-eleitoral","tag-pt","tag-registro-da-candidatura-de-sebastiao-de-barros-quintao","tag-registro-da-candidatura-de-sebastiao-de-barros-quintao-e-indeferido","tag-registro-da-candidatura-de-sebastiao-de-barros-quintao-e-indeferido-pelo-tre","tag-sebastiao-de-barros-quintao","tag-sebastiao-quintao","tag-tre-indefere-registro-da-candidatura-de-sebastiao-de-barros-quintao"],"_links":{"self":[{"href":"https:\/\/aconteceunovale.com.br\/portal\/index.php?rest_route=\/wp\/v2\/posts\/99083","targetHints":{"allow":["GET"]}}],"collection":[{"href":"https:\/\/aconteceunovale.com.br\/portal\/index.php?rest_route=\/wp\/v2\/posts"}],"about":[{"href":"https:\/\/aconteceunovale.com.br\/portal\/index.php?rest_route=\/wp\/v2\/types\/post"}],"author":[{"embeddable":true,"href":"https:\/\/aconteceunovale.com.br\/portal\/index.php?rest_route=\/wp\/v2\/users\/1"}],"replies":[{"embeddable":true,"href":"https:\/\/aconteceunovale.com.br\/portal\/index.php?rest_route=%2Fwp%2Fv2%2Fcomments&post=99083"}],"version-history":[{"count":0,"href":"https:\/\/aconteceunovale.com.br\/portal\/index.php?rest_route=\/wp\/v2\/posts\/99083\/revisions"}],"wp:featuredmedia":[{"embeddable":true,"href":"https:\/\/aconteceunovale.com.br\/portal\/index.php?rest_route=\/wp\/v2\/media\/98935"}],"wp:attachment":[{"href":"https:\/\/aconteceunovale.com.br\/portal\/index.php?rest_route=%2Fwp%2Fv2%2Fmedia&parent=99083"}],"wp:term":[{"taxonomy":"category","embeddable":true,"href":"https:\/\/aconteceunovale.com.br\/portal\/index.php?rest_route=%2Fwp%2Fv2%2Fcategories&post=99083"},{"taxonomy":"post_tag","embeddable":true,"href":"https:\/\/aconteceunovale.com.br\/portal\/index.php?rest_route=%2Fwp%2Fv2%2Ftags&post=99083"}],"curies":[{"name":"wp","href":"https:\/\/api.w.org\/{rel}","templated":true}]}}