{"id":99080,"date":"2016-10-13T19:30:09","date_gmt":"2016-10-13T22:30:09","guid":{"rendered":"http:\/\/aconteceunovale.com.br\/portal\/?p=99080"},"modified":"2016-10-13T19:30:09","modified_gmt":"2016-10-13T22:30:09","slug":"justica-federal-aceita-denuncia-contra-lula-odebrecht-e-mais-nove-investigados","status":"publish","type":"post","link":"https:\/\/aconteceunovale.com.br\/portal\/?p=99080","title":{"rendered":"Justi\u00e7a Federal aceita den\u00fancia contra Lula, Odebrecht e mais nove investigados"},"content":{"rendered":"<p>A Justi\u00e7a Federal aceitou hoje (13) den\u00fancia contra o ex-presidente Luiz In\u00e1cio Lula da Silva, o empreiteiro Marcelo Odebrecht e mais nove investigados. Todos os acusados foram denunciados na segunda-feira (10) pelo Minist\u00e9rio P\u00fablico Federal no Distrito Federal (MPF-DF).<\/p>\n<p>Segundo a acusa\u00e7\u00e3o, o ex-presidente teria atuado junto ao Banco Nacional de Desenvolvimento Econ\u00f4mico e Social (BNDES) e outros \u00f3rg\u00e3os com o objetivo de garantir a libera\u00e7\u00e3o de financiamentos para obras em Angola.<\/p>\n<p>A den\u00fancia do MPF divide a atua\u00e7\u00e3o de Lula em dois momentos. No primeiro, ele \u00e9 acusado de corrup\u00e7\u00e3o passiva, pois entre 2008 e 2010 era presidente da Rep\u00fablica. O segundo momento ocorreu entre 2011 e 2015 e a acusa\u00e7\u00e3o \u00e9 de tr\u00e1fico de influ\u00eancia. Segundo os procuradores, mesmo fora do cargo, Lula atuou em benef\u00edcio dos envolvidos.<\/p>\n<p>O Minist\u00e9rio P\u00fablico cita ainda que alguns dos pagamentos indevidos foram feitos como remunera\u00e7\u00e3o por palestras que teriam sido feitas pelo ex-presidente a convite da Odebrecht. \u201cNesse caso, a contrata\u00e7\u00e3o foi feita por meio da empresa Lils Palestras, criada por Lula no in\u00edcio de 2011, menos de dois meses depois de deixar a Presid\u00eancia\u201d.<\/p>\n<p>O recebimento da den\u00fancia foi proferido pelo juiz Vallisney de Souza Oliveira, da 10\u00aa Vara Federal em Bras\u00edlia. Ao analisar o caso de forma preliminar, o juiz entendeu que n\u00e3o h\u00e1 justificativa para rejeitar a acusa\u00e7\u00e3o.<\/p>\n<p>\u201c\u00c9 o caso desta pe\u00e7a acusat\u00f3ria, que demonstrou at\u00e9 agora a plausibilidade e a verossimilhan\u00e7a das alega\u00e7\u00f5es em face da circunstanciada exposi\u00e7\u00e3o dos fatos tidos por criminosos e as descri\u00e7\u00f5es das condutas em correspond\u00eancia aos documentos constantes do inqu\u00e9rito policial, havendo prova neste ju\u00edzo perfunct\u00f3rio da materialidade e ind\u00edcios das autorias delitivas\u201d, decidiu o magistrado.<\/p>\n<p>Em nota, a defesa de Lula disse, por meio de nota, que o ex-presidente nunca interferiu em projetos de financiamentos do BNDES e que ele \u00e9 v\u00edtima de &#8220;acusa\u00e7\u00f5es absurdas e sem provas&#8221;. &#8220;Como \u00e9 p\u00fablico e not\u00f3rio, as decis\u00f5es tomadas por aquele banco s\u00e3o colegiadas e baseadas no trabalho t\u00e9cnico de um corpo qualificado de funcion\u00e1rios. No prazo assinalado pelo juiz, ser\u00e1 apresentada a defesa t\u00e9cnica em favor de Lula, que demonstrar\u00e1 a aus\u00eancia dos requisitos legais necess\u00e1rios para o prosseguimento da a\u00e7\u00e3o e, ainda, que o ex-presidente n\u00e3o praticou qualquer dos crimes imputados \u2013 sem qualquer prova \u2013 pelo MPF&#8221;, diz trecho da nota. (Ag\u00eancia Brasil)<\/p>\n","protected":false},"excerpt":{"rendered":"<p>A Justi\u00e7a Federal aceitou hoje (13) den\u00fancia contra o ex-presidente Luiz In\u00e1cio Lula da Silva, o empreiteiro Marcelo Odebrecht e mais nove investigados. Todos os acusados foram denunciados na segunda-feira (10) pelo Minist\u00e9rio P\u00fablico Federal no Distrito Federal (MPF-DF). Segundo a acusa\u00e7\u00e3o, o ex-presidente teria atuado junto ao Banco Nacional de Desenvolvimento Econ\u00f4mico e Social [&hellip;]<\/p>\n","protected":false},"author":1,"featured_media":81973,"comment_status":"open","ping_status":"closed","sticky":false,"template":"","format":"standard","meta":{"amp_status":"","footnotes":""},"categories":[6],"tags":[42850,81834,120437,120439,109385,81835,120434,14124,120438,7147,87496,120436,28515,120435,112708,82537],"class_list":["post-99080","post","type-post","status-publish","format-standard","has-post-thumbnail","hentry","category-br","tag-bndes","tag-denuncia-contra-lula","tag-denuncia-luiz-inacio-lula-da-silva","tag-denuncia-lula","tag-investigacao-luiz-inacio-lula-da-silva","tag-investigacao-lula","tag-justica-federal-aceita-denuncia-contra-lula","tag-luiz-inacio-lula-da-silva","tag-luiz-inacio-lula-da-silva-na-lavajato","tag-lula","tag-lula-na-operacao-lava-jato","tag-mpf-df","tag-odebrecht","tag-odebrecht-e-mais-nove-investigados","tag-processo-luiz-inacio-lula-da-silva","tag-processo-lula"],"_links":{"self":[{"href":"https:\/\/aconteceunovale.com.br\/portal\/index.php?rest_route=\/wp\/v2\/posts\/99080","targetHints":{"allow":["GET"]}}],"collection":[{"href":"https:\/\/aconteceunovale.com.br\/portal\/index.php?rest_route=\/wp\/v2\/posts"}],"about":[{"href":"https:\/\/aconteceunovale.com.br\/portal\/index.php?rest_route=\/wp\/v2\/types\/post"}],"author":[{"embeddable":true,"href":"https:\/\/aconteceunovale.com.br\/portal\/index.php?rest_route=\/wp\/v2\/users\/1"}],"replies":[{"embeddable":true,"href":"https:\/\/aconteceunovale.com.br\/portal\/index.php?rest_route=%2Fwp%2Fv2%2Fcomments&post=99080"}],"version-history":[{"count":0,"href":"https:\/\/aconteceunovale.com.br\/portal\/index.php?rest_route=\/wp\/v2\/posts\/99080\/revisions"}],"wp:featuredmedia":[{"embeddable":true,"href":"https:\/\/aconteceunovale.com.br\/portal\/index.php?rest_route=\/wp\/v2\/media\/81973"}],"wp:attachment":[{"href":"https:\/\/aconteceunovale.com.br\/portal\/index.php?rest_route=%2Fwp%2Fv2%2Fmedia&parent=99080"}],"wp:term":[{"taxonomy":"category","embeddable":true,"href":"https:\/\/aconteceunovale.com.br\/portal\/index.php?rest_route=%2Fwp%2Fv2%2Fcategories&post=99080"},{"taxonomy":"post_tag","embeddable":true,"href":"https:\/\/aconteceunovale.com.br\/portal\/index.php?rest_route=%2Fwp%2Fv2%2Ftags&post=99080"}],"curies":[{"name":"wp","href":"https:\/\/api.w.org\/{rel}","templated":true}]}}