{"id":99078,"date":"2016-10-13T19:26:57","date_gmt":"2016-10-13T22:26:57","guid":{"rendered":"http:\/\/aconteceunovale.com.br\/portal\/?p=99078"},"modified":"2016-10-13T19:27:25","modified_gmt":"2016-10-13T22:27:25","slug":"brasil-tem-164-milhoes-de-pessoas-desocupadas-ou-subocupadas","status":"publish","type":"post","link":"https:\/\/aconteceunovale.com.br\/portal\/?p=99078","title":{"rendered":"Brasil tem 16,4 milh\u00f5es de pessoas desocupadas ou subocupadas"},"content":{"rendered":"<p>O Instituto Brasileiro de Geografia e Estat\u00edstica (IBGE) lan\u00e7ou novos indicadores do mercado de trabalho. Entre os novos indicadores, que s\u00e3o analisados dentro da Pesquisa Nacional por Amostra de Domic\u00edlios Cont\u00ednua (Pnad Cont\u00ednua), est\u00e1 a subocupa\u00e7\u00e3o por insufici\u00eancia de horas trabalhadas.<\/p>\n<p>Segundo o IBGE, a popula\u00e7\u00e3o brasileira em idade de trabalhar, ou seja, acima de 14 anos, \u00e9 dividida em pessoas dentro da for\u00e7a de trabalho e pessoas fora da for\u00e7a de trabalho. As pessoas dentro da for\u00e7a de trabalho podem estar trabalhando (pessoas ocupadas) ou desempregadas (ou seja, procuraram emprego mas n\u00e3o conseguiram).<\/p>\n<p><strong>Subocupa\u00e7\u00e3o<\/strong><\/p>\n<p>Entre as pessoas ocupadas est\u00e3o aquelas subocupadas por insufici\u00eancia de horas trabalhadas, ou seja, aquelas que trabalham menos de 40 horas semanais, mas gostariam de trabalhar um per\u00edodo maior. De acordo com o IBGE, os subocupados por insufici\u00eancia de horas trabalhadas chegaram a 4,8 milh\u00f5es no segundo trimestre de 2016. No primeiro trimestre do ano, esse contingente era de 4,2 milh\u00f5es.<\/p>\n<p>J\u00e1 os desocupados, ou seja, pessoas que procuraram emprego mas n\u00e3o conseguiram, somaram 11,6 milh\u00f5es no segundo trimestre, ante os 11,1 milh\u00f5es do primeiro trimestre. Juntando os dois indicadores (subocupa\u00e7\u00e3o e desocupa\u00e7\u00e3o) chega-se a um total de 16,4 milh\u00f5es de pessoas que ou n\u00e3o trabalham dentro do per\u00edodo que gostariam ou est\u00e3o desempregadas. No primeiro trimestre, esse n\u00famero era de 15,3 milh\u00f5es.<\/p>\n<p>A taxa de subocupa\u00e7\u00e3o e desocupa\u00e7\u00e3o em rela\u00e7\u00e3o ao total de pessoas na for\u00e7a de trabalho subiu de 15% no primeiro trimestre para 16% no segundo trimestre deste ano.<\/p>\n<p><strong>For\u00e7a de trabalho potencial<\/strong><\/p>\n<p>Dentro do total de pessoas em idade de trabalhar (14 anos) tamb\u00e9m h\u00e1 aquelas que est\u00e3o fora da for\u00e7a de trabalho. O contingente dos fora da for\u00e7a de trabalho \u00e9 constitu\u00eddo por aqueles que n\u00e3o querem trabalhar (pessoas fora da for\u00e7a de trabalho potencial) e aquelas que querem trabalhar, mas n\u00e3o procuram emprego ou n\u00e3o est\u00e3o dispon\u00edveis para o trabalho oferecido (pessoas na for\u00e7a de trabalho potencial).<\/p>\n<p>As pessoas na for\u00e7a de trabalho potencial subiram de 5,4 milh\u00f5es no primeiro trimestre de 2016 para 6,2 milh\u00f5es no segundo trimestre deste ano. A taxa de pessoas nessa categoria em rela\u00e7\u00e3o a todas que est\u00e3o fora da for\u00e7a de trabalho cresceu de 8,4% para 9,8%.<\/p>\n<p>Somando-se a desocupa\u00e7\u00e3o, a subocupa\u00e7\u00e3o por horas insuficientes e a for\u00e7a de trabalho potencial, o IBGE consegue analisar a subutiliza\u00e7\u00e3o da for\u00e7a de trabalho. A taxa de subutiliza\u00e7\u00e3o \u00e9 conseguida somando-se os tr\u00eas indicadores e dividindo-se pela soma das pessoas ocupadas (incluindo as subocupadas), das pessoas desocupadas e da for\u00e7a de trabalho potencial. Essa taxa subiu de 19,3% para 20,9%.<\/p>\n<p>A jornada m\u00e9dia de horas trabalhadas ficou em 39,1 horas no segundo trimestre deste ano. No segundo trimestre de 2012, a jornada m\u00e9dia era de 40,1 horas. Al\u00e9m disso, o IBGE verificou que 2,8% dos ocupados tinham dois ou mais trabalhos, enquanto que h\u00e1 quatro anos, o percentual era de 3,5%.<\/p>\n<p><strong>Trabalhadores por conta pr\u00f3pria<\/strong><\/p>\n<p>Outro novo indicador da Pnad Cont\u00ednua \u00e9 o dos trabalhadores por conta pr\u00f3pria com Cadastro Nacional de Pessoa Jur\u00eddica (CNPJ). De acordo com o IBGE, no segundo trimestre deste ano, entre os 22,9 milh\u00f5es de trabalhadores por conta pr\u00f3pria, apenas 4,4 milh\u00f5es (ou 19,3% do total) estavam registrados no CNPJ. No primeiro trimestre, eram 4,6 milh\u00f5es entre 23,2 milh\u00f5es (20%).<\/p>\n<p>(Ag\u00eancia Brasil)<\/p>\n","protected":false},"excerpt":{"rendered":"<p>O Instituto Brasileiro de Geografia e Estat\u00edstica (IBGE) lan\u00e7ou novos indicadores do mercado de trabalho. Entre os novos indicadores, que s\u00e3o analisados dentro da Pesquisa Nacional por Amostra de Domic\u00edlios Cont\u00ednua (Pnad Cont\u00ednua), est\u00e1 a subocupa\u00e7\u00e3o por insufici\u00eancia de horas trabalhadas. Segundo o IBGE, a popula\u00e7\u00e3o brasileira em idade de trabalhar, ou seja, acima de [&hellip;]<\/p>\n","protected":false},"author":1,"featured_media":75756,"comment_status":"open","ping_status":"closed","sticky":false,"template":"","format":"standard","meta":{"amp_status":"","footnotes":""},"categories":[6,40236],"tags":[120426,89407,53907,120427,1062,120431,41671,120430,120429,120433,120432,120428,84882],"class_list":["post-99078","post","type-post","status-publish","format-standard","has-post-thumbnail","hentry","category-br","category-empregos-2","tag-brasil-tem-16-milhoes-de-pessoas-desocupadas-ou-subocupadas","tag-desempregados-no-brasil","tag-desemprego-no-brasil","tag-desocupados-no-brasil","tag-ibge","tag-indicadores","tag-mercado-de-trabalho","tag-pessoas-desempregadas-no-brasil","tag-pessoas-desocupadas-no-brasil","tag-pessoas-desocupadas-ou-subocupadas-chegam-a-16-milhoes-no-brasil","tag-pessoas-ocupadas","tag-pessoas-subocupadas-no-brasil","tag-pnad-continua"],"_links":{"self":[{"href":"https:\/\/aconteceunovale.com.br\/portal\/index.php?rest_route=\/wp\/v2\/posts\/99078","targetHints":{"allow":["GET"]}}],"collection":[{"href":"https:\/\/aconteceunovale.com.br\/portal\/index.php?rest_route=\/wp\/v2\/posts"}],"about":[{"href":"https:\/\/aconteceunovale.com.br\/portal\/index.php?rest_route=\/wp\/v2\/types\/post"}],"author":[{"embeddable":true,"href":"https:\/\/aconteceunovale.com.br\/portal\/index.php?rest_route=\/wp\/v2\/users\/1"}],"replies":[{"embeddable":true,"href":"https:\/\/aconteceunovale.com.br\/portal\/index.php?rest_route=%2Fwp%2Fv2%2Fcomments&post=99078"}],"version-history":[{"count":0,"href":"https:\/\/aconteceunovale.com.br\/portal\/index.php?rest_route=\/wp\/v2\/posts\/99078\/revisions"}],"wp:featuredmedia":[{"embeddable":true,"href":"https:\/\/aconteceunovale.com.br\/portal\/index.php?rest_route=\/wp\/v2\/media\/75756"}],"wp:attachment":[{"href":"https:\/\/aconteceunovale.com.br\/portal\/index.php?rest_route=%2Fwp%2Fv2%2Fmedia&parent=99078"}],"wp:term":[{"taxonomy":"category","embeddable":true,"href":"https:\/\/aconteceunovale.com.br\/portal\/index.php?rest_route=%2Fwp%2Fv2%2Fcategories&post=99078"},{"taxonomy":"post_tag","embeddable":true,"href":"https:\/\/aconteceunovale.com.br\/portal\/index.php?rest_route=%2Fwp%2Fv2%2Ftags&post=99078"}],"curies":[{"name":"wp","href":"https:\/\/api.w.org\/{rel}","templated":true}]}}