{"id":99076,"date":"2016-10-13T19:20:11","date_gmt":"2016-10-13T22:20:11","guid":{"rendered":"http:\/\/aconteceunovale.com.br\/portal\/?p=99076"},"modified":"2016-10-13T19:20:11","modified_gmt":"2016-10-13T22:20:11","slug":"justica-ordena-retirada-de-capivaras-da-lagoa-da-pampulha","status":"publish","type":"post","link":"https:\/\/aconteceunovale.com.br\/portal\/?p=99076","title":{"rendered":"Justi\u00e7a ordena retirada de capivaras da Lagoa da Pampulha"},"content":{"rendered":"<p>A prefeitura de Belo Horizonte tem at\u00e9 amanh\u00e3 (14) para retirar as capivaras que habitam a orla da Lagoa da Pampulha e o Parque Ecol\u00f3gico da Pampulha. A decis\u00e3o liminar da Justi\u00e7a Federal sai pouco mais de um m\u00eas\u00a0ap\u00f3s a morte de um menino de 10 anos\u00a0devido a complica\u00e7\u00f5es provocadas pela febre maculosa. A crian\u00e7a teria adquirido a doen\u00e7a quando integrava um grupo de escoteiros mirins em visita ao Parque Ecol\u00f3gico da Pampulha. Capivaras que vivem no local s\u00e3o hospedeiras da bact\u00e9ria da febre maculosa, que \u00e9 transmitida aos humanos pela picada do carrapato estrela.<\/p>\n<p>Os principais sintomas da febre maculosa s\u00e3o manchas no corpo, dores no corpo e na cabe\u00e7a, amarelamento da pele, n\u00e1useas e febre. O diagn\u00f3stico tardio pode levar \u00e0 morte. Segundo a prefeitura, at\u00e9 a morte do menino, apenas quatro ocorr\u00eancias da doen\u00e7a haviam sido registradas em residentes da capital mineira nos \u00faltimos 10 anos.<\/p>\n<p>Conforme a decis\u00e3o, assinada na \u00faltima sexta-feira (7) pelo desembargador Souza Prudente, sem uma conviv\u00eancia harmoniosa entre as capivaras e os frequentadores da regi\u00e3o, \u00e9 necess\u00e1rio \u201cevitar os s\u00e9rios riscos \u00e0 sa\u00fade e \u00e0 vida humana\u201d. A liminar foi concedida a pedido da Associa\u00e7\u00e3o Pr\u00f3-Interesses do Bairro Bandeirantes. O prazo para o isolamento dos animais \u00e9 de cinco dias ap\u00f3s a notifica\u00e7\u00e3o. Como a prefeitura informa que foi notificada na segunda-feira (10), a ordem judicial deve ser cumprida at\u00e9 esta sexta-feira (14).<\/p>\n<p>A retirada das dezenas de capivaras que habitam a Pampulha n\u00e3o \u00e9 uma medida in\u00e9dita. Em setembro de 2014, a prefeitura iniciou um trabalho de captura dos animais ap\u00f3s constatar que alguns portavam a bact\u00e9ria causadora da febre maculosa. De 46 animais capturados, 19 morreram no cativeiro.<\/p>\n<p>Em mar\u00e7o do ano passado, o Instituto Brasileiro do Meio Ambiente e dos Recursos Naturais Renov\u00e1veis (Ibama) notificou a prefeitura para que os animais fossem soltos. O Ibama considerou que o prazo para manuten\u00e7\u00e3o das capivaras em cativeiro havia expirado e que n\u00e3o havia um plano de manejo elaborado. Na ocasi\u00e3o, o munic\u00edpio conseguiu uma liminar impedindo a soltura.<\/p>\n<p>Os animais foram finalmente devolvidos \u00e0 orla da Lagoa da Pampulha em mar\u00e7o deste ano, ap\u00f3s revoga\u00e7\u00e3o da liminar pela Justi\u00e7a Federal a pedido do Minist\u00e9rio P\u00fablico Federal (MPF). Os promotores federais apresentaram um laudo t\u00e9cnico veterin\u00e1rio da Funda\u00e7\u00e3o Zoo-Bot\u00e2nica de Belo Horizonte que comprovava as p\u00e9ssimas condi\u00e7\u00f5es ambientais no abrigo ocupado pelas capivaras.<\/p>\n<p><strong>Cr\u00edticas<\/strong><\/p>\n<p>O Conselho Municipal de Sa\u00fade manifestou-se contra a medida por entender que o combate \u00e0 febre maculosa ser\u00e1 prejudicado com a retirada dos animais. De acordo com estudos do conselho realizados com base em experi\u00eancias de outros munic\u00edpios, as capivaras formam uma barreira sanit\u00e1ria e biol\u00f3gica. Sem esses roedores, os carrapatos tendem a se espalhar para outros hospedeiros, inclusive animais dom\u00e9sticos e pessoas que vivem nas casas ao redor da Lagoa da Pampulha.<\/p>\n<p>Composto por representantes da prefeitura e da sociedade civil, o Conselho Municipal de Sa\u00fade tem como fun\u00e7\u00f5es a formula\u00e7\u00e3o e o controle das pol\u00edticas p\u00fablicas em sa\u00fade, assim como a fiscaliza\u00e7\u00e3o na aplica\u00e7\u00e3o dos recursos destinados \u00e0 \u00e1rea. Na quinta-feira (6), o conselho reuniu-se com especialistas e havia recomendado ao governo municipal que fosse apresentado em 15 dias um plano de manejo que n\u00e3o passasse pela retirada ou elimina\u00e7\u00e3o das capivaras.<\/p>\n<p>Um nota publicada pelo conselho esclarece que o carrapato estrela tamb\u00e9m tem como alvos cavalos, bois, c\u00e3es, gamb\u00e1s, cobras, sapos, ratos, aves e o homem. &#8220;Se as capivaras forem retiradas, os carrapatos buscar\u00e3o outros animais&#8221;, diz o texto.<\/p>\n<p>Para o conselho, o plano de manejo deve ter como objetivo o controle populacional \u00e9tico, com vasectomia dos machos e ligadura de tuba das f\u00eameas, al\u00e9m de aplica\u00e7\u00e3o de carrapaticidas. Outra medida que poderia ser estudada \u00e9 o uso de cavalos como iscas, j\u00e1 que eles s\u00e3o os alvos preferidos dos carrapatos e n\u00e3o adoecem ao contrair a bact\u00e9ria da febre maculosa. Ao fim de cada dia, os equinos passariam por uma higieniza\u00e7\u00e3o e retirada dos carrapatos. Esta teria sido a estrat\u00e9gia usada com\u00a0<em>sucesso\u00a0<\/em>no\u00a0<em>campus<\/em>\u00a0da Universidade Federal de Vi\u00e7osa (MG), que enfrentou problema semelhante com capivaras e infesta\u00e7\u00e3o dos carrapatos. (Ag\u00eancia Brasil)<\/p>\n","protected":false},"excerpt":{"rendered":"<p>A prefeitura de Belo Horizonte tem at\u00e9 amanh\u00e3 (14) para retirar as capivaras que habitam a orla da Lagoa da Pampulha e o Parque Ecol\u00f3gico da Pampulha. A decis\u00e3o liminar da Justi\u00e7a Federal sai pouco mais de um m\u00eas\u00a0ap\u00f3s a morte de um menino de 10 anos\u00a0devido a complica\u00e7\u00f5es provocadas pela febre maculosa. A crian\u00e7a [&hellip;]<\/p>\n","protected":false},"author":1,"featured_media":96823,"comment_status":"open","ping_status":"closed","sticky":false,"template":"","format":"standard","meta":{"amp_status":"","footnotes":""},"categories":[123],"tags":[194,115032,120425,120421,120422,115027,115030,120423,120419,58252,120424,120420],"class_list":["post-99076","post","type-post","status-publish","format-standard","has-post-thumbnail","hentry","category-gerais","tag-belo-horizonte","tag-capivaras","tag-capivaras-da-lagoa-da-pampulha","tag-capivaras-de-lagoa-em-belo-horizonte","tag-capivaras-em-belo-horizonte","tag-capivaras-na-lagoa-da-pampulha","tag-febre-maculosa","tag-justica-ordena-retirada-de-capivaras-da-lagoa-da-pampulha","tag-justica-ordena-retirada-de-capivaras-de-lagoa-em-belo-horizonte","tag-lagoa-da-pampulha","tag-retirada-de-capivaras-da-lagoa-da-pampulha","tag-retirada-de-capivaras-de-lagoa-em-belo-horizonte"],"_links":{"self":[{"href":"https:\/\/aconteceunovale.com.br\/portal\/index.php?rest_route=\/wp\/v2\/posts\/99076","targetHints":{"allow":["GET"]}}],"collection":[{"href":"https:\/\/aconteceunovale.com.br\/portal\/index.php?rest_route=\/wp\/v2\/posts"}],"about":[{"href":"https:\/\/aconteceunovale.com.br\/portal\/index.php?rest_route=\/wp\/v2\/types\/post"}],"author":[{"embeddable":true,"href":"https:\/\/aconteceunovale.com.br\/portal\/index.php?rest_route=\/wp\/v2\/users\/1"}],"replies":[{"embeddable":true,"href":"https:\/\/aconteceunovale.com.br\/portal\/index.php?rest_route=%2Fwp%2Fv2%2Fcomments&post=99076"}],"version-history":[{"count":0,"href":"https:\/\/aconteceunovale.com.br\/portal\/index.php?rest_route=\/wp\/v2\/posts\/99076\/revisions"}],"wp:featuredmedia":[{"embeddable":true,"href":"https:\/\/aconteceunovale.com.br\/portal\/index.php?rest_route=\/wp\/v2\/media\/96823"}],"wp:attachment":[{"href":"https:\/\/aconteceunovale.com.br\/portal\/index.php?rest_route=%2Fwp%2Fv2%2Fmedia&parent=99076"}],"wp:term":[{"taxonomy":"category","embeddable":true,"href":"https:\/\/aconteceunovale.com.br\/portal\/index.php?rest_route=%2Fwp%2Fv2%2Fcategories&post=99076"},{"taxonomy":"post_tag","embeddable":true,"href":"https:\/\/aconteceunovale.com.br\/portal\/index.php?rest_route=%2Fwp%2Fv2%2Ftags&post=99076"}],"curies":[{"name":"wp","href":"https:\/\/api.w.org\/{rel}","templated":true}]}}