{"id":99073,"date":"2016-10-13T19:16:47","date_gmt":"2016-10-13T22:16:47","guid":{"rendered":"http:\/\/aconteceunovale.com.br\/portal\/?p=99073"},"modified":"2016-10-13T19:16:47","modified_gmt":"2016-10-13T22:16:47","slug":"brasil-e-um-dos-paises-mais-perigosos-para-jornalistas-diz-organizacao","status":"publish","type":"post","link":"https:\/\/aconteceunovale.com.br\/portal\/?p=99073","title":{"rendered":"Brasil \u00e9 um dos pa\u00edses mais perigosos para jornalistas, diz organiza\u00e7\u00e3o"},"content":{"rendered":"<p>Com quatro jornalistas mortos este ano, o Brasil \u00e9 o segundo pa\u00eds do mundo que mais matou esses profissionais em 2016, ficando atr\u00e1s apenas do M\u00e9xico, que contabiliza 12 mortes, e empatado com o Iraque (4 mortes).<\/p>\n<p>At\u00e9 o dia de hoje (13), a organiza\u00e7\u00e3o Rep\u00f3rteres Sem Fronteiras (Reporters Sans Frontieres &#8211; RSF) mapeou 47 mortes de jornalistas no mundo em 2016. A S\u00edria contabiliza 7 mortes este ano; o I\u00eamen, cinco; a L\u00edbia, tr\u00eas; e o Afeganist\u00e3o e a Som\u00e1lia, duas. Pa\u00edses como Ucr\u00e2nia, Turquia, Sud\u00e3o do Sul e outros registraram uma morte.<\/p>\n<p>A viol\u00eancia contra os jornalistas, a independ\u00eancia da m\u00eddia, o meio ambiente e a autocensura, o enquadramento legal, a transpar\u00eancia, a infraestrutura e a extors\u00e3o s\u00e3o crit\u00e9rios usados pela organiza\u00e7\u00e3o independente RSF para determinar o Ranking Mundial de Liberdade de Imprensa. O Brasil ocupa a 104\u00aa posi\u00e7\u00e3o entre 180 pa\u00edses avaliados.<\/p>\n<p>Publicado anualmente desde 2002, o ranking leva em conta o grau de liberdade de que gozam os jornalistas, atrav\u00e9s de uma s\u00e9rie de indicadores.<\/p>\n<p>Segundo a RSF, a aus\u00eancia de mecanismos de prote\u00e7\u00e3o nacional para jornalistas em perigo, somada \u00e0 corrup\u00e7\u00e3o desenfreada no pa\u00eds, tornam a tarefa dos jornalistas ainda mais dif\u00edcil. \u201cO panorama da m\u00eddia continua altamente concentrado, especialmente em torno de grandes fam\u00edlias industriais, muitas vezes perto da classe pol\u00edtica\u201d, avalia a organiza\u00e7\u00e3o.<\/p>\n<p><strong>Mortos 22 jornalistas no Brasil desde 2012<\/strong><\/p>\n<p>O Brasil j\u00e1 soma pelo menos 22 jornalistas assassinados por raz\u00f5es diretamente relacionadas com o seu trabalho, desde os \u00faltimos Jogos Ol\u00edmpicos em 2012. Na maioria dos casos registrados pela RSF, os jornalistas, radialistas, blogueiros e outros profissionais da m\u00eddia que foram assassinados trabalhavam cobrindo e investigando temas relacionados \u00e0 corrup\u00e7\u00e3o, \u00e0 ordem p\u00fablica e ao crime organizado, em especial nas pequenas e m\u00e9dias cidades do pa\u00eds.<\/p>\n<p>\u201cEste aumento do n\u00famero de assassinatos, percept\u00edvel a partir de 2010, infelizmente n\u00e3o \u00e9 a \u00fanica amea\u00e7a iminente contra a integridade f\u00edsica dos jornalistas. Os principais eventos de 2013 foram marcados por um clima de viol\u00eancia generalizada. Rep\u00f3rteres que cobriam os protestos tornaram-se alvos de rotina das for\u00e7as de seguran\u00e7a, fisicamente atacados ou arbitrariamente colocados sob cust\u00f3dia. Essa tend\u00eancia continuou durante as manifesta\u00e7\u00f5es que acompanharam a Copa do Mundo realizada no pa\u00eds [Brasil] em 2014\u201d, afirma a RSF.<\/p>\n<p>De acordo com dados da Abraji (Associa\u00e7\u00e3o Brasileira de Jornalismo Investigativo), entre maio de 2013 e setembro de 2016 foram contabilizados 300 casos de agress\u00f5es a jornalistas durante a cobertura das manifesta\u00e7\u00f5es. Policiais, guardas municipais, guardas legislativos e seguran\u00e7as privados foram respons\u00e1veis por 224 viola\u00e7\u00f5es.<\/p>\n<p>Al\u00e9m de agress\u00f5es com cassetete, foram registrados casos de ataques com bombas de g\u00e1s, bombas de efeito moral, balas de borracha, spray de pimenta e atropelamentos com viaturas e motocicletas. Tamb\u00e9m houve registros de amea\u00e7as, destrui\u00e7\u00e3o de equipamento e deten\u00e7\u00e3o. Al\u00e9m dos 224 ataques \u00e0 imprensa protagonizados por agentes de seguran\u00e7a, houve 75 ocasi\u00f5es em que os agressores foram manifestantes.<\/p>\n<p><strong>Polariza\u00e7\u00e3o pol\u00edtica refor\u00e7a inseguran\u00e7a<\/strong><\/p>\n<p>Segundo a RSF, a forte polariza\u00e7\u00e3o pol\u00edtica do pa\u00eds tamb\u00e9m tem contribu\u00eddo para refor\u00e7ar a inseguran\u00e7a dos jornalistas durante os protestos nas ruas de grandes cidades, pois os profissionais s\u00e3o insultados por manifestantes, que os associam diretamente \u00e0s linhas editoriais dos principais meios de comunica\u00e7\u00e3o que eles representam.<\/p>\n<p>O Brasil, entre 2015 e 2016, caiu 5 posi\u00e7\u00f5es no Ranking Mundial de Liberdade de Imprensa, ficando na 104\u00aa posi\u00e7\u00e3o. A melhor coloca\u00e7\u00e3o obtida na s\u00e9rie hist\u00f3rica aconteceu em 2002, quando o Brasil ficou em 54\u00ba colocado entre 134 pa\u00edses. Apesar da queda, o Brasil ficou melhor colocado que pa\u00edses como o M\u00e9xico (149\u00aa), a Venezuela (139\u00aa), a Col\u00f4mbia (134\u00aa) e o Paraguai (111\u00aa).<\/p>\n<p>A Finl\u00e2ndia foi o pa\u00eds melhor colocado do ranking, seguido por Pa\u00edses Baixos, Noruega, Dinamarca e Nova Zel\u00e2ndia. Nos \u00faltimos lugares, est\u00e3o a S\u00edria, na 177\u00aa posi\u00e7\u00e3o; seguida por Turcomenist\u00e3o (178\u00aa); Coreia do Norte (179\u00aa); e Eritreia (180\u00aa).<\/p>\n<p>A tend\u00eancia apresentada pelo mapa este ano mostra um clima generalizado de medo e tens\u00e3o. Tendo em conta os \u00edndices regionais, a Europa continua a ser a \u00e1rea onde a m\u00eddia \u00e9 a mais livre. O Norte da \u00c1frica e o Oriente M\u00e9dio continuam a ser as regi\u00f5es onde os jornalistas est\u00e3o mais sujeitos \u00e0 viol\u00eancia. (Ag\u00eancia Brasil)<\/p>\n","protected":false},"excerpt":{"rendered":"<p>Com quatro jornalistas mortos este ano, o Brasil \u00e9 o segundo pa\u00eds do mundo que mais matou esses profissionais em 2016, ficando atr\u00e1s apenas do M\u00e9xico, que contabiliza 12 mortes, e empatado com o Iraque (4 mortes). At\u00e9 o dia de hoje (13), a organiza\u00e7\u00e3o Rep\u00f3rteres Sem Fronteiras (Reporters Sans Frontieres &#8211; RSF) mapeou 47 [&hellip;]<\/p>\n","protected":false},"author":1,"featured_media":99074,"comment_status":"open","ping_status":"closed","sticky":false,"template":"","format":"standard","meta":{"amp_status":"","footnotes":""},"categories":[6,28848],"tags":[120417,120416,117361,120414,120418,120413,120415],"class_list":["post-99073","post","type-post","status-publish","format-standard","has-post-thumbnail","hentry","category-br","category-mundo","tag-brasil-e-um-dos-paises-mais-perigosos-para-jornalistas","tag-jornalistas-mortos-no-brasil","tag-numeros","tag-reporteres-sem-fronteiras","tag-reporters-sans-frontieres","tag-violencia-contra-jornalistas","tag-violencia-contra-jornalistas-no-brasil"],"_links":{"self":[{"href":"https:\/\/aconteceunovale.com.br\/portal\/index.php?rest_route=\/wp\/v2\/posts\/99073","targetHints":{"allow":["GET"]}}],"collection":[{"href":"https:\/\/aconteceunovale.com.br\/portal\/index.php?rest_route=\/wp\/v2\/posts"}],"about":[{"href":"https:\/\/aconteceunovale.com.br\/portal\/index.php?rest_route=\/wp\/v2\/types\/post"}],"author":[{"embeddable":true,"href":"https:\/\/aconteceunovale.com.br\/portal\/index.php?rest_route=\/wp\/v2\/users\/1"}],"replies":[{"embeddable":true,"href":"https:\/\/aconteceunovale.com.br\/portal\/index.php?rest_route=%2Fwp%2Fv2%2Fcomments&post=99073"}],"version-history":[{"count":0,"href":"https:\/\/aconteceunovale.com.br\/portal\/index.php?rest_route=\/wp\/v2\/posts\/99073\/revisions"}],"wp:featuredmedia":[{"embeddable":true,"href":"https:\/\/aconteceunovale.com.br\/portal\/index.php?rest_route=\/wp\/v2\/media\/99074"}],"wp:attachment":[{"href":"https:\/\/aconteceunovale.com.br\/portal\/index.php?rest_route=%2Fwp%2Fv2%2Fmedia&parent=99073"}],"wp:term":[{"taxonomy":"category","embeddable":true,"href":"https:\/\/aconteceunovale.com.br\/portal\/index.php?rest_route=%2Fwp%2Fv2%2Fcategories&post=99073"},{"taxonomy":"post_tag","embeddable":true,"href":"https:\/\/aconteceunovale.com.br\/portal\/index.php?rest_route=%2Fwp%2Fv2%2Ftags&post=99073"}],"curies":[{"name":"wp","href":"https:\/\/api.w.org\/{rel}","templated":true}]}}