{"id":99063,"date":"2016-10-13T18:27:54","date_gmt":"2016-10-13T21:27:54","guid":{"rendered":"http:\/\/aconteceunovale.com.br\/portal\/?p=99063"},"modified":"2016-10-13T19:40:52","modified_gmt":"2016-10-13T22:40:52","slug":"policia-civil-de-minas-gerais-realiza-homenagem-ao-escrivao-allan-couto","status":"publish","type":"post","link":"https:\/\/aconteceunovale.com.br\/portal\/?p=99063","title":{"rendered":"Pol\u00edcia Civil de Minas Gerais realiza homenagem ao escriv\u00e3o Allan Couto"},"content":{"rendered":"<p>Policiais civis de v\u00e1rias unidades e integrantes de outros \u00f3rg\u00e3os de seguran\u00e7a p\u00fablica se reuniram nesta quinta-feira, 13 de outubro de 2016, no bairro Nova Gameleira, em Belo Horizonte, para o cortejo do escriv\u00e3o Allan Ferreira Couto at\u00e9 o Aeroporto da Pampulha, de onde foi transportado pelo N\u00facleo de Opera\u00e7\u00f5es A\u00e9reas da PCMG (NOA) para Ara\u00e7ua\u00ed.<\/p>\n<p>O corpo do policial saiu do Instituto M\u00e9dico-Legal (IML) em um caminh\u00e3o do Corpo de Bombeiros e foi seguido pela multid\u00e3o de colegas de trabalho que estavam em pelo menos, 100 viaturas, at\u00e9 o hangar da corpora\u00e7\u00e3o. Em Ara\u00e7ua\u00ed, familiares, amigos, policiais civis  e militares fizeram uma carreata com viaturas e ve\u00edculos particulares at\u00e9 o local do vel\u00f3rio de uma funer\u00e1ria na regi\u00e3o do Alto do Mercado. O sepultamento estava previsto para as 17 horas, no cemit\u00e9rio local.<\/p>\n<p>Allan Ferreira Couto, de 30 anos, foi baleado na cabe\u00e7a durante uma opera\u00e7\u00e3o na zona rural de Turmalina. Ele faleceu nessa quarta-feira (12) ap\u00f3s seis dias internado no Hospital de Pronto-Socorro (HPS) Jo\u00e3o XXIII, em Belo Horizonte.<\/p>\n<p><img decoding=\"async\" src=\"http:\/\/aconteceunovale.com.br\/portal\/wp-content\/uploads\/2016\/10\/pc_baleado_turmalina_1.jpg\" alt=\"\" \/><em>Allan Ferreira Couto nasceu em Ara\u00e7ua\u00ed (Foto: Reprodu\u00e7\u00e3o\/Facebook)<\/em><br \/>\n<\/br><\/p>\n<p><strong>Autores<\/strong><\/p>\n<p>Emocionados, os pais do escriv\u00e3o esperam que os culpados sejam presos e punidos. A suspeita \u00e9 que pelo menos cinco criminosos participaram do crime. Eles s\u00e3o foragidos da penitenci\u00e1ria de Te\u00f3filo Otoni e tr\u00eas deles seriam de Ara\u00e7ua\u00ed. At\u00e9 o momento, apenas um suspeito, de 24 anos, foi preso.<\/p>\n<p><img decoding=\"async\" src=\"http:\/\/aconteceunovale.com.br\/portal\/wp-content\/uploads\/2016\/10\/clebinho_preso_5.jpg\" alt=\"\" \/><em>Clebinho foi preso em Ara\u00e7ua\u00ed (Foto: Divulga\u00e7\u00e3o\/Pol\u00edcia Civil)<\/em><br \/>\n<\/br><\/p>\n<p><strong>Clebinho preso<\/strong><\/p>\n<p>A Pol\u00edcia Civil de Minas Gerais prendeu, nesta ter\u00e7a-feira (11\/10), em Ara\u00e7ua\u00ed, na regi\u00e3o do Jequitinhonha, Cleberson Vieira Chaves (conhecido como Clebinho), de 24 anos, um dos suspeitos de balear o Escriv\u00e3o de Pol\u00edcia Allan Ferreira Couto, em Turmalina. O policial faleceu nesta quarta-feira (12), no Hospital Jo\u00e3o XVIII, em Belo Horizonte, onde estava internado em estado grave.<\/p>\n<p>Cleberson vinha sendo procurado pela Pol\u00edcia Civil por ser um dos autores do roubo de um Chevrolet\/Cruze e de armas de fogo de fabrica\u00e7\u00e3o artesanal na zona rural de Ara\u00e7ua\u00ed. O ve\u00edculo teria sido utilizado para a pr\u00e1tica de dois roubos em Turmalina, sendo um em um posto de combust\u00edveis e outro de um VW\/Fox na zona rural, ocasi\u00e3o em que, em persegui\u00e7\u00e3o aos autores, o escriv\u00e3o de pol\u00edcia acabou por ser alvejado na cabe\u00e7a.<\/p>\n<p>Ao receber a informa\u00e7\u00e3o de que o suspeito estaria escondido em uma resid\u00eancia no munic\u00edpio de Ara\u00e7ua\u00ed, a equipe da Pol\u00edcia Civil, com apoio da Pol\u00edcia Militar, abordou Cleberson no local, onde tamb\u00e9m foi apreendido um rev\u00f3lver calibre .38 com numera\u00e7\u00e3o raspada, municiado com cinco cartuchos intactos, al\u00e9m de um punhal, um dechavador, uma bucha de maconha e um aparelho celular.<\/p>\n<p>Durante as buscas, a pol\u00edcia recebeu informa\u00e7\u00e3o de que outro indiv\u00edduo acabou por fugir em um matagal, momentos antes da abordagem policial, provavelmente um dos outros envolvidos na morte do policial.<\/p>\n<p>Cleberson foi autuado em flagrante por posse ilegal de arma de fogo com numera\u00e7\u00e3o raspada, e o mandado de pris\u00e3o preventiva em seu desfavor tamb\u00e9m foi cumprido. <\/p>\n<p>O suspeito, que j\u00e1 tem passagens por homic\u00eddio e furto, foi encaminhado ao Pres\u00eddio de Ara\u00e7ua\u00ed, onde est\u00e1 \u00e0 disposi\u00e7\u00e3o da Justi\u00e7a.  As investiga\u00e7\u00f5es continuam a fim de prender os demais envolvidos.<\/p>\n<p><img decoding=\"async\" src=\"http:\/\/aconteceunovale.com.br\/portal\/wp-content\/uploads\/2016\/10\/homenagem_allan_couto_4.jpg\" alt=\"\" \/><em>Familiares, amigos e policiais no aeroporto de Ara\u00e7ua\u00ed (Gazeta de Ara\u00e7ua\u00ed)<\/em><br \/>\n<\/br><\/p>\n<p><img decoding=\"async\" src=\"http:\/\/aconteceunovale.com.br\/portal\/wp-content\/uploads\/2016\/10\/homenagem_allan_couto_1.jpg\" alt=\"\" \/><em>Policiais realizam homenagem ao escriv\u00e3o Allan Couto (Divulga\u00e7\u00e3o\/Pol\u00edcia Civil)<\/em><br \/>\n<\/br><\/p>\n<p><img decoding=\"async\" src=\"http:\/\/aconteceunovale.com.br\/portal\/wp-content\/uploads\/2016\/10\/homenagem_allan_couto_2.jpg\" alt=\"\" \/><em>Policiais realizam homenagem ao escriv\u00e3o Allan Couto (Divulga\u00e7\u00e3o\/Pol\u00edcia Civil)<\/em><br \/>\n<\/br><\/p>\n<p><img decoding=\"async\" src=\"http:\/\/aconteceunovale.com.br\/portal\/wp-content\/uploads\/2016\/10\/homenagem_allan_couto_3.jpg\" alt=\"\" \/><em>Familiares, amigos e policiais no aeroporto de Ara\u00e7ua\u00ed (Gazeta de Ara\u00e7ua\u00ed)<\/em><br \/>\n<\/br><\/p>\n<p><em>(Com informa\u00e7\u00f5es da PCMG, Gazeta de Ara\u00e7ua\u00ed e O Tempo)<\/em><\/p>\n","protected":false},"excerpt":{"rendered":"<p>Policiais civis de v\u00e1rias unidades e integrantes de outros \u00f3rg\u00e3os de seguran\u00e7a p\u00fablica se reuniram nesta quinta-feira, 13 de outubro de 2016, no bairro Nova Gameleira, em Belo Horizonte, para o cortejo do escriv\u00e3o Allan Ferreira Couto at\u00e9 o Aeroporto da Pampulha, de onde foi transportado pelo N\u00facleo de Opera\u00e7\u00f5es A\u00e9reas da PCMG (NOA) para [&hellip;]<\/p>\n","protected":false},"author":1,"featured_media":99064,"comment_status":"open","ping_status":"closed","sticky":false,"template":"","format":"standard","meta":{"amp_status":"","footnotes":""},"categories":[120],"tags":[119277,119275,116923,119276,119274,119273,186,33634,119180,119178,116922,8347,57935,120411,116928,6334,119182,120280,120410,119278,119279,119916,119392,119314,119341,119284,119283,119281,119280,119282,48601,119181,119179,58074,178],"class_list":["post-99063","post","type-post","status-publish","format-standard","has-post-thumbnail","hentry","category-jequi","tag-alan-couto","tag-alan-ferreira-couto","tag-aldeir-souza-jardim","tag-allan-couto","tag-allan-ferreira-couto","tag-alvaro-diego-de-souza-mendes","tag-aracuai","tag-assalto-em-aracuai","tag-assalto-madoff-mineiro","tag-assalto-thales-maioline","tag-cacio-tiago-rodrigues","tag-cleberson-vieira-chaves","tag-firv-consultoria-e-administracao-de-recursos-financeiros","tag-homenagem-ao-escrivao-allan-couto","tag-jonathan-pinheiro-tavares","tag-madoff-mineiro","tag-madoff-mineiro-e-vitima-de-assalto-em-aracuai","tag-morre-policial-civil-baleado-por-bandidos-durante-operacao-na-zona-rural-de-turmalina","tag-policia-civil-de-minas-gerais-realiza-homenagem-ao-escrivao-allan-couto","tag-policial-baleado-em-cacaratiba","tag-policial-baleado-em-turmalina","tag-policial-baleado-na-zona-rural-de-turmalina-segue-em-coma-induzido","tag-policial-baleado-na-zona-rural-de-turmalina-segue-internado-no-joao-xxiii","tag-policial-baleado-no-municipio-de-turmalina-e-transferido-para-bh","tag-policial-baleado-no-municipio-de-turmalina-passa-por-cirurgia-em-hospital-de-bh","tag-policial-civil-e-baleado-na-cabeca-durante-troca-de-tiros-com-bandidos-em-turmalina","tag-policial-civil-e-baleado-na-cabeca-durante-troca-de-tiros-com-bandidos-no-municipio-de-turmalina","tag-policial-de-aracuai","tag-policial-de-aracuai-baleado","tag-policial-de-aracuai-baleado-em-turmalina","tag-roubo-em-aracuai","tag-roubo-madoff-mineiro","tag-roubo-thales-maioline","tag-thales-maioline","tag-turmalina"],"_links":{"self":[{"href":"https:\/\/aconteceunovale.com.br\/portal\/index.php?rest_route=\/wp\/v2\/posts\/99063","targetHints":{"allow":["GET"]}}],"collection":[{"href":"https:\/\/aconteceunovale.com.br\/portal\/index.php?rest_route=\/wp\/v2\/posts"}],"about":[{"href":"https:\/\/aconteceunovale.com.br\/portal\/index.php?rest_route=\/wp\/v2\/types\/post"}],"author":[{"embeddable":true,"href":"https:\/\/aconteceunovale.com.br\/portal\/index.php?rest_route=\/wp\/v2\/users\/1"}],"replies":[{"embeddable":true,"href":"https:\/\/aconteceunovale.com.br\/portal\/index.php?rest_route=%2Fwp%2Fv2%2Fcomments&post=99063"}],"version-history":[{"count":0,"href":"https:\/\/aconteceunovale.com.br\/portal\/index.php?rest_route=\/wp\/v2\/posts\/99063\/revisions"}],"wp:featuredmedia":[{"embeddable":true,"href":"https:\/\/aconteceunovale.com.br\/portal\/index.php?rest_route=\/wp\/v2\/media\/99064"}],"wp:attachment":[{"href":"https:\/\/aconteceunovale.com.br\/portal\/index.php?rest_route=%2Fwp%2Fv2%2Fmedia&parent=99063"}],"wp:term":[{"taxonomy":"category","embeddable":true,"href":"https:\/\/aconteceunovale.com.br\/portal\/index.php?rest_route=%2Fwp%2Fv2%2Fcategories&post=99063"},{"taxonomy":"post_tag","embeddable":true,"href":"https:\/\/aconteceunovale.com.br\/portal\/index.php?rest_route=%2Fwp%2Fv2%2Ftags&post=99063"}],"curies":[{"name":"wp","href":"https:\/\/api.w.org\/{rel}","templated":true}]}}