{"id":99061,"date":"2016-10-13T13:08:22","date_gmt":"2016-10-13T16:08:22","guid":{"rendered":"http:\/\/aconteceunovale.com.br\/portal\/?p=99061"},"modified":"2016-10-13T13:08:22","modified_gmt":"2016-10-13T16:08:22","slug":"ferramentas-ludicas-e-pedagogicas-assumem-papel-importante-na-reabilitacao-de-criancas-com-deficiencia-2","status":"publish","type":"post","link":"https:\/\/aconteceunovale.com.br\/portal\/?p=99061","title":{"rendered":"Ferramentas l\u00fadicas e pedag\u00f3gicas assumem papel importante na reabilita\u00e7\u00e3o de crian\u00e7as com defici\u00eancia"},"content":{"rendered":"<p>A brincadeira pode ser importante aliada para promover o neurodesenvolvimento e a aprendizagem das crian\u00e7as com alguma defici\u00eancia. E \u00e9 justamente esta perspectiva que orienta o trabalho dos Servi\u00e7os Especializados em Reabilita\u00e7\u00e3o da Defici\u00eancia Intelectual (Serdi) e os Centros Especializados em Reabilita\u00e7\u00e3o (CER), credenciados junto ao Sistema \u00danico de Sa\u00fade (SUS-MG).  Eles atuam na oferta de terapias de reabilita\u00e7\u00e3o e estimula\u00e7\u00e3o para crian\u00e7as, jovens e adultos, por meio dos brinquedos l\u00fadicos e pedag\u00f3gicos doados pelo Estado.<\/p>\n<p>O pequeno Luiz Fernando, de nove meses, por exemplo, \u00e9 um dos beneficiados pela terapia de estimula\u00e7\u00e3o e reabilita\u00e7\u00e3o visual. Diagnosticado precocemente com catarata cong\u00eanita, o beb\u00ea \u00e9 levado pela m\u00e3e, mensalmente, ao Centro Especializado em Reabilita\u00e7\u00e3o de Al\u00e9m Para\u00edba (CERII), no Territ\u00f3rio Mata. L\u00e1, a crian\u00e7a \u00e9 estimulada com brinquedos para aprender a andar e enxergar.<\/p>\n<p>\u201cEle adora o espa\u00e7o da brinquedoteca, especialmente a piscina de bolinhas. Houve bastante evolu\u00e7\u00e3o porque a cada sess\u00e3o ele brinca com um tipo de brinquedo diferente\u201d, conta a m\u00e3e do beb\u00ea, Vanessa Bechelaini, 29.<\/p>\n<p>Para o diretor de sa\u00fade do CERII de Al\u00e9m Para\u00edba, Carlos Eduardo Gomes Senra, os brinquedos s\u00e3o essenciais para a reabilita\u00e7\u00e3o das pessoas com defici\u00eancia. \u201cEles s\u00e3o muito bem utilizados. Os destaques s\u00e3o para os brinquedos musicais e de estimula\u00e7\u00f5es locomotoras\u201d, exemplifica. Segundo Senra, o CERII de Al\u00e9m Para\u00edba recebe, por m\u00eas, cerca de 300 pacientes, entre crian\u00e7as, jovens e adultos.<\/p>\n<p><img decoding=\"async\" src=\"http:\/\/aconteceunovale.com.br\/portal\/wp-content\/uploads\/2016\/10\/brincadeiras.jpg\" alt=\"\" \/><em>Brincadeiras ajudam a reabilitar crian\u00e7as com defici\u00eancia (Divulga\u00e7\u00e3o\/CERII Al\u00e9m Para\u00edba)<\/em><br \/>\n<\/br><\/p>\n<p><strong>(Re)descobrindo os sentidos<\/strong><\/p>\n<p>Foi tamb\u00e9m na brincadeira que o pequeno Miguel Eduardo Magalh\u00e3es Rosa, de um ano, encontrou a oportunidade de dar os primeiros passos O tratamento dele acontece no Servi\u00e7o Especializado em Reabilita\u00e7\u00e3o da Defici\u00eancia Intelectual (Serdi) de Arax\u00e1, no Territ\u00f3rio Tri\u00e2ngulo Sul.<\/p>\n<p>\u201cEle estava com dificuldades para aprender a andar. Agora, com a estimula\u00e7\u00e3o feita com os brinquedos de madeira e auxilio de andadores, Miguel come\u00e7ou a dar os primeiros passos\u201d, comemora a m\u00e3e, Franciele Cristina Magalh\u00e3es, 29.<\/p>\n<p>Ainda em Arax\u00e1, os jogos quebra-cabe\u00e7as tiveram papel fundamental para que Bruna Vit\u00f3ria Pereira, de 10 anos, com leve defici\u00eancia intelectual, conseguisse avan\u00e7os importantes. \u201cMinha filha chorava muito, porque tinha dificuldades de se expressar. Os jogos e os livros educativos a ajudaram na melhoria da fala\u201d relata a m\u00e3e, Edv\u00e2nia Martins Pereira, 45.<\/p>\n<p><strong>Refor\u00e7o na assist\u00eancia<\/strong><\/p>\n<p>Em Minas Gerais, o Governo do Estado, por meio da Secretaria de Estado de Sa\u00fade (SES-MG), destina brinquedos l\u00fadicos e pedag\u00f3gicos para melhorar a capacidade assistencial das institui\u00e7\u00f5es.  A a\u00e7\u00e3o faz parte do Programa de Interven\u00e7\u00e3o Precoce Avan\u00e7ada (Pipa), como parte da Rede de Cuidados \u00e0 Pessoa com Defici\u00eancia no estado.<\/p>\n<p>\u201cPor meio da brincadeira trabalhamos o lado cognitivo, que envolve todo o aprendizado do mundo e tamb\u00e9m as quest\u00f5es afetivas\u201d, explica a especialista em Pol\u00edticas P\u00fablicas e Gest\u00e3o da Sa\u00fade da SES-MG, Cristina Gusm\u00e1n Si\u00e1cara.<\/p>\n<p>Segundo Cristina, no ano passado, o governo estadual concluiu a entrega dos brinquedos l\u00fadicos e pedag\u00f3gicos, destinados \u00e0 reabilita\u00e7\u00e3o da defici\u00eancia intelectual e autismo da Rede de Cuidados \u00e0 Pessoa com Defici\u00eancia do SUS\/MG. Os brinquedos foram entregues a 137 institui\u00e7\u00f5es mineiras, dentre a Associa\u00e7\u00e3o de Pais e Amigos de Excepcionais de Belo Horizonte (Apae). \u201cTodas participam do programa estadual Programa de Interven\u00e7\u00e3o Precoce Avan\u00e7ado (Pipa)\u201d, completa a especialista. <\/p>\n<p>Ao todo, foram investidos R$ 990 mil na aquisi\u00e7\u00e3o de 108 itens, sendo que cada institui\u00e7\u00e3o recebeu cerca de R$ 7 mil em produtos, tais como jogos da mem\u00f3ria, quebra-cabe\u00e7as, fantoches de m\u00e3o e massinhas andadores. Em Minas, existem 142 servi\u00e7os de reabilita\u00e7\u00e3o da defici\u00eancia intelectual e autismo na Rede de Cuidados \u00e0 Sa\u00fade da Pessoa com Defici\u00eancia. (Ag\u00eancia Minas)<\/p>\n","protected":false},"excerpt":{"rendered":"<p>A brincadeira pode ser importante aliada para promover o neurodesenvolvimento e a aprendizagem das crian\u00e7as com alguma defici\u00eancia. E \u00e9 justamente esta perspectiva que orienta o trabalho dos Servi\u00e7os Especializados em Reabilita\u00e7\u00e3o da Defici\u00eancia Intelectual (Serdi) e os Centros Especializados em Reabilita\u00e7\u00e3o (CER), credenciados junto ao Sistema \u00danico de Sa\u00fade (SUS-MG). Eles atuam na oferta [&hellip;]<\/p>\n","protected":false},"author":1,"featured_media":99059,"comment_status":"open","ping_status":"closed","sticky":false,"template":"","format":"standard","meta":{"amp_status":"","footnotes":""},"categories":[123,40242],"tags":[3677,1504,120405,120400,120408,120406,120402,120401,120407,120399,120409,120403,120404],"class_list":["post-99061","post","type-post","status-publish","format-standard","has-post-thumbnail","hentry","category-gerais","category-saude-2","tag-alem-paraiba","tag-araxa","tag-brincadeira-pode-ser-importante-aliada-para-promover-o-neurodesenvolvimento-e-a-aprendizagem-das-criancas-com-alguma-deficiencia","tag-brincadeiras-ajudam-a-reabilitar-criancas-com-deficiencia","tag-carlos-eduardo-gomes-senra","tag-centro-especializado-em-reabilitacao-de-alem-paraiba","tag-cerii","tag-cerii-alem-paraiba","tag-cerii-de-alem-paraiba","tag-ferramentas-ludicas-e-pedagogicas-assumem-papel-importante-na-reabilitacao-de-criancas-com-deficiencia","tag-miguel-eduardo-magalhaes-rosa","tag-reabilitacao-de-criancas-com-deficiencia","tag-recuperacao-de-criancas-com-deficiencia"],"_links":{"self":[{"href":"https:\/\/aconteceunovale.com.br\/portal\/index.php?rest_route=\/wp\/v2\/posts\/99061","targetHints":{"allow":["GET"]}}],"collection":[{"href":"https:\/\/aconteceunovale.com.br\/portal\/index.php?rest_route=\/wp\/v2\/posts"}],"about":[{"href":"https:\/\/aconteceunovale.com.br\/portal\/index.php?rest_route=\/wp\/v2\/types\/post"}],"author":[{"embeddable":true,"href":"https:\/\/aconteceunovale.com.br\/portal\/index.php?rest_route=\/wp\/v2\/users\/1"}],"replies":[{"embeddable":true,"href":"https:\/\/aconteceunovale.com.br\/portal\/index.php?rest_route=%2Fwp%2Fv2%2Fcomments&post=99061"}],"version-history":[{"count":0,"href":"https:\/\/aconteceunovale.com.br\/portal\/index.php?rest_route=\/wp\/v2\/posts\/99061\/revisions"}],"wp:featuredmedia":[{"embeddable":true,"href":"https:\/\/aconteceunovale.com.br\/portal\/index.php?rest_route=\/wp\/v2\/media\/99059"}],"wp:attachment":[{"href":"https:\/\/aconteceunovale.com.br\/portal\/index.php?rest_route=%2Fwp%2Fv2%2Fmedia&parent=99061"}],"wp:term":[{"taxonomy":"category","embeddable":true,"href":"https:\/\/aconteceunovale.com.br\/portal\/index.php?rest_route=%2Fwp%2Fv2%2Fcategories&post=99061"},{"taxonomy":"post_tag","embeddable":true,"href":"https:\/\/aconteceunovale.com.br\/portal\/index.php?rest_route=%2Fwp%2Fv2%2Ftags&post=99061"}],"curies":[{"name":"wp","href":"https:\/\/api.w.org\/{rel}","templated":true}]}}