{"id":99049,"date":"2016-10-13T12:22:02","date_gmt":"2016-10-13T15:22:02","guid":{"rendered":"http:\/\/aconteceunovale.com.br\/portal\/?p=99049"},"modified":"2016-10-13T12:25:03","modified_gmt":"2016-10-13T15:25:03","slug":"capelinha-sedia-7o-seminario-do-cafe-da-chapada-de-minas","status":"publish","type":"post","link":"https:\/\/aconteceunovale.com.br\/portal\/?p=99049","title":{"rendered":"Capelinha sedia 7\u00ba Semin\u00e1rio do Caf\u00e9 da Chapada de Minas"},"content":{"rendered":"<p>Ser\u00e1 realizado no pr\u00f3ximo dia 20 de outubro, em Capelinha, no Vale do Jequitinhonha, o 7\u00ba Semin\u00e1rio do Caf\u00e9 da Chapada de Minas. O evento, promovido pelo Sebrae Minas, acontece no Parque de Exposi\u00e7\u00f5es da cidade. As inscri\u00e7\u00f5es s\u00e3o gratuitas e podem ser feitas nos pontos de atendimento do Sebrae e da Emater. Outras informa\u00e7\u00f5es podem ser obtidas no ponto de atendimento do Sebrae em Capelinha pelo telefone (33) 3516-3636 ou com a Emater atrav\u00e9s do n\u00famero (33) 3516-2028.<\/p>\n<p>O Semin\u00e1rio do Caf\u00e9 \u00e9 um ambiente permanente de estudo, an\u00e1lise e discuss\u00e3o de temas voltados para a cadeia do agroneg\u00f3cio de caf\u00e9. Por meio de palestras, wokshops e mesa-redonda, cafeicultores e comunidade v\u00e3o debater sobre a din\u00e2mica do neg\u00f3cio do caf\u00e9 no Brasil e no mundo. Ser\u00e3o abordados aspectos relevantes para a regi\u00e3o da Chapada de Minas, atentando para os focos estrat\u00e9gicos da gest\u00e3o, governan\u00e7a, produtividade, sustentabilidade, acesso a mercados e identidade. <\/p>\n<p>Pela manh\u00e3, o renomado meteorologista Ruibran dos Reis ir\u00e1 falar sobre as mudan\u00e7as clim\u00e1ticas nas regi\u00f5es norte e nordeste de Minas.Em uma outra palestra ser\u00e3o abordadas as potencialidades, desafios e perspectivas da regi\u00e3o da Chapada de Minas. <\/p>\n<p>Na segunda parte do semin\u00e1rio os wokshops discutem sobre a qualidade do caf\u00e9 como fator de sustentabilidade da cafeicultura. Outro tema de grande interesse para os produtores ser\u00e1 a discuss\u00e3o sobre alternativas de renda para pequenas propriedades cafeeiras. Um case regional ser\u00e1 mostrado como sucesso do empreendedorismo rural. Para fechar as atividades uma mesa-redonda ir\u00e1 discutir o cen\u00e1rio da cafeicultura na perspectiva do mercado nacional e internacional, com experi\u00eancias da BSCA, Coocafe, Minasul, Interbrasil Coffee e Emater. <\/p>\n<p>O Semin\u00e1rio realizado pelo Sebrae conta com a parceria da Emater, Associa\u00e7\u00e3o Comercial, Industrial, Agropecu\u00e1ria e de Servi\u00e7os (Aciac), Sindicato dos Produtores Rurais e Prefeitura Municipal de Capelinha. <\/p>\n<p><strong>N\u00fameros<\/strong><\/p>\n<p>A Chapada de Minas \u00e9 composta por 22 munic\u00edpios com uma \u00e1rea produtiva de cerca de 30 mil hectares. De acordo com dados os Instituto Brasileiro de Geografia e Estat\u00edsticas (IBGE), em 2012, a regi\u00e3o produziu 440 mil sacas (60 kg) de caf\u00e9, o que corresponde a 3% do total produzido em Minas. Cerca de 5.800 cafeicultores da Chapada geram cerca de 20 mil empregos diretos e indiretos na regi\u00e3o.<\/p>\n<p><strong>7\u00ba Semin\u00e1rio do Caf\u00e9 da Chapada de Minas<\/strong><\/p>\n<p>Data: 20 de outubro<br \/>\nHor\u00e1rio: 07h30 \u00e0s 16h30<br \/>\nLocal: Parque de Exposi\u00e7\u00f5es de Capelinha<br \/>\nEndere\u00e7o: Rua Arlindo Jos\u00e9 de Oliveira S\/N \u2013 Capelinha-MG<\/p>\n<p><strong>Confira a programa\u00e7\u00e3o:<\/strong><\/p>\n<p>07h30: Credenciamento e Caf\u00e9 da Manh\u00e3<\/p>\n<p>08h30: Abertura Oficial<\/p>\n<p>09h00: Palestra I &#8211; Os Impactos das Mudan\u00e7as Clim\u00e1ticas nas Regi\u00f5es Norte e Nordeste de Minas Gerais \u2013 Dr. Ruibran dos Reis \/ Meteorologista PUC Minas\/Climatempo<\/p>\n<p>10h15: Palestra II &#8211; Potencialidades, desafios e perspectivas da Regi\u00e3o da Chapada de Minas &#8211;  Gustavo Viana Celestino &#8211; InterBrasil Coffee\/ Fazenda Primavera.<\/p>\n<p>12h00: Almo\u00e7o<\/p>\n<p>13h00: Palestra III &#8211; Nutri\u00e7\u00e3o do cafeeiro com organomineral \u2013 Eng. Agr\u00f4nomo Eduardo Lima de Souza\/ Fazenda Ponto Alegre.<\/p>\n<p>14h00 \u00e0s 15h00: Workshops<br \/>\n&#8211; Sala I \u2013 Workshop: A qualidade do caf\u00e9 como fator de sustentabilidade da cafeicultura &#8211; Willem Guilherme de Ara\u00fajo\/Emater<br \/>\n&#8211; Sala II \u2013 Workshop: Juventude e empreendedorismo rural, Case regional &#8211;  Pedro Ferreira dos Santos\/ Agricultor Familiar de Capelinha<br \/>\n&#8211; Sala III \u2013 Workshop: Fair Trade, alternativa de renda para pequenas propriedades cafeeiras \u2013 S\u00e9rgio Br\u00e1s Regina e Ademilson Noiman Borges \/Emater e Apas.<\/p>\n<p>15h00 \u00e1s 15h30: caf\u00e9 da tarde<\/p>\n<p>15h30 \u00e0s 16h30: Mesa-redonda: Cen\u00e1rio da cafeicultura na perspectiva do mercado nacional e internacional &#8211; BSCA, Coocafe, Minasul, Interbrasil Coffee e Emater.<\/p>\n<p>16h30: Encerramento<\/p>\n<p>(Cida Santana)<\/p>\n","protected":false},"excerpt":{"rendered":"<p>Ser\u00e1 realizado no pr\u00f3ximo dia 20 de outubro, em Capelinha, no Vale do Jequitinhonha, o 7\u00ba Semin\u00e1rio do Caf\u00e9 da Chapada de Minas. O evento, promovido pelo Sebrae Minas, acontece no Parque de Exposi\u00e7\u00f5es da cidade. As inscri\u00e7\u00f5es s\u00e3o gratuitas e podem ser feitas nos pontos de atendimento do Sebrae e da Emater. Outras informa\u00e7\u00f5es [&hellip;]<\/p>\n","protected":false},"author":1,"featured_media":71491,"comment_status":"open","ping_status":"closed","sticky":false,"template":"","format":"standard","meta":{"amp_status":"","footnotes":""},"categories":[125,120],"tags":[120372,177,120375,82992,383,132,120371,120377,1018,734,120379,98829,120378,120376,176,44759,120373,120374],"class_list":["post-99049","post","type-post","status-publish","format-standard","has-post-thumbnail","hentry","category-noticias","category-jequi","tag-7o-seminario-do-cafe-da-chapada-de-minas","tag-aciac","tag-agronegocio-de-cafe","tag-bsca","tag-cafe-da-chapada-de-minas","tag-capelinha","tag-capelinha-sedia-7o-seminario-do-cafe-da-chapada-de-minas","tag-coocafe","tag-destaque","tag-emater","tag-interbrasil-coffee","tag-meteorologista-ruibran-dos-reis","tag-minasul","tag-ruibran-dos-reis","tag-sebrae","tag-sebrae-minas","tag-seminario-do-cafe-da-chapada-de-minas","tag-seminario-do-cafe-da-chapada-de-minas-em-capelinha"],"_links":{"self":[{"href":"https:\/\/aconteceunovale.com.br\/portal\/index.php?rest_route=\/wp\/v2\/posts\/99049","targetHints":{"allow":["GET"]}}],"collection":[{"href":"https:\/\/aconteceunovale.com.br\/portal\/index.php?rest_route=\/wp\/v2\/posts"}],"about":[{"href":"https:\/\/aconteceunovale.com.br\/portal\/index.php?rest_route=\/wp\/v2\/types\/post"}],"author":[{"embeddable":true,"href":"https:\/\/aconteceunovale.com.br\/portal\/index.php?rest_route=\/wp\/v2\/users\/1"}],"replies":[{"embeddable":true,"href":"https:\/\/aconteceunovale.com.br\/portal\/index.php?rest_route=%2Fwp%2Fv2%2Fcomments&post=99049"}],"version-history":[{"count":0,"href":"https:\/\/aconteceunovale.com.br\/portal\/index.php?rest_route=\/wp\/v2\/posts\/99049\/revisions"}],"wp:featuredmedia":[{"embeddable":true,"href":"https:\/\/aconteceunovale.com.br\/portal\/index.php?rest_route=\/wp\/v2\/media\/71491"}],"wp:attachment":[{"href":"https:\/\/aconteceunovale.com.br\/portal\/index.php?rest_route=%2Fwp%2Fv2%2Fmedia&parent=99049"}],"wp:term":[{"taxonomy":"category","embeddable":true,"href":"https:\/\/aconteceunovale.com.br\/portal\/index.php?rest_route=%2Fwp%2Fv2%2Fcategories&post=99049"},{"taxonomy":"post_tag","embeddable":true,"href":"https:\/\/aconteceunovale.com.br\/portal\/index.php?rest_route=%2Fwp%2Fv2%2Ftags&post=99049"}],"curies":[{"name":"wp","href":"https:\/\/api.w.org\/{rel}","templated":true}]}}