{"id":99044,"date":"2016-10-13T10:10:41","date_gmt":"2016-10-13T13:10:41","guid":{"rendered":"http:\/\/aconteceunovale.com.br\/portal\/?p=99044"},"modified":"2016-10-13T10:10:41","modified_gmt":"2016-10-13T13:10:41","slug":"premio-nobel-de-literatura-2016-e-concedido-ao-cantor-bob-dylan","status":"publish","type":"post","link":"https:\/\/aconteceunovale.com.br\/portal\/?p=99044","title":{"rendered":"Pr\u00eamio Nobel de Literatura 2016 \u00e9 concedido ao cantor Bob Dylan"},"content":{"rendered":"<p>O pr\u00eamio Nobel de Literatura 2016 foi atribu\u00eddo a Bob Dylan, por ter criado novas formas de express\u00e3o po\u00e9ticas no quadro da grande tradi\u00e7\u00e3o da m\u00fasica americana, anunciou nesta quinta-feira a Academia Sueca.<\/p>\n<p>Bob Dylan \u00e9 o nome art\u00edstico de Robert Allen Zimmerman, nascido em 24 de maio de 1941 &#8211; compositor, cantor, pintor, ator e escritor norte-americano.<\/p>\n<p>Nascido no estado de Minnesota, neto de imigrantes judeus russos, aos 10 anos Dylan escreveu seus primeiros poemas e, ainda adolescente, aprendeu piano e guitarra sozinho. Come\u00e7ou cantando em grupos de rock, imitando Little Richard e Buddy Holly, mas quando foi para a Universidade de Minnesota em 1959, voltou-se para a folk music, impressionado com a obra musical do lend\u00e1rio cantor folk Woody Guthrie, a quem foi visitar em Nova York em 1961.<\/p>\n<p>Em 2004, foi eleito pela revista Rolling Stone o s\u00e9timo maior cantor de todos os tempos e, pela mesma revista, o segundo melhor artista da m\u00fasica de todos os tempos, ficando atr\u00e1s somente dos Beatles. Uma de suas principais can\u00e7\u00f5es, Like a Rolling Stones, foi escolhida como uma das melhores de todos os tempos.<\/p>\n<p>Em 2012, Dylan foi condecorado com a Medalha da Liberdade pelo presidente dos Estados Unidos Barack Obama.<\/p>\n<p><img decoding=\"async\" src=\"http:\/\/aconteceunovale.com.br\/portal\/wp-content\/uploads\/2016\/10\/nobel_literatura.jpg\" alt=\"\" \/><em>Nobel da Literatura vai para Bob Dylan (Divulga\u00e7\u00e3o)<\/em><br \/>\n<\/br><\/p>\n<p><strong>&#8220;Grande Poeta&#8221;<\/strong><\/p>\n<p>Em uma curta entrevista ap\u00f3s anunciar o Nobel de Literatura para o cantor e compositor norte-americano Bob Dylan, a secret\u00e1ria permanente da Academia Sueca, Sara Danius, disse que Dylan mereceu o pr\u00eamio por ser &#8220;um grande poeta na grande tradi\u00e7\u00e3o po\u00e9tica inglesa&#8221;.<\/p>\n<p>&#8220;Ele encarna essa tradi\u00e7\u00e3o&#8221;, disse Sara, lembrando que h\u00e1 54 anos o cantor, poeta e compositor se reinventa, criando novas identidades.<\/p>\n<p>Instada a escolher uma can\u00e7\u00e3o emblem\u00e1tica do Nobel da Literatura, Sara Darius disse que o \u00e1lbum Blonde on Blonde, de 1966, &#8220;\u00e9 um exemplo extraordin\u00e1rio da sua forma brilhante de rimar e do seu pensamento pict\u00f3rico&#8221;.<\/p>\n<p>A representante da Academia Sueca lembrou ainda, quando questionada sobre a especificidade da poesia de Dylan, que foi escrita para ser cantada e que tamb\u00e9m Homero e Safo, h\u00e1 mais de 2 mil anos, escreveram poesia para ser ouvida.<\/p>\n<p>Em 2015, o Nobel da Literatura foi atribu\u00eddo \u00e0 escritora bielorrussa Svetlana Aleksievitch.<\/p>\n<p>Atribu\u00eddo pela primeira vez em 1901, ao franc\u00eas Sully Prudhomme, o Nobel da Literatura, um dos mais medi\u00e1ticos ao lado do Nobel da Paz, \u00e9 sempre anunciado a uma quinta-feira, normalmente na primeira semana de outubro, na mesma semana em que os outros quatro pr\u00eamios criados por Alfred Nobel s\u00e3o anunciados.<\/p>\n<p>Este ano, no entanto, o pr\u00eamio para a \u00e1rea da Literatura \u00e9 o \u00faltimo a ser anunciado, algo que a Academia Sueca atribuiu a quest\u00f5es de calend\u00e1rio, mas que os meios de comunica\u00e7\u00e3o suecos suspeitam dever-se \u00e0 dificuldade dos membros em chegar a um acordo sobre um nome.<\/p>\n<p>Desde 1901, quando os pr\u00eamios Nobel foram atribu\u00eddos pela primeira vez, foram entregues 108 pr\u00eamios Nobel da Literatura, 14 dos quais a mulheres.<\/p>\n<p>Os pr\u00eamios Nobel nasceram da vontade do qu\u00edmico, engenheiro e industrial sueco Alfred Nobel (1833-1896) de doar a sua imensa fortuna para o reconhecimento de personalidades que prestassem servi\u00e7os \u00e0 humanidade.<\/p>\n<p>O inventor da dinamite exp\u00f4s este desejo num testamento redigido em Paris em 1895, um ano antes da sua morte. Os pr\u00eamios foram atribu\u00eddos pela primeira vez em 1901. <\/p>\n<p>(Ag\u00eancia Brasil\/Ag\u00eancia Lusa)<\/p>\n","protected":false},"excerpt":{"rendered":"<p>O pr\u00eamio Nobel de Literatura 2016 foi atribu\u00eddo a Bob Dylan, por ter criado novas formas de express\u00e3o po\u00e9ticas no quadro da grande tradi\u00e7\u00e3o da m\u00fasica americana, anunciou nesta quinta-feira a Academia Sueca. Bob Dylan \u00e9 o nome art\u00edstico de Robert Allen Zimmerman, nascido em 24 de maio de 1941 &#8211; compositor, cantor, pintor, ator [&hellip;]<\/p>\n","protected":false},"author":1,"featured_media":99045,"comment_status":"open","ping_status":"closed","sticky":false,"template":"","format":"standard","meta":{"amp_status":"","footnotes":""},"categories":[28848],"tags":[120366,120365,120354,120357,120358,120364,103932,120368,120356,120367,120369,120359,120362,120361,120360,120363,120355],"class_list":["post-99044","post","type-post","status-publish","format-standard","has-post-thumbnail","hentry","category-mundo","tag-2016-nobel-in-literature","tag-2016-nobel-prize-in-literature","tag-academia-sueca","tag-bob-dylan","tag-bob-dylan-foi-um-grande-poeta-na-tradicao-poetica-inglesa","tag-cantor-bob-dylan","tag-minnesota","tag-nobel-da-literatura-vai-para-bob-dylan","tag-nobel-de-literatura","tag-nobel-in-literature","tag-nobel-prize-in-literature-to-bob-dylan","tag-premio-nobel-da-literatura-2016","tag-premio-nobel-de-literatura-2016-e-concedido-ao-cantor-bob-dylan","tag-premio-nobel-de-literatura-2016-foi-atribuido-a-bob-dylan","tag-premio-nobel-de-literatura-e-concedido-ao-cantor-bob-dylan","tag-robert-allen-zimmerman","tag-sara-danius"],"_links":{"self":[{"href":"https:\/\/aconteceunovale.com.br\/portal\/index.php?rest_route=\/wp\/v2\/posts\/99044","targetHints":{"allow":["GET"]}}],"collection":[{"href":"https:\/\/aconteceunovale.com.br\/portal\/index.php?rest_route=\/wp\/v2\/posts"}],"about":[{"href":"https:\/\/aconteceunovale.com.br\/portal\/index.php?rest_route=\/wp\/v2\/types\/post"}],"author":[{"embeddable":true,"href":"https:\/\/aconteceunovale.com.br\/portal\/index.php?rest_route=\/wp\/v2\/users\/1"}],"replies":[{"embeddable":true,"href":"https:\/\/aconteceunovale.com.br\/portal\/index.php?rest_route=%2Fwp%2Fv2%2Fcomments&post=99044"}],"version-history":[{"count":0,"href":"https:\/\/aconteceunovale.com.br\/portal\/index.php?rest_route=\/wp\/v2\/posts\/99044\/revisions"}],"wp:featuredmedia":[{"embeddable":true,"href":"https:\/\/aconteceunovale.com.br\/portal\/index.php?rest_route=\/wp\/v2\/media\/99045"}],"wp:attachment":[{"href":"https:\/\/aconteceunovale.com.br\/portal\/index.php?rest_route=%2Fwp%2Fv2%2Fmedia&parent=99044"}],"wp:term":[{"taxonomy":"category","embeddable":true,"href":"https:\/\/aconteceunovale.com.br\/portal\/index.php?rest_route=%2Fwp%2Fv2%2Fcategories&post=99044"},{"taxonomy":"post_tag","embeddable":true,"href":"https:\/\/aconteceunovale.com.br\/portal\/index.php?rest_route=%2Fwp%2Fv2%2Ftags&post=99044"}],"curies":[{"name":"wp","href":"https:\/\/api.w.org\/{rel}","templated":true}]}}