{"id":99038,"date":"2016-10-13T09:28:48","date_gmt":"2016-10-13T12:28:48","guid":{"rendered":"http:\/\/aconteceunovale.com.br\/portal\/?p=99038"},"modified":"2016-10-13T09:28:48","modified_gmt":"2016-10-13T12:28:48","slug":"a-economia-de-energia-no-horario-de-verao","status":"publish","type":"post","link":"https:\/\/aconteceunovale.com.br\/portal\/?p=99038","title":{"rendered":"A economia de energia no hor\u00e1rio de ver\u00e3o"},"content":{"rendered":"<p>Com o in\u00edcio do hor\u00e1rio de ver\u00e3o no pr\u00f3ximo domingo, a Companhia Energ\u00e9tica de Minas Gerais (Cemig) espera uma redu\u00e7\u00e3o de 4%, o equivalente a 340 MW, no hor\u00e1rio de maior consumo de energia el\u00e9trica. Essa pot\u00eancia corresponde \u00e0 soma da demanda m\u00e1xima das cidades de Juiz de Fora e Sete Lagoas, munic\u00edpios mineiros de m\u00e9dio porte, ou de uma cidade de 800 mil habitantes. Durante todo o hor\u00e1rio de ver\u00e3o, que vigora at\u00e9 19 de fevereiro do ano que vem, espera-se uma economia de energia el\u00e9trica de at\u00e9 0,5% no estado, o que seria suficiente para abastecer Belo Horizonte durante nove dias. Para as resid\u00eancias e estabelecimentos comerciais, a redu\u00e7\u00e3o no consumo mensal pode chegar a 5%, devido ao menor tempo de utiliza\u00e7\u00e3o da ilumina\u00e7\u00e3o artificial.<\/p>\n<p>Al\u00e9m de Minas Gerais, o hor\u00e1rio de ver\u00e3o vai vigorar no Distrito Federal, Goi\u00e1s, Mato Grosso, Mato Grosso do Sul, Paran\u00e1, Rio de Janeiro, Rio Grande do Sul, Santa Catarina, S\u00e3o Paulo e Esp\u00edrito Santo. Nos \u00faltimos dez anos, houve, durante a vig\u00eancia do hor\u00e1rio de ver\u00e3o, uma redu\u00e7\u00e3o m\u00e9dia de 4,5% na demanda m\u00e1xima por energia e uma economia de 0,5% nos estados, o que equivale ao consumo mensal de energia da cidade de Bras\u00edlia, com 2,8 milh\u00f5es de habitantes.<\/p>\n<p>Outro benef\u00edcio do hor\u00e1rio de ver\u00e3o diz respeito ao aumento da confiabilidade e seguran\u00e7a da opera\u00e7\u00e3o do sistema el\u00e9trico. Segundo o Minist\u00e9rio de Minas e Energia, a estimativa de ganhos \u00e9 de R$ 147,5 milh\u00f5es, que representa o custo evitado em despacho de usinas t\u00e9rmicas por quest\u00f5es de seguran\u00e7a el\u00e9trica e atendimento \u00e0 ponta de carga. Isso acontece porque h\u00e1 uma redu\u00e7\u00e3o da demanda m\u00e1xima durante o hor\u00e1rio de pico \u2013 que ocorre no per\u00edodo entre 18 e 23 horas \u2013 al\u00e9m de, consequentemente, uma diminui\u00e7\u00e3o do risco de interrup\u00e7\u00f5es no fornecimento de energia el\u00e9trica. <\/p>\n<p>A medida beneficia, ainda, outros aspectos tamb\u00e9m relacionados ao sistema el\u00e9trico. Com a ado\u00e7\u00e3o do hor\u00e1rio de ver\u00e3o, fica mais f\u00e1cil, por exemplo, programar as manuten\u00e7\u00f5es na rede e melhorar as condi\u00e7\u00f5es de controle em situa\u00e7\u00f5es de emerg\u00eancia, al\u00e9m de diminuir a necessidade de investimentos para atendimentos localizados e contribuir para a preserva\u00e7\u00e3o do meio ambiente, com a redu\u00e7\u00e3o da queima de combust\u00edvel f\u00f3ssil pelas termel\u00e9tricas. <\/p>\n<p>Desde 2008, por meio do Decreto 6.558, foram fixadas datas para o in\u00edcio e t\u00e9rmino do hor\u00e1rio de ver\u00e3o: definiu-se que, todos os anos, a medida entra em vigor sempre \u00e0 zero hora do terceiro domingo de outubro e se estende ao terceiro domingo de fevereiro. No ano em que houver coincid\u00eancia entre o domingo previsto para o t\u00e9rmino do hor\u00e1rio de ver\u00e3o e o domingo de carnaval, o encerramento ocorre no domingo seguinte.<\/p>\n<p>O hor\u00e1rio de ver\u00e3o aproveita o fato de que, nesse per\u00edodo do ano, os dias s\u00e3o mais longos, devido \u00e0 posi\u00e7\u00e3o da Terra em rela\u00e7\u00e3o ao Sol. Em Belo Horizonte, por exemplo, os dias duram cerca de 11 horas no inverno e 13 horas no ver\u00e3o. A medida provoca o adiantamento do hor\u00e1rio civil em rela\u00e7\u00e3o ao hor\u00e1rio padr\u00e3o, retardando a liga\u00e7\u00e3o da ilumina\u00e7\u00e3o artificial, que \u00e9 acionada mais tarde do que aconteceria normalmente. O efeito provocado \u00e9 a n\u00e3o coincid\u00eancia da entrada desse tipo de ilumina\u00e7\u00e3o com o consumo do com\u00e9rcio e da ind\u00fastria, cujo montante se reduz ap\u00f3s as 18 horas, e com o aumento da carga nas resid\u00eancias, principalmente pelo uso do chuveiro el\u00e9trico.<\/p>\n<p><center><img decoding=\"async\" src=\"http:\/\/aconteceunovale.com.br\/portal\/wp-content\/uploads\/2016\/10\/wilson_lajes.jpg\" alt=\"\" \/><em>Wilson Fernandes Lage \u00e9 engenheiro<br \/>\nde planejamento do sistema el\u00e9trico da Companhia<br \/>\nEnerg\u00e9tica de Minas Gerais (Cemig)<\/em><\/center><\/p>\n","protected":false},"excerpt":{"rendered":"<p>Com o in\u00edcio do hor\u00e1rio de ver\u00e3o no pr\u00f3ximo domingo, a Companhia Energ\u00e9tica de Minas Gerais (Cemig) espera uma redu\u00e7\u00e3o de 4%, o equivalente a 340 MW, no hor\u00e1rio de maior consumo de energia el\u00e9trica. Essa pot\u00eancia corresponde \u00e0 soma da demanda m\u00e1xima das cidades de Juiz de Fora e Sete Lagoas, munic\u00edpios mineiros de [&hellip;]<\/p>\n","protected":false},"author":1,"featured_media":99041,"comment_status":"open","ping_status":"closed","sticky":false,"template":"","format":"standard","meta":{"amp_status":"","footnotes":""},"categories":[123],"tags":[120348,347,120344,18567,120345,120347,120342,120343,345,206,120346,1532],"class_list":["post-99038","post","type-post","status-publish","format-standard","has-post-thumbnail","hentry","category-gerais","tag-a-economia-de-energia-no-horario-de-verao","tag-cemig","tag-como-economizar-energia-no-horario-de-verao","tag-companhia-energetica-de-minas-gerais","tag-consumo-de-energia-eletrica","tag-consumo-de-energia-eletrica-no-horario-de-verao","tag-economia-com-o-horario-de-verao","tag-economia-de-energia-com-o-horario-de-verao","tag-horario-de-verao","tag-juiz-de-fora","tag-reducao-do-consumo-de-energia-eletrica-no-horario-de-verao","tag-sete-lagoas"],"_links":{"self":[{"href":"https:\/\/aconteceunovale.com.br\/portal\/index.php?rest_route=\/wp\/v2\/posts\/99038","targetHints":{"allow":["GET"]}}],"collection":[{"href":"https:\/\/aconteceunovale.com.br\/portal\/index.php?rest_route=\/wp\/v2\/posts"}],"about":[{"href":"https:\/\/aconteceunovale.com.br\/portal\/index.php?rest_route=\/wp\/v2\/types\/post"}],"author":[{"embeddable":true,"href":"https:\/\/aconteceunovale.com.br\/portal\/index.php?rest_route=\/wp\/v2\/users\/1"}],"replies":[{"embeddable":true,"href":"https:\/\/aconteceunovale.com.br\/portal\/index.php?rest_route=%2Fwp%2Fv2%2Fcomments&post=99038"}],"version-history":[{"count":0,"href":"https:\/\/aconteceunovale.com.br\/portal\/index.php?rest_route=\/wp\/v2\/posts\/99038\/revisions"}],"wp:featuredmedia":[{"embeddable":true,"href":"https:\/\/aconteceunovale.com.br\/portal\/index.php?rest_route=\/wp\/v2\/media\/99041"}],"wp:attachment":[{"href":"https:\/\/aconteceunovale.com.br\/portal\/index.php?rest_route=%2Fwp%2Fv2%2Fmedia&parent=99038"}],"wp:term":[{"taxonomy":"category","embeddable":true,"href":"https:\/\/aconteceunovale.com.br\/portal\/index.php?rest_route=%2Fwp%2Fv2%2Fcategories&post=99038"},{"taxonomy":"post_tag","embeddable":true,"href":"https:\/\/aconteceunovale.com.br\/portal\/index.php?rest_route=%2Fwp%2Fv2%2Ftags&post=99038"}],"curies":[{"name":"wp","href":"https:\/\/api.w.org\/{rel}","templated":true}]}}