{"id":99036,"date":"2016-10-13T09:21:53","date_gmt":"2016-10-13T12:21:53","guid":{"rendered":"http:\/\/aconteceunovale.com.br\/portal\/?p=99036"},"modified":"2016-10-13T09:21:53","modified_gmt":"2016-10-13T12:21:53","slug":"plantao-samu-macro-norte-nesta-quinta-feira-13-de-outubro","status":"publish","type":"post","link":"https:\/\/aconteceunovale.com.br\/portal\/?p=99036","title":{"rendered":"Plant\u00e3o SAMU Macro Norte, nesta quinta-feira, 13 de outubro"},"content":{"rendered":"<h4><strong><em>SAMU INFORMA: Quinta-Feira, 13 de outubro de 2016 (5h do dia 12\/10 \u00e0s 6h do dia 13\/10)<\/em><\/strong><\/h4>\n<p>As unidades do SAMU realizaram 173 atendimentos em toda Macro Norte, 92 deles em Montes Claros. Foram 64 casos cl\u00ednicos, 21 acidentes de tr\u00e2nsito, 15 envolveram moto, 11 atendimentos psiqui\u00e1tricos, 10 gestantes atendidas pelo SAMU, 4 em trabalho de parto, 5 pessoas sofreram queda de pr\u00f3pria altura, 6 pessoas atendidas feridas por arma de fogo,  1 vitima ferida por arma branca e 5 atendimentos por agress\u00e3o. Em Montes Claros foram 35 atendimentos cl\u00ednicos, 7 acidentes de tr\u00e2nsito, 6 envolvendo moto, 1 atendimento psiqui\u00e1trico, 3 pessoas  sofreram queda de pr\u00f3pria altura, 2 gestantes atendidas pelo SAMU e 1 atendimento por agress\u00e3o. At\u00e9 o momento do fechamento desse relat\u00f3rio nenhuma ocorr\u00eancia de tr\u00e2nsito em andamento. (Ascom Samu)<\/p>\n","protected":false},"excerpt":{"rendered":"<p>SAMU INFORMA: Quinta-Feira, 13 de outubro de 2016 (5h do dia 12\/10 \u00e0s 6h do dia 13\/10) As unidades do SAMU realizaram 173 atendimentos em toda Macro Norte, 92 deles em Montes Claros. Foram 64 casos cl\u00ednicos, 21 acidentes de tr\u00e2nsito, 15 envolveram moto, 11 atendimentos psiqui\u00e1tricos, 10 gestantes atendidas pelo SAMU, 4 em trabalho [&hellip;]<\/p>\n","protected":false},"author":1,"featured_media":37592,"comment_status":"open","ping_status":"closed","sticky":false,"template":"","format":"standard","meta":{"amp_status":"","footnotes":""},"categories":[1236],"tags":[62977,13996,37346,120003,19864,13995,120340,120341],"class_list":["post-99036","post","type-post","status-publish","format-standard","has-post-thumbnail","hentry","category-norte_de_minas","tag-13-de-outubro","tag-atendimentos-do-samu-em-montes-claros","tag-nesta-quinta-feira","tag-ocorrencias-samu-montes-claros","tag-plantao-do-samu-em-montes-claros","tag-plantao-samu-macro-norte","tag-plantao-samu-macro-norte-nesta-quinta-feira","tag-plantao-samu-macro-norte-nesta-quinta-feira-13-de-outubro"],"_links":{"self":[{"href":"https:\/\/aconteceunovale.com.br\/portal\/index.php?rest_route=\/wp\/v2\/posts\/99036","targetHints":{"allow":["GET"]}}],"collection":[{"href":"https:\/\/aconteceunovale.com.br\/portal\/index.php?rest_route=\/wp\/v2\/posts"}],"about":[{"href":"https:\/\/aconteceunovale.com.br\/portal\/index.php?rest_route=\/wp\/v2\/types\/post"}],"author":[{"embeddable":true,"href":"https:\/\/aconteceunovale.com.br\/portal\/index.php?rest_route=\/wp\/v2\/users\/1"}],"replies":[{"embeddable":true,"href":"https:\/\/aconteceunovale.com.br\/portal\/index.php?rest_route=%2Fwp%2Fv2%2Fcomments&post=99036"}],"version-history":[{"count":0,"href":"https:\/\/aconteceunovale.com.br\/portal\/index.php?rest_route=\/wp\/v2\/posts\/99036\/revisions"}],"wp:featuredmedia":[{"embeddable":true,"href":"https:\/\/aconteceunovale.com.br\/portal\/index.php?rest_route=\/wp\/v2\/media\/37592"}],"wp:attachment":[{"href":"https:\/\/aconteceunovale.com.br\/portal\/index.php?rest_route=%2Fwp%2Fv2%2Fmedia&parent=99036"}],"wp:term":[{"taxonomy":"category","embeddable":true,"href":"https:\/\/aconteceunovale.com.br\/portal\/index.php?rest_route=%2Fwp%2Fv2%2Fcategories&post=99036"},{"taxonomy":"post_tag","embeddable":true,"href":"https:\/\/aconteceunovale.com.br\/portal\/index.php?rest_route=%2Fwp%2Fv2%2Ftags&post=99036"}],"curies":[{"name":"wp","href":"https:\/\/api.w.org\/{rel}","templated":true}]}}