{"id":99034,"date":"2016-10-13T09:17:50","date_gmt":"2016-10-13T12:17:50","guid":{"rendered":"http:\/\/aconteceunovale.com.br\/portal\/?p=99034"},"modified":"2016-10-13T09:17:50","modified_gmt":"2016-10-13T12:17:50","slug":"quinta-feira-com-sol-na-maior-parte-de-mg-e-possibilidade-de-chuvas-no-fim-da-tarde-em-algumas-regioes","status":"publish","type":"post","link":"https:\/\/aconteceunovale.com.br\/portal\/?p=99034","title":{"rendered":"Quinta-feira com sol na maior parte de MG e possibilidade de chuvas no fim da tarde em algumas regi\u00f5es"},"content":{"rendered":"<p><em><\/p>\n<h4><strong>Previs\u00e3o do tempo para Minas Gerais, nesta quinta-feira, 13 de outubro.<\/strong><\/h4>\n<p><\/em><\/p>\n<p>O tempo segue est\u00e1vel em boa parte de Minas Gerais. O dia ser\u00e1 de tempo ensolarado a parcialmente nublado, sem chuva e temperaturas diurnas elevadas, favorecendo a queda dos \u00edndices de umidade relativa do ar \u00e0 tarde, abaixo de 30%, principalmente, no Norte, Noroeste, Central Mineira, Metropolitana de Belo Horizonte, Oeste e boa parte do Tri\u00e2ngulo\/Alto Parana\u00edba. H\u00e1 possibilidade de pancadas de chuva isoladas na Zona da Mata, Campo das Vertentes, Sul e por\u00e7\u00e3o sul do Tri\u00e2ngulo Mineiro\/Alto Parana\u00edba. Nos Vales do Rio Doce, Mucuri e Jequitinhonha, o c\u00e9u deve ficar com muitas nuvens e pode ocorrer chuva fraca em \u00e1reas isoladas. Na Regi\u00e3o Metropolitana de Belo Horizonte e na capital mineira, o sol deve predominar entre algumas nuvens e os \u00edndices de umidade relativa do ficam baixos \u00e0 tarde. Em Belo Horizonte, os term\u00f4metros oscilam entre 15 e 30\u00b0C, com umidade relativa do ar em torno de 30% \u00e0 tarde.<\/p>\n","protected":false},"excerpt":{"rendered":"<p>Previs\u00e3o do tempo para Minas Gerais, nesta quinta-feira, 13 de outubro. O tempo segue est\u00e1vel em boa parte de Minas Gerais. O dia ser\u00e1 de tempo ensolarado a parcialmente nublado, sem chuva e temperaturas diurnas elevadas, favorecendo a queda dos \u00edndices de umidade relativa do ar \u00e0 tarde, abaixo de 30%, principalmente, no Norte, Noroeste, [&hellip;]<\/p>\n","protected":false},"author":1,"featured_media":69600,"comment_status":"open","ping_status":"closed","sticky":false,"template":"","format":"standard","meta":{"amp_status":"","footnotes":""},"categories":[123],"tags":[62977,194,131,37346,1956,27340,120336,86092,120335,1839,120339,29257,120338,120337,120334],"class_list":["post-99034","post","type-post","status-publish","format-standard","has-post-thumbnail","hentry","category-gerais","tag-13-de-outubro","tag-belo-horizonte","tag-minas-gerais","tag-nesta-quinta-feira","tag-previsao-do-tempo","tag-previsao-do-tempo-para-belo-horizonte","tag-previsao-do-tempo-para-belo-horizonte-13-de-outubro","tag-previsao-do-tempo-para-belo-horizonte-nesta-quinta-feira","tag-previsao-do-tempo-para-belo-horizonte-nesta-quinta-feira-13-de-outubro","tag-previsao-do-tempo-para-minas-gerais","tag-previsao-do-tempo-para-minas-gerais-13-de-outubro","tag-previsao-do-tempo-para-minas-gerais-nesta-quinta-feira","tag-previsao-do-tempo-para-minas-gerais-nesta-quinta-feira-13-de-outubro","tag-quinta-feira-13-de-outubro","tag-quinta-feira-com-sol-na-maior-parte-de-mg-e-possibilidade-de-chuvas-no-fim-da-tarde-em-algumas-regioes"],"_links":{"self":[{"href":"https:\/\/aconteceunovale.com.br\/portal\/index.php?rest_route=\/wp\/v2\/posts\/99034","targetHints":{"allow":["GET"]}}],"collection":[{"href":"https:\/\/aconteceunovale.com.br\/portal\/index.php?rest_route=\/wp\/v2\/posts"}],"about":[{"href":"https:\/\/aconteceunovale.com.br\/portal\/index.php?rest_route=\/wp\/v2\/types\/post"}],"author":[{"embeddable":true,"href":"https:\/\/aconteceunovale.com.br\/portal\/index.php?rest_route=\/wp\/v2\/users\/1"}],"replies":[{"embeddable":true,"href":"https:\/\/aconteceunovale.com.br\/portal\/index.php?rest_route=%2Fwp%2Fv2%2Fcomments&post=99034"}],"version-history":[{"count":0,"href":"https:\/\/aconteceunovale.com.br\/portal\/index.php?rest_route=\/wp\/v2\/posts\/99034\/revisions"}],"wp:featuredmedia":[{"embeddable":true,"href":"https:\/\/aconteceunovale.com.br\/portal\/index.php?rest_route=\/wp\/v2\/media\/69600"}],"wp:attachment":[{"href":"https:\/\/aconteceunovale.com.br\/portal\/index.php?rest_route=%2Fwp%2Fv2%2Fmedia&parent=99034"}],"wp:term":[{"taxonomy":"category","embeddable":true,"href":"https:\/\/aconteceunovale.com.br\/portal\/index.php?rest_route=%2Fwp%2Fv2%2Fcategories&post=99034"},{"taxonomy":"post_tag","embeddable":true,"href":"https:\/\/aconteceunovale.com.br\/portal\/index.php?rest_route=%2Fwp%2Fv2%2Ftags&post=99034"}],"curies":[{"name":"wp","href":"https:\/\/api.w.org\/{rel}","templated":true}]}}