{"id":98993,"date":"2016-10-12T13:30:54","date_gmt":"2016-10-12T16:30:54","guid":{"rendered":"http:\/\/aconteceunovale.com.br\/portal\/?p=98993"},"modified":"2016-10-12T13:30:54","modified_gmt":"2016-10-12T16:30:54","slug":"policia-militar-prende-dois-envolvidos-em-roubo-a-agencia-dos-correios-em-dom-cavati","status":"publish","type":"post","link":"https:\/\/aconteceunovale.com.br\/portal\/?p=98993","title":{"rendered":"Pol\u00edcia Militar prende dois envolvidos em roubo a ag\u00eancia dos Correios em Dom Cavati"},"content":{"rendered":"<p>A Pol\u00edcia Militar (PM) conseguiu prender dois dos cinco criminosos que participaram do assalto a ag\u00eancia dos Correios de Dom Cavati, na regi\u00e3o do Rio Doce, nessa ter\u00e7a-feira (11\/10), que terminou com um sargento baleado. <\/p>\n<p>A dupla foi presa na regi\u00e3o de S\u00e3o Sim\u00e3o do Rio Preto, munic\u00edpio de Simon\u00e9sia, ap\u00f3s uma testemunha identificar o carro que estava com os suspeitos. O Fiat Strada apreendido com os assaltantes \u00e9 o mesmo usado no assalto.<\/p>\n<p>Al\u00e9m do ve\u00edculo, com a dupla foram apreendidos mais de R$ 1.700 em dinheiro e uma balan\u00e7a de precis\u00e3o. Ap\u00f3s a pris\u00e3o, os criminosos foram levados para a Delegacia de Pol\u00edcia Civil de Manhua\u00e7u. <\/p>\n<p>Um cerco \u00e9 feito pela Pol\u00edcia Civil na regi\u00e3o para tentar localizar os outros envolvidos no crime. <\/p>\n<p><img decoding=\"async\" src=\"http:\/\/aconteceunovale.com.br\/portal\/wp-content\/uploads\/2016\/10\/sargento_aroldo_2.jpg\" alt=\"\" \/><em>Ag\u00eancia fica no Centro de Dom Cavati (Foto: Reprodu\u00e7\u00e3o\/Super Canal Caratinga)<\/em><br \/>\n<\/br><\/p>\n<p><strong>Entenda <\/strong><\/p>\n<p>O grupo de cinco criminosos fortemente armados chegou a ag\u00eancia, localizada na rua Novo Horizonte, no Centro de Dom Cavati, em um Fiat Strada prata, por volta de 9h dessa ter\u00e7a. Enquanto quatro assaltantes entraram nos Correios e renderam o vigia e os funcion\u00e1rios, um suspeito ficou do lado de fora vigiando a movimenta\u00e7\u00e3o.<\/p>\n<p>Segundo informou a Pol\u00edcia Militar, o terceiro sargento Aroldo Andrade de Souza seguia, fardado, para o quartel, onde pegaria servi\u00e7o \u00e0s 10h, quando percebeu que poderia estar ocorrendo o assalto. O militar resolveu parar para averiguar o que estava, de fato acontecendo, e foi surpreendido pelo criminoso que estava de guarda.<\/p>\n<p>Ao perceber a presen\u00e7a do sargento, o suspeito que estava de guarda iniciou um tiroteio. Os outros criminosos que estavam no interior da ag\u00eancia foram para a rua e tamb\u00e9m come\u00e7aram a disparar contra a v\u00edtima.<\/p>\n<p>Em meio a troca de tiros, o sargento Aroldo acabou atingido de rap\u00e3o na cabe\u00e7a. O colete a prova de balas do militar tamb\u00e9m foi atingido por duas balas. No meio da confus\u00e3o, os criminosos fugiram.<\/p>\n<p>Outros militares foram acionados por funcion\u00e1rios dos Correios e ao chegar no local depararam com o sargento ferido. O policial foi socorrido por populares e encaminhado para o Hospital M\u00e1rcio Cunha, em Ipatinga.<\/p>\n<p><img decoding=\"async\" src=\"http:\/\/aconteceunovale.com.br\/portal\/wp-content\/uploads\/2016\/10\/sargento_aroldo_1.jpg\" alt=\"\" \/><em>Sargento Aroldo se recupera bem (Foto: Reprodu\u00e7\u00e3o\/Super Canal Caratinga)<\/em><br \/>\n<\/br><\/p>\n<p><strong>Sargento se recupera bem<\/strong><\/p>\n<p>Na tarde de ontem (11), Sargento Aroldo Andrade, foi submetido a um procedimento cir\u00fargico para a retirada do proj\u00e9til alojado em sua cabe\u00e7a. Segundo informa\u00e7\u00f5es de familiares, ap\u00f3s a cirurgia o policial foi levado para a UTI, onde dever\u00e1 permanecer por alguns dias em observa\u00e7\u00e3o. O seu estado de sa\u00fade \u00e9 est\u00e1vel. Ele est\u00e1 consciente e houve \u00eaxito no procedimento cir\u00fargico, conforme informado pela equipe m\u00e9dica do Hospital M\u00e1rcio Cunha a familiares.<\/p>\n<p>Horas antes da cirurgia, Sargento Aroldo chegou a gravar um \u00e1udio a amigos e familiares. O policial destacou que estava bem, agradeceu a Deus pela vida e aos amigos pelas ora\u00e7\u00f5es, ressaltando que logo estaria de volta ao trabalho.<\/p>\n<p><strong>V\u00eddeo<\/strong><\/p>\n<p>Um morador do munic\u00edpio registrou o momento em que os policiais militares s\u00e3o recebidos a balas. Confira no v\u00eddeo abaixo:<\/p>\n<p><iframe loading=\"lazy\" width=\"640\" height=\"360\" src=\"https:\/\/www.youtube.com\/embed\/ofNkkyeFTcs\" frameborder=\"0\" allowfullscreen><\/iframe><br \/>\n<\/br><\/p>\n<p><iframe loading=\"lazy\" width=\"640\" height=\"360\" src=\"https:\/\/www.youtube.com\/embed\/TdFHBP_jMjo\" frameborder=\"0\" allowfullscreen><\/iframe><br \/>\n<\/br><\/p>\n<p><em>(Com informa\u00e7\u00f5es do Jornal O Tempo e Super Canal Caratinga)<\/em><\/p>\n","protected":false},"excerpt":{"rendered":"<p>A Pol\u00edcia Militar (PM) conseguiu prender dois dos cinco criminosos que participaram do assalto a ag\u00eancia dos Correios de Dom Cavati, na regi\u00e3o do Rio Doce, nessa ter\u00e7a-feira (11\/10), que terminou com um sargento baleado. A dupla foi presa na regi\u00e3o de S\u00e3o Sim\u00e3o do Rio Preto, munic\u00edpio de Simon\u00e9sia, ap\u00f3s uma testemunha identificar o [&hellip;]<\/p>\n","protected":false},"author":1,"featured_media":98995,"comment_status":"open","ping_status":"closed","sticky":false,"template":"","format":"standard","meta":{"amp_status":"","footnotes":""},"categories":[121],"tags":[120057,120278,120058,120061,1328,120054,120063,120279,23374,120060,120064,120056,120059,120062,120052,120055,120053],"class_list":["post-98993","post","type-post","status-publish","format-standard","has-post-thumbnail","hentry","category-leste","tag-agencia-dos-correios-em-dom-cavati","tag-aroldo-andrade-de-souza","tag-assalto-a-agencia-dos-correios-em-dom-cavati","tag-assalto-dom-cavati","tag-dom-cavati","tag-estado-de-saude-do-sargento-aroldo","tag-pm-baleado-em-dom-cavati","tag-policia-militar-prende-dois-envolvidos-em-roubo-a-agencia-dos-correios-em-dom-cavati","tag-policial-baleado-em-dom-cavati","tag-policial-militar-baleado-em-assalto-a-agencia-dos-correios-em-dom-cavati","tag-policial-militar-baleado-em-dom-cavati","tag-policial-militar-e-baleado-durante-assalto-a-agencia-dos-correios-em-dom-cavati","tag-roubo-a-agencia-dos-correios-em-dom-cavati","tag-roubo-dom-cavati","tag-sargento-aroldo","tag-sargento-aroldo-de-dom-cavati","tag-sargento-aroldo-e-baleado"],"yoast_head":"<!-- This site is optimized with the Yoast SEO plugin v28.3 - https:\/\/yoast.com\/product\/yoast-seo-wordpress\/ -->\n<title>Pol\u00edcia Militar prende dois envolvidos em roubo a ag\u00eancia dos Correios em Dom Cavati - Aconteceu no Vale<\/title>\n<meta name=\"robots\" content=\"index, follow, max-snippet:-1, max-image-preview:large, max-video-preview:-1\" \/>\n<link rel=\"canonical\" href=\"https:\/\/aconteceunovale.com.br\/portal\/?p=98993\" \/>\n<meta property=\"og:locale\" content=\"pt_BR\" \/>\n<meta property=\"og:type\" content=\"article\" \/>\n<meta property=\"og:title\" content=\"Pol\u00edcia Militar prende dois envolvidos em roubo a ag\u00eancia dos Correios em Dom Cavati - Aconteceu no Vale\" \/>\n<meta property=\"og:description\" content=\"A Pol\u00edcia Militar (PM) conseguiu prender dois dos cinco criminosos que participaram do assalto a ag\u00eancia dos Correios de Dom Cavati, na regi\u00e3o do Rio Doce, nessa ter\u00e7a-feira (11\/10), que terminou com um sargento baleado. A dupla foi presa na regi\u00e3o de S\u00e3o Sim\u00e3o do Rio Preto, munic\u00edpio de Simon\u00e9sia, ap\u00f3s uma testemunha identificar o [&hellip;]\" \/>\n<meta property=\"og:url\" content=\"https:\/\/aconteceunovale.com.br\/portal\/?p=98993\" \/>\n<meta property=\"og:site_name\" content=\"Aconteceu no Vale\" \/>\n<meta property=\"article:publisher\" content=\"https:\/\/www.facebook.com\/aconteceunovale\/\" \/>\n<meta property=\"article:published_time\" content=\"2016-10-12T16:30:54+00:00\" \/>\n<meta property=\"og:image\" content=\"https:\/\/aconteceunovale.com.br\/portal\/wp-content\/uploads\/2016\/10\/sargento_aroldo_2.jpg\" \/>\n\t<meta property=\"og:image:width\" content=\"678\" \/>\n\t<meta property=\"og:image:height\" content=\"381\" \/>\n\t<meta property=\"og:image:type\" content=\"image\/jpeg\" \/>\n<meta name=\"author\" content=\"Aconteceu no Vale\" \/>\n<meta name=\"twitter:card\" content=\"summary_large_image\" \/>\n<meta name=\"twitter:creator\" content=\"@noticiadosvales\" \/>\n<meta name=\"twitter:site\" content=\"@noticiadosvales\" \/>\n<meta name=\"twitter:label1\" content=\"Escrito por\" \/>\n\t<meta name=\"twitter:data1\" content=\"Aconteceu no Vale\" \/>\n\t<meta name=\"twitter:label2\" content=\"Est. tempo de leitura\" \/>\n\t<meta name=\"twitter:data2\" content=\"3 minutos\" \/>\n<script type=\"application\/ld+json\" class=\"yoast-schema-graph\">{\"@context\":\"https:\\\/\\\/schema.org\",\"@graph\":[{\"@type\":\"Article\",\"@id\":\"https:\\\/\\\/aconteceunovale.com.br\\\/portal\\\/?p=98993#article\",\"isPartOf\":{\"@id\":\"https:\\\/\\\/aconteceunovale.com.br\\\/portal\\\/?p=98993\"},\"author\":{\"name\":\"Aconteceu no Vale\",\"@id\":\"https:\\\/\\\/aconteceunovale.com.br\\\/portal\\\/#\\\/schema\\\/person\\\/633529146f2c94272bef50ac2953d589\"},\"headline\":\"Pol\u00edcia Militar prende dois envolvidos em roubo a ag\u00eancia dos Correios em Dom Cavati\",\"datePublished\":\"2016-10-12T16:30:54+00:00\",\"mainEntityOfPage\":{\"@id\":\"https:\\\/\\\/aconteceunovale.com.br\\\/portal\\\/?p=98993\"},\"wordCount\":571,\"commentCount\":0,\"image\":{\"@id\":\"https:\\\/\\\/aconteceunovale.com.br\\\/portal\\\/?p=98993#primaryimage\"},\"thumbnailUrl\":\"https:\\\/\\\/aconteceunovale.com.br\\\/portal\\\/wp-content\\\/uploads\\\/2016\\\/10\\\/sargento_aroldo_2.jpg\",\"keywords\":[\"ag\u00eancia dos correios em Dom Cavati\",\"Aroldo Andrade de Souza\",\"Assalto a ag\u00eancia dos correios em Dom Cavati\",\"Assalto Dom Cavati\",\"Dom Cavati\",\"Estado de sa\u00fade do Sargento Aroldo\",\"PM baleado em Dom Cavati\",\"Pol\u00edcia Militar prende dois envolvidos em roubo a ag\u00eancia dos Correios em Dom Cavati\",\"policial baleado em dom cavati\",\"Policial militar baleado em assalto a ag\u00eancia dos correios em Dom Cavati\",\"Policial militar baleado em Dom Cavati\",\"Policial militar \u00e9 baleado durante assalto a ag\u00eancia dos correios em Dom Cavati\",\"Roubo a ag\u00eancia dos correios em Dom Cavati\",\"Roubo Dom Cavati\",\"Sargento Aroldo\",\"Sargento Aroldo de Dom Cavati\",\"Sargento Aroldo \u00e9 baleado\"],\"articleSection\":[\"Leste de Minas\"],\"inLanguage\":\"pt-BR\",\"potentialAction\":[{\"@type\":\"CommentAction\",\"name\":\"Comment\",\"target\":[\"https:\\\/\\\/aconteceunovale.com.br\\\/portal\\\/?p=98993#respond\"]}]},{\"@type\":\"WebPage\",\"@id\":\"https:\\\/\\\/aconteceunovale.com.br\\\/portal\\\/?p=98993\",\"url\":\"https:\\\/\\\/aconteceunovale.com.br\\\/portal\\\/?p=98993\",\"name\":\"Pol\u00edcia Militar prende dois envolvidos em roubo a ag\u00eancia dos Correios em Dom Cavati - Aconteceu no Vale\",\"isPartOf\":{\"@id\":\"https:\\\/\\\/aconteceunovale.com.br\\\/portal\\\/#website\"},\"primaryImageOfPage\":{\"@id\":\"https:\\\/\\\/aconteceunovale.com.br\\\/portal\\\/?p=98993#primaryimage\"},\"image\":{\"@id\":\"https:\\\/\\\/aconteceunovale.com.br\\\/portal\\\/?p=98993#primaryimage\"},\"thumbnailUrl\":\"https:\\\/\\\/aconteceunovale.com.br\\\/portal\\\/wp-content\\\/uploads\\\/2016\\\/10\\\/sargento_aroldo_2.jpg\",\"datePublished\":\"2016-10-12T16:30:54+00:00\",\"author\":{\"@id\":\"https:\\\/\\\/aconteceunovale.com.br\\\/portal\\\/#\\\/schema\\\/person\\\/633529146f2c94272bef50ac2953d589\"},\"breadcrumb\":{\"@id\":\"https:\\\/\\\/aconteceunovale.com.br\\\/portal\\\/?p=98993#breadcrumb\"},\"inLanguage\":\"pt-BR\",\"potentialAction\":[{\"@type\":\"ReadAction\",\"target\":[\"https:\\\/\\\/aconteceunovale.com.br\\\/portal\\\/?p=98993\"]}]},{\"@type\":\"ImageObject\",\"inLanguage\":\"pt-BR\",\"@id\":\"https:\\\/\\\/aconteceunovale.com.br\\\/portal\\\/?p=98993#primaryimage\",\"url\":\"https:\\\/\\\/aconteceunovale.com.br\\\/portal\\\/wp-content\\\/uploads\\\/2016\\\/10\\\/sargento_aroldo_2.jpg\",\"contentUrl\":\"https:\\\/\\\/aconteceunovale.com.br\\\/portal\\\/wp-content\\\/uploads\\\/2016\\\/10\\\/sargento_aroldo_2.jpg\",\"width\":678,\"height\":381},{\"@type\":\"BreadcrumbList\",\"@id\":\"https:\\\/\\\/aconteceunovale.com.br\\\/portal\\\/?p=98993#breadcrumb\",\"itemListElement\":[{\"@type\":\"ListItem\",\"position\":1,\"name\":\"In\u00edcio\",\"item\":\"https:\\\/\\\/aconteceunovale.com.br\\\/portal\\\/\"},{\"@type\":\"ListItem\",\"position\":2,\"name\":\"Pol\u00edcia Militar prende dois envolvidos em roubo a ag\u00eancia dos Correios em Dom Cavati\"}]},{\"@type\":\"WebSite\",\"@id\":\"https:\\\/\\\/aconteceunovale.com.br\\\/portal\\\/#website\",\"url\":\"https:\\\/\\\/aconteceunovale.com.br\\\/portal\\\/\",\"name\":\"Aconteceu no Vale\",\"description\":\"Portal de Not\u00edcias\",\"potentialAction\":[{\"@type\":\"SearchAction\",\"target\":{\"@type\":\"EntryPoint\",\"urlTemplate\":\"https:\\\/\\\/aconteceunovale.com.br\\\/portal\\\/?s={search_term_string}\"},\"query-input\":{\"@type\":\"PropertyValueSpecification\",\"valueRequired\":true,\"valueName\":\"search_term_string\"}}],\"inLanguage\":\"pt-BR\"},{\"@type\":\"Person\",\"@id\":\"https:\\\/\\\/aconteceunovale.com.br\\\/portal\\\/#\\\/schema\\\/person\\\/633529146f2c94272bef50ac2953d589\",\"name\":\"Aconteceu no Vale\",\"description\":\"Equipe de reportagem do Aconteceu no Vale, portal de not\u00edcias do Vale do Jequitinhonha, em Minas Gerais. Cobrimos as 51 cidades do Vale desde 2013. Sugest\u00f5es de pauta e pedidos de corre\u00e7\u00e3o: contato@aconteceunovale.com.br\",\"sameAs\":[\"http:\\\/\\\/www.aconteceunovale.com.br\"],\"url\":\"https:\\\/\\\/aconteceunovale.com.br\\\/portal\\\/?author=1\"}]}<\/script>\n<!-- \/ Yoast SEO plugin. -->","yoast_head_json":{"title":"Pol\u00edcia Militar prende dois envolvidos em roubo a ag\u00eancia dos Correios em Dom Cavati - Aconteceu no Vale","robots":{"index":"index","follow":"follow","max-snippet":"max-snippet:-1","max-image-preview":"max-image-preview:large","max-video-preview":"max-video-preview:-1"},"canonical":"https:\/\/aconteceunovale.com.br\/portal\/?p=98993","og_locale":"pt_BR","og_type":"article","og_title":"Pol\u00edcia Militar prende dois envolvidos em roubo a ag\u00eancia dos Correios em Dom Cavati - Aconteceu no Vale","og_description":"A Pol\u00edcia Militar (PM) conseguiu prender dois dos cinco criminosos que participaram do assalto a ag\u00eancia dos Correios de Dom Cavati, na regi\u00e3o do Rio Doce, nessa ter\u00e7a-feira (11\/10), que terminou com um sargento baleado. A dupla foi presa na regi\u00e3o de S\u00e3o Sim\u00e3o do Rio Preto, munic\u00edpio de Simon\u00e9sia, ap\u00f3s uma testemunha identificar o [&hellip;]","og_url":"https:\/\/aconteceunovale.com.br\/portal\/?p=98993","og_site_name":"Aconteceu no Vale","article_publisher":"https:\/\/www.facebook.com\/aconteceunovale\/","article_published_time":"2016-10-12T16:30:54+00:00","og_image":[{"width":678,"height":381,"url":"https:\/\/aconteceunovale.com.br\/portal\/wp-content\/uploads\/2016\/10\/sargento_aroldo_2.jpg","type":"image\/jpeg"}],"author":"Aconteceu no Vale","twitter_card":"summary_large_image","twitter_creator":"@noticiadosvales","twitter_site":"@noticiadosvales","twitter_misc":{"Escrito por":"Aconteceu no Vale","Est. tempo de leitura":"3 minutos"},"schema":{"@context":"https:\/\/schema.org","@graph":[{"@type":"Article","@id":"https:\/\/aconteceunovale.com.br\/portal\/?p=98993#article","isPartOf":{"@id":"https:\/\/aconteceunovale.com.br\/portal\/?p=98993"},"author":{"name":"Aconteceu no Vale","@id":"https:\/\/aconteceunovale.com.br\/portal\/#\/schema\/person\/633529146f2c94272bef50ac2953d589"},"headline":"Pol\u00edcia Militar prende dois envolvidos em roubo a ag\u00eancia dos Correios em Dom Cavati","datePublished":"2016-10-12T16:30:54+00:00","mainEntityOfPage":{"@id":"https:\/\/aconteceunovale.com.br\/portal\/?p=98993"},"wordCount":571,"commentCount":0,"image":{"@id":"https:\/\/aconteceunovale.com.br\/portal\/?p=98993#primaryimage"},"thumbnailUrl":"https:\/\/aconteceunovale.com.br\/portal\/wp-content\/uploads\/2016\/10\/sargento_aroldo_2.jpg","keywords":["ag\u00eancia dos correios em Dom Cavati","Aroldo Andrade de Souza","Assalto a ag\u00eancia dos correios em Dom Cavati","Assalto Dom Cavati","Dom Cavati","Estado de sa\u00fade do Sargento Aroldo","PM baleado em Dom Cavati","Pol\u00edcia Militar prende dois envolvidos em roubo a ag\u00eancia dos Correios em Dom Cavati","policial baleado em dom cavati","Policial militar baleado em assalto a ag\u00eancia dos correios em Dom Cavati","Policial militar baleado em Dom Cavati","Policial militar \u00e9 baleado durante assalto a ag\u00eancia dos correios em Dom Cavati","Roubo a ag\u00eancia dos correios em Dom Cavati","Roubo Dom Cavati","Sargento Aroldo","Sargento Aroldo de Dom Cavati","Sargento Aroldo \u00e9 baleado"],"articleSection":["Leste de Minas"],"inLanguage":"pt-BR","potentialAction":[{"@type":"CommentAction","name":"Comment","target":["https:\/\/aconteceunovale.com.br\/portal\/?p=98993#respond"]}]},{"@type":"WebPage","@id":"https:\/\/aconteceunovale.com.br\/portal\/?p=98993","url":"https:\/\/aconteceunovale.com.br\/portal\/?p=98993","name":"Pol\u00edcia Militar prende dois envolvidos em roubo a ag\u00eancia dos Correios em Dom Cavati - Aconteceu no Vale","isPartOf":{"@id":"https:\/\/aconteceunovale.com.br\/portal\/#website"},"primaryImageOfPage":{"@id":"https:\/\/aconteceunovale.com.br\/portal\/?p=98993#primaryimage"},"image":{"@id":"https:\/\/aconteceunovale.com.br\/portal\/?p=98993#primaryimage"},"thumbnailUrl":"https:\/\/aconteceunovale.com.br\/portal\/wp-content\/uploads\/2016\/10\/sargento_aroldo_2.jpg","datePublished":"2016-10-12T16:30:54+00:00","author":{"@id":"https:\/\/aconteceunovale.com.br\/portal\/#\/schema\/person\/633529146f2c94272bef50ac2953d589"},"breadcrumb":{"@id":"https:\/\/aconteceunovale.com.br\/portal\/?p=98993#breadcrumb"},"inLanguage":"pt-BR","potentialAction":[{"@type":"ReadAction","target":["https:\/\/aconteceunovale.com.br\/portal\/?p=98993"]}]},{"@type":"ImageObject","inLanguage":"pt-BR","@id":"https:\/\/aconteceunovale.com.br\/portal\/?p=98993#primaryimage","url":"https:\/\/aconteceunovale.com.br\/portal\/wp-content\/uploads\/2016\/10\/sargento_aroldo_2.jpg","contentUrl":"https:\/\/aconteceunovale.com.br\/portal\/wp-content\/uploads\/2016\/10\/sargento_aroldo_2.jpg","width":678,"height":381},{"@type":"BreadcrumbList","@id":"https:\/\/aconteceunovale.com.br\/portal\/?p=98993#breadcrumb","itemListElement":[{"@type":"ListItem","position":1,"name":"In\u00edcio","item":"https:\/\/aconteceunovale.com.br\/portal\/"},{"@type":"ListItem","position":2,"name":"Pol\u00edcia Militar prende dois envolvidos em roubo a ag\u00eancia dos Correios em Dom Cavati"}]},{"@type":"WebSite","@id":"https:\/\/aconteceunovale.com.br\/portal\/#website","url":"https:\/\/aconteceunovale.com.br\/portal\/","name":"Aconteceu no Vale","description":"Portal de Not\u00edcias","potentialAction":[{"@type":"SearchAction","target":{"@type":"EntryPoint","urlTemplate":"https:\/\/aconteceunovale.com.br\/portal\/?s={search_term_string}"},"query-input":{"@type":"PropertyValueSpecification","valueRequired":true,"valueName":"search_term_string"}}],"inLanguage":"pt-BR"},{"@type":"Person","@id":"https:\/\/aconteceunovale.com.br\/portal\/#\/schema\/person\/633529146f2c94272bef50ac2953d589","name":"Aconteceu no Vale","description":"Equipe de reportagem do Aconteceu no Vale, portal de not\u00edcias do Vale do Jequitinhonha, em Minas Gerais. Cobrimos as 51 cidades do Vale desde 2013. Sugest\u00f5es de pauta e pedidos de corre\u00e7\u00e3o: contato@aconteceunovale.com.br","sameAs":["http:\/\/www.aconteceunovale.com.br"],"url":"https:\/\/aconteceunovale.com.br\/portal\/?author=1"}]}},"_links":{"self":[{"href":"https:\/\/aconteceunovale.com.br\/portal\/index.php?rest_route=\/wp\/v2\/posts\/98993","targetHints":{"allow":["GET"]}}],"collection":[{"href":"https:\/\/aconteceunovale.com.br\/portal\/index.php?rest_route=\/wp\/v2\/posts"}],"about":[{"href":"https:\/\/aconteceunovale.com.br\/portal\/index.php?rest_route=\/wp\/v2\/types\/post"}],"author":[{"embeddable":true,"href":"https:\/\/aconteceunovale.com.br\/portal\/index.php?rest_route=\/wp\/v2\/users\/1"}],"replies":[{"embeddable":true,"href":"https:\/\/aconteceunovale.com.br\/portal\/index.php?rest_route=%2Fwp%2Fv2%2Fcomments&post=98993"}],"version-history":[{"count":0,"href":"https:\/\/aconteceunovale.com.br\/portal\/index.php?rest_route=\/wp\/v2\/posts\/98993\/revisions"}],"wp:featuredmedia":[{"embeddable":true,"href":"https:\/\/aconteceunovale.com.br\/portal\/index.php?rest_route=\/wp\/v2\/media\/98995"}],"wp:attachment":[{"href":"https:\/\/aconteceunovale.com.br\/portal\/index.php?rest_route=%2Fwp%2Fv2%2Fmedia&parent=98993"}],"wp:term":[{"taxonomy":"category","embeddable":true,"href":"https:\/\/aconteceunovale.com.br\/portal\/index.php?rest_route=%2Fwp%2Fv2%2Fcategories&post=98993"},{"taxonomy":"post_tag","embeddable":true,"href":"https:\/\/aconteceunovale.com.br\/portal\/index.php?rest_route=%2Fwp%2Fv2%2Ftags&post=98993"}],"curies":[{"name":"wp","href":"https:\/\/api.w.org\/{rel}","templated":true}]}}