{"id":98988,"date":"2016-10-12T12:41:07","date_gmt":"2016-10-12T15:41:07","guid":{"rendered":"http:\/\/aconteceunovale.com.br\/portal\/?p=98988"},"modified":"2016-10-12T12:41:07","modified_gmt":"2016-10-12T15:41:07","slug":"mais-de-160-mil-fieis-devem-visitar-o-santuario-nacional-nesta-quarta-feira","status":"publish","type":"post","link":"https:\/\/aconteceunovale.com.br\/portal\/?p=98988","title":{"rendered":"Mais de 160 mil fi\u00e9is devem visitar o Santu\u00e1rio Nacional nesta quarta-feira"},"content":{"rendered":"<p>Desde o \u00faltimo final de semana tem sido intenso o movimento de devotos de Nossa Senhora Aparecida, no Santu\u00e1rio Nacional, o maior templo mariano do mundo, localizado na cidade de Aparecida, no Vale do Para\u00edba, em S\u00e3o Paulo. Neste ano, a programa\u00e7\u00e3o do dia 12, dedicado \u00e0 santa, \u00e9 em homenagem aos 300 anos do encontro da imagem por pescadores no rio Para\u00edba do Sul.<\/p>\n<p>S\u00e3o esperados hoje (12) cerca de 163 mil visitantes. A concession\u00e1ria Nova Dutra estima que entre a sexta-feira (11) e hoje (12) cerca de 300 mil ve\u00edculos passem pelo trecho paulista da rodovia. De acordo com a concession\u00e1ria, desde o in\u00edcio de setembro 5.515 romeiros seguiam a p\u00e9 pela estrada rumo a Aparecida.<\/p>\n<p><strong>Programa\u00e7\u00e3o<\/strong><\/p>\n<p>A programa\u00e7\u00e3o do dia dedicado \u00e0 Nossa Senhora Aparecida come\u00e7ou com uma vig\u00edlia \u00e0 meia noite. \u00c0s 9h, haver\u00e1 missa solene e a cada hora ocorrer\u00e3o celebra\u00e7\u00f5es com encerramento \u00e0s 19h, seguida de show pirot\u00e9cnico. Al\u00e9m dos ritos religiosos, os fi\u00e9is contar\u00e3o com shows de m\u00fasica sertaneja.<\/p>\n<p>No s\u00e1bado, dia 15, no Espa\u00e7o Esplanada Jo\u00e3o Paulo II, ao lado do Santu\u00e1rio nacional, est\u00e1 previsto um show cl\u00e1ssico com o tenor Andrea Bocelli e participa\u00e7\u00e3o da Orquestra Jovem do Estado de S\u00e3o Paulo. O espet\u00e1culo\u00a0<em>Primavera Musical no Vale\u00a0<\/em>inclui m\u00fasicas sacras e \u00e9 patrocinado em conjunto pelo Minist\u00e9rio da Cultura e pelo governo paulista<\/p>\n<p><strong>Cinema 3D e Museu de Cera<\/strong><\/p>\n<p>Entre as novidades, os visitantes tamb\u00e9m poder\u00e3o contar com cinema 3D, inaugurado na \u00faltima sexta-feira (7) dentro do Museu de Cera, a nova atra\u00e7\u00e3o do Santu\u00e1rio. No local, com capacidade para 150 pessoas, ser\u00e1 exibido aos fi\u00e9is o filme sobre a hist\u00f3ria da padroeira. A apresenta\u00e7\u00e3o tem efeitos hologr\u00e1ficos em 3D e n\u00e3o h\u00e1 necessidade do uso dos \u00f3culos conversores.<\/p>\n<p>No Museu de Cera est\u00e3o distribu\u00eddas mais de 60 est\u00e1tuas em 20 cen\u00e1rios diferentes em um trabalho art\u00edstico t\u00e3o perfeito que os visitantes t\u00eam a n\u00edtida sensa\u00e7\u00e3o de estar diante de personagens que fazem parte da hist\u00f3ria daquele complexo religioso. Entre eles, os papas Jo\u00e3o Paulo II, Bento XVI e o atual papa Francisco, que esteve em Aparecida em julho de 2013.<\/p>\n<p><img decoding=\"async\" src=\"http:\/\/aconteceunovale.com.br\/portal\/wp-content\/uploads\/2016\/10\/santuario_aparecida.jpg\" alt=\"\" \/><em>Santu\u00e1rio Nacional de Aparecida (Foto: Reprodu\u00e7\u00e3o\/Site Loudness)<\/em><br \/>\n<\/br><\/p>\n<p>(Ag\u00eancia Brasil)<\/p>\n","protected":false},"excerpt":{"rendered":"<p>Desde o \u00faltimo final de semana tem sido intenso o movimento de devotos de Nossa Senhora Aparecida, no Santu\u00e1rio Nacional, o maior templo mariano do mundo, localizado na cidade de Aparecida, no Vale do Para\u00edba, em S\u00e3o Paulo. Neste ano, a programa\u00e7\u00e3o do dia 12, dedicado \u00e0 santa, \u00e9 em homenagem aos 300 anos do [&hellip;]<\/p>\n","protected":false},"author":1,"featured_media":98989,"comment_status":"open","ping_status":"closed","sticky":false,"template":"","format":"standard","meta":{"amp_status":"","footnotes":""},"categories":[6],"tags":[15624,120275,62845,62967,120272,120273,120271,18248,116939,120274,35389],"class_list":["post-98988","post","type-post","status-publish","format-standard","has-post-thumbnail","hentry","category-br","tag-aparecida","tag-devotos","tag-dia-da-padroeira-do-brasil","tag-dia-de-nossa-senhora-aparecida","tag-mais-de-160-mil-fieis-devem-visitar-o-santuario-nacional","tag-mais-de-160-mil-fieis-devem-visitar-o-santuario-nacional-de-aparecida","tag-mais-de-160-mil-fieis-devem-visitar-o-santuario-nacional-nesta-quarta-feira","tag-nossa-senhora-aparecida","tag-romeiros","tag-santuario-nacional","tag-santuario-nacional-de-aparecida"],"yoast_head":"<!-- This site is optimized with the Yoast SEO plugin v28.3 - https:\/\/yoast.com\/product\/yoast-seo-wordpress\/ -->\n<title>Mais de 160 mil fi\u00e9is devem visitar o Santu\u00e1rio Nacional nesta quarta-feira - Aconteceu no Vale<\/title>\n<meta name=\"robots\" content=\"index, follow, max-snippet:-1, max-image-preview:large, max-video-preview:-1\" \/>\n<link rel=\"canonical\" href=\"https:\/\/aconteceunovale.com.br\/portal\/?p=98988\" \/>\n<meta property=\"og:locale\" content=\"pt_BR\" \/>\n<meta property=\"og:type\" content=\"article\" \/>\n<meta property=\"og:title\" content=\"Mais de 160 mil fi\u00e9is devem visitar o Santu\u00e1rio Nacional nesta quarta-feira - Aconteceu no Vale\" \/>\n<meta property=\"og:description\" content=\"Desde o \u00faltimo final de semana tem sido intenso o movimento de devotos de Nossa Senhora Aparecida, no Santu\u00e1rio Nacional, o maior templo mariano do mundo, localizado na cidade de Aparecida, no Vale do Para\u00edba, em S\u00e3o Paulo. Neste ano, a programa\u00e7\u00e3o do dia 12, dedicado \u00e0 santa, \u00e9 em homenagem aos 300 anos do [&hellip;]\" \/>\n<meta property=\"og:url\" content=\"https:\/\/aconteceunovale.com.br\/portal\/?p=98988\" \/>\n<meta property=\"og:site_name\" content=\"Aconteceu no Vale\" \/>\n<meta property=\"article:publisher\" content=\"https:\/\/www.facebook.com\/aconteceunovale\/\" \/>\n<meta property=\"article:published_time\" content=\"2016-10-12T15:41:07+00:00\" \/>\n<meta property=\"og:image\" content=\"https:\/\/aconteceunovale.com.br\/portal\/wp-content\/uploads\/2016\/10\/santuario_aparecida.jpg\" \/>\n\t<meta property=\"og:image:width\" content=\"675\" \/>\n\t<meta property=\"og:image:height\" content=\"450\" \/>\n\t<meta property=\"og:image:type\" content=\"image\/jpeg\" \/>\n<meta name=\"author\" content=\"Aconteceu no Vale\" \/>\n<meta name=\"twitter:card\" content=\"summary_large_image\" \/>\n<meta name=\"twitter:creator\" content=\"@noticiadosvales\" \/>\n<meta name=\"twitter:site\" content=\"@noticiadosvales\" \/>\n<meta name=\"twitter:label1\" content=\"Escrito por\" \/>\n\t<meta name=\"twitter:data1\" content=\"Aconteceu no Vale\" \/>\n\t<meta name=\"twitter:label2\" content=\"Est. tempo de leitura\" \/>\n\t<meta name=\"twitter:data2\" content=\"2 minutos\" \/>\n<script type=\"application\/ld+json\" class=\"yoast-schema-graph\">{\"@context\":\"https:\\\/\\\/schema.org\",\"@graph\":[{\"@type\":\"Article\",\"@id\":\"https:\\\/\\\/aconteceunovale.com.br\\\/portal\\\/?p=98988#article\",\"isPartOf\":{\"@id\":\"https:\\\/\\\/aconteceunovale.com.br\\\/portal\\\/?p=98988\"},\"author\":{\"name\":\"Aconteceu no Vale\",\"@id\":\"https:\\\/\\\/aconteceunovale.com.br\\\/portal\\\/#\\\/schema\\\/person\\\/633529146f2c94272bef50ac2953d589\"},\"headline\":\"Mais de 160 mil fi\u00e9is devem visitar o Santu\u00e1rio Nacional nesta quarta-feira\",\"datePublished\":\"2016-10-12T15:41:07+00:00\",\"mainEntityOfPage\":{\"@id\":\"https:\\\/\\\/aconteceunovale.com.br\\\/portal\\\/?p=98988\"},\"wordCount\":409,\"commentCount\":0,\"image\":{\"@id\":\"https:\\\/\\\/aconteceunovale.com.br\\\/portal\\\/?p=98988#primaryimage\"},\"thumbnailUrl\":\"https:\\\/\\\/aconteceunovale.com.br\\\/portal\\\/wp-content\\\/uploads\\\/2016\\\/10\\\/santuario_aparecida.jpg\",\"keywords\":[\"Aparecida\",\"devotos\",\"Dia da Padroeira do Brasil\",\"Dia de Nossa Senhora Aparecida\",\"Mais de 160 mil fi\u00e9is devem visitar o Santu\u00e1rio Nacional\",\"Mais de 160 mil fi\u00e9is devem visitar o Santu\u00e1rio Nacional de Aparecida\",\"Mais de 160 mil fi\u00e9is devem visitar o Santu\u00e1rio Nacional nesta quarta-feira\",\"Nossa Senhora Aparecida\",\"romeiros\",\"Santu\u00e1rio Nacional\",\"Santu\u00e1rio Nacional de Aparecida\"],\"articleSection\":[\"Brasil\"],\"inLanguage\":\"pt-BR\",\"potentialAction\":[{\"@type\":\"CommentAction\",\"name\":\"Comment\",\"target\":[\"https:\\\/\\\/aconteceunovale.com.br\\\/portal\\\/?p=98988#respond\"]}]},{\"@type\":\"WebPage\",\"@id\":\"https:\\\/\\\/aconteceunovale.com.br\\\/portal\\\/?p=98988\",\"url\":\"https:\\\/\\\/aconteceunovale.com.br\\\/portal\\\/?p=98988\",\"name\":\"Mais de 160 mil fi\u00e9is devem visitar o Santu\u00e1rio Nacional nesta quarta-feira - Aconteceu no Vale\",\"isPartOf\":{\"@id\":\"https:\\\/\\\/aconteceunovale.com.br\\\/portal\\\/#website\"},\"primaryImageOfPage\":{\"@id\":\"https:\\\/\\\/aconteceunovale.com.br\\\/portal\\\/?p=98988#primaryimage\"},\"image\":{\"@id\":\"https:\\\/\\\/aconteceunovale.com.br\\\/portal\\\/?p=98988#primaryimage\"},\"thumbnailUrl\":\"https:\\\/\\\/aconteceunovale.com.br\\\/portal\\\/wp-content\\\/uploads\\\/2016\\\/10\\\/santuario_aparecida.jpg\",\"datePublished\":\"2016-10-12T15:41:07+00:00\",\"author\":{\"@id\":\"https:\\\/\\\/aconteceunovale.com.br\\\/portal\\\/#\\\/schema\\\/person\\\/633529146f2c94272bef50ac2953d589\"},\"breadcrumb\":{\"@id\":\"https:\\\/\\\/aconteceunovale.com.br\\\/portal\\\/?p=98988#breadcrumb\"},\"inLanguage\":\"pt-BR\",\"potentialAction\":[{\"@type\":\"ReadAction\",\"target\":[\"https:\\\/\\\/aconteceunovale.com.br\\\/portal\\\/?p=98988\"]}]},{\"@type\":\"ImageObject\",\"inLanguage\":\"pt-BR\",\"@id\":\"https:\\\/\\\/aconteceunovale.com.br\\\/portal\\\/?p=98988#primaryimage\",\"url\":\"https:\\\/\\\/aconteceunovale.com.br\\\/portal\\\/wp-content\\\/uploads\\\/2016\\\/10\\\/santuario_aparecida.jpg\",\"contentUrl\":\"https:\\\/\\\/aconteceunovale.com.br\\\/portal\\\/wp-content\\\/uploads\\\/2016\\\/10\\\/santuario_aparecida.jpg\",\"width\":675,\"height\":450},{\"@type\":\"BreadcrumbList\",\"@id\":\"https:\\\/\\\/aconteceunovale.com.br\\\/portal\\\/?p=98988#breadcrumb\",\"itemListElement\":[{\"@type\":\"ListItem\",\"position\":1,\"name\":\"In\u00edcio\",\"item\":\"https:\\\/\\\/aconteceunovale.com.br\\\/portal\\\/\"},{\"@type\":\"ListItem\",\"position\":2,\"name\":\"Mais de 160 mil fi\u00e9is devem visitar o Santu\u00e1rio Nacional nesta quarta-feira\"}]},{\"@type\":\"WebSite\",\"@id\":\"https:\\\/\\\/aconteceunovale.com.br\\\/portal\\\/#website\",\"url\":\"https:\\\/\\\/aconteceunovale.com.br\\\/portal\\\/\",\"name\":\"Aconteceu no Vale\",\"description\":\"Portal de Not\u00edcias\",\"potentialAction\":[{\"@type\":\"SearchAction\",\"target\":{\"@type\":\"EntryPoint\",\"urlTemplate\":\"https:\\\/\\\/aconteceunovale.com.br\\\/portal\\\/?s={search_term_string}\"},\"query-input\":{\"@type\":\"PropertyValueSpecification\",\"valueRequired\":true,\"valueName\":\"search_term_string\"}}],\"inLanguage\":\"pt-BR\"},{\"@type\":\"Person\",\"@id\":\"https:\\\/\\\/aconteceunovale.com.br\\\/portal\\\/#\\\/schema\\\/person\\\/633529146f2c94272bef50ac2953d589\",\"name\":\"Aconteceu no Vale\",\"description\":\"Equipe de reportagem do Aconteceu no Vale, portal de not\u00edcias do Vale do Jequitinhonha, em Minas Gerais. Cobrimos as 51 cidades do Vale desde 2013. Sugest\u00f5es de pauta e pedidos de corre\u00e7\u00e3o: contato@aconteceunovale.com.br\",\"sameAs\":[\"http:\\\/\\\/www.aconteceunovale.com.br\"],\"url\":\"https:\\\/\\\/aconteceunovale.com.br\\\/portal\\\/?author=1\"}]}<\/script>\n<!-- \/ Yoast SEO plugin. -->","yoast_head_json":{"title":"Mais de 160 mil fi\u00e9is devem visitar o Santu\u00e1rio Nacional nesta quarta-feira - Aconteceu no Vale","robots":{"index":"index","follow":"follow","max-snippet":"max-snippet:-1","max-image-preview":"max-image-preview:large","max-video-preview":"max-video-preview:-1"},"canonical":"https:\/\/aconteceunovale.com.br\/portal\/?p=98988","og_locale":"pt_BR","og_type":"article","og_title":"Mais de 160 mil fi\u00e9is devem visitar o Santu\u00e1rio Nacional nesta quarta-feira - Aconteceu no Vale","og_description":"Desde o \u00faltimo final de semana tem sido intenso o movimento de devotos de Nossa Senhora Aparecida, no Santu\u00e1rio Nacional, o maior templo mariano do mundo, localizado na cidade de Aparecida, no Vale do Para\u00edba, em S\u00e3o Paulo. Neste ano, a programa\u00e7\u00e3o do dia 12, dedicado \u00e0 santa, \u00e9 em homenagem aos 300 anos do [&hellip;]","og_url":"https:\/\/aconteceunovale.com.br\/portal\/?p=98988","og_site_name":"Aconteceu no Vale","article_publisher":"https:\/\/www.facebook.com\/aconteceunovale\/","article_published_time":"2016-10-12T15:41:07+00:00","og_image":[{"width":675,"height":450,"url":"https:\/\/aconteceunovale.com.br\/portal\/wp-content\/uploads\/2016\/10\/santuario_aparecida.jpg","type":"image\/jpeg"}],"author":"Aconteceu no Vale","twitter_card":"summary_large_image","twitter_creator":"@noticiadosvales","twitter_site":"@noticiadosvales","twitter_misc":{"Escrito por":"Aconteceu no Vale","Est. tempo de leitura":"2 minutos"},"schema":{"@context":"https:\/\/schema.org","@graph":[{"@type":"Article","@id":"https:\/\/aconteceunovale.com.br\/portal\/?p=98988#article","isPartOf":{"@id":"https:\/\/aconteceunovale.com.br\/portal\/?p=98988"},"author":{"name":"Aconteceu no Vale","@id":"https:\/\/aconteceunovale.com.br\/portal\/#\/schema\/person\/633529146f2c94272bef50ac2953d589"},"headline":"Mais de 160 mil fi\u00e9is devem visitar o Santu\u00e1rio Nacional nesta quarta-feira","datePublished":"2016-10-12T15:41:07+00:00","mainEntityOfPage":{"@id":"https:\/\/aconteceunovale.com.br\/portal\/?p=98988"},"wordCount":409,"commentCount":0,"image":{"@id":"https:\/\/aconteceunovale.com.br\/portal\/?p=98988#primaryimage"},"thumbnailUrl":"https:\/\/aconteceunovale.com.br\/portal\/wp-content\/uploads\/2016\/10\/santuario_aparecida.jpg","keywords":["Aparecida","devotos","Dia da Padroeira do Brasil","Dia de Nossa Senhora Aparecida","Mais de 160 mil fi\u00e9is devem visitar o Santu\u00e1rio Nacional","Mais de 160 mil fi\u00e9is devem visitar o Santu\u00e1rio Nacional de Aparecida","Mais de 160 mil fi\u00e9is devem visitar o Santu\u00e1rio Nacional nesta quarta-feira","Nossa Senhora Aparecida","romeiros","Santu\u00e1rio Nacional","Santu\u00e1rio Nacional de Aparecida"],"articleSection":["Brasil"],"inLanguage":"pt-BR","potentialAction":[{"@type":"CommentAction","name":"Comment","target":["https:\/\/aconteceunovale.com.br\/portal\/?p=98988#respond"]}]},{"@type":"WebPage","@id":"https:\/\/aconteceunovale.com.br\/portal\/?p=98988","url":"https:\/\/aconteceunovale.com.br\/portal\/?p=98988","name":"Mais de 160 mil fi\u00e9is devem visitar o Santu\u00e1rio Nacional nesta quarta-feira - Aconteceu no Vale","isPartOf":{"@id":"https:\/\/aconteceunovale.com.br\/portal\/#website"},"primaryImageOfPage":{"@id":"https:\/\/aconteceunovale.com.br\/portal\/?p=98988#primaryimage"},"image":{"@id":"https:\/\/aconteceunovale.com.br\/portal\/?p=98988#primaryimage"},"thumbnailUrl":"https:\/\/aconteceunovale.com.br\/portal\/wp-content\/uploads\/2016\/10\/santuario_aparecida.jpg","datePublished":"2016-10-12T15:41:07+00:00","author":{"@id":"https:\/\/aconteceunovale.com.br\/portal\/#\/schema\/person\/633529146f2c94272bef50ac2953d589"},"breadcrumb":{"@id":"https:\/\/aconteceunovale.com.br\/portal\/?p=98988#breadcrumb"},"inLanguage":"pt-BR","potentialAction":[{"@type":"ReadAction","target":["https:\/\/aconteceunovale.com.br\/portal\/?p=98988"]}]},{"@type":"ImageObject","inLanguage":"pt-BR","@id":"https:\/\/aconteceunovale.com.br\/portal\/?p=98988#primaryimage","url":"https:\/\/aconteceunovale.com.br\/portal\/wp-content\/uploads\/2016\/10\/santuario_aparecida.jpg","contentUrl":"https:\/\/aconteceunovale.com.br\/portal\/wp-content\/uploads\/2016\/10\/santuario_aparecida.jpg","width":675,"height":450},{"@type":"BreadcrumbList","@id":"https:\/\/aconteceunovale.com.br\/portal\/?p=98988#breadcrumb","itemListElement":[{"@type":"ListItem","position":1,"name":"In\u00edcio","item":"https:\/\/aconteceunovale.com.br\/portal\/"},{"@type":"ListItem","position":2,"name":"Mais de 160 mil fi\u00e9is devem visitar o Santu\u00e1rio Nacional nesta quarta-feira"}]},{"@type":"WebSite","@id":"https:\/\/aconteceunovale.com.br\/portal\/#website","url":"https:\/\/aconteceunovale.com.br\/portal\/","name":"Aconteceu no Vale","description":"Portal de Not\u00edcias","potentialAction":[{"@type":"SearchAction","target":{"@type":"EntryPoint","urlTemplate":"https:\/\/aconteceunovale.com.br\/portal\/?s={search_term_string}"},"query-input":{"@type":"PropertyValueSpecification","valueRequired":true,"valueName":"search_term_string"}}],"inLanguage":"pt-BR"},{"@type":"Person","@id":"https:\/\/aconteceunovale.com.br\/portal\/#\/schema\/person\/633529146f2c94272bef50ac2953d589","name":"Aconteceu no Vale","description":"Equipe de reportagem do Aconteceu no Vale, portal de not\u00edcias do Vale do Jequitinhonha, em Minas Gerais. Cobrimos as 51 cidades do Vale desde 2013. Sugest\u00f5es de pauta e pedidos de corre\u00e7\u00e3o: contato@aconteceunovale.com.br","sameAs":["http:\/\/www.aconteceunovale.com.br"],"url":"https:\/\/aconteceunovale.com.br\/portal\/?author=1"}]}},"_links":{"self":[{"href":"https:\/\/aconteceunovale.com.br\/portal\/index.php?rest_route=\/wp\/v2\/posts\/98988","targetHints":{"allow":["GET"]}}],"collection":[{"href":"https:\/\/aconteceunovale.com.br\/portal\/index.php?rest_route=\/wp\/v2\/posts"}],"about":[{"href":"https:\/\/aconteceunovale.com.br\/portal\/index.php?rest_route=\/wp\/v2\/types\/post"}],"author":[{"embeddable":true,"href":"https:\/\/aconteceunovale.com.br\/portal\/index.php?rest_route=\/wp\/v2\/users\/1"}],"replies":[{"embeddable":true,"href":"https:\/\/aconteceunovale.com.br\/portal\/index.php?rest_route=%2Fwp%2Fv2%2Fcomments&post=98988"}],"version-history":[{"count":0,"href":"https:\/\/aconteceunovale.com.br\/portal\/index.php?rest_route=\/wp\/v2\/posts\/98988\/revisions"}],"wp:featuredmedia":[{"embeddable":true,"href":"https:\/\/aconteceunovale.com.br\/portal\/index.php?rest_route=\/wp\/v2\/media\/98989"}],"wp:attachment":[{"href":"https:\/\/aconteceunovale.com.br\/portal\/index.php?rest_route=%2Fwp%2Fv2%2Fmedia&parent=98988"}],"wp:term":[{"taxonomy":"category","embeddable":true,"href":"https:\/\/aconteceunovale.com.br\/portal\/index.php?rest_route=%2Fwp%2Fv2%2Fcategories&post=98988"},{"taxonomy":"post_tag","embeddable":true,"href":"https:\/\/aconteceunovale.com.br\/portal\/index.php?rest_route=%2Fwp%2Fv2%2Ftags&post=98988"}],"curies":[{"name":"wp","href":"https:\/\/api.w.org\/{rel}","templated":true}]}}