{"id":98973,"date":"2016-10-12T10:12:19","date_gmt":"2016-10-12T13:12:19","guid":{"rendered":"http:\/\/aconteceunovale.com.br\/portal\/?p=98973"},"modified":"2016-10-12T10:12:19","modified_gmt":"2016-10-12T13:12:19","slug":"cemig-alerta-para-pancadas-de-chuvas-raios-e-ventos-de-12-a-16-de-outubro","status":"publish","type":"post","link":"https:\/\/aconteceunovale.com.br\/portal\/?p=98973","title":{"rendered":"Cemig alerta para pancadas de chuvas, raios e ventos de 12 a 16 de outubro"},"content":{"rendered":"<p>Entre esta quarta-feira (12\/10) e domingo (16\/10), uma frente fria provocar\u00e1 pancadas de chuva no centro-sul de Minas. A Cemig alerta que as pancadas de chuva podem vir acompanhadas de raios e rajadas de vento de intensidade moderada.<\/p>\n<p>Em Belo Horizonte e Regi\u00e3o Metropolitana, a previs\u00e3o \u00e9 de tempo firme durante a maior parte do feriado. Mas, no final das tardes de quarta-feira e s\u00e1bado (15\/10), podem ocorrer chuvas em pontos isolados. As temperaturas podem variar entre a m\u00ednima de 16\u00b0C, nas partes mais altas, e a m\u00e1xima de 31\u00b0C.<\/p>\n<p><strong>Interior<\/strong><\/p>\n<p>Durante o feriado, n\u00e3o h\u00e1 previs\u00e3o de chuva significativa nas regi\u00f5es Norte de Minas, Noroeste,  Jequitinhonha e Mucuri. J\u00e1 nos Vales do Rio Doce e do A\u00e7o podem ocorrer chuvas isoladas na sexta-feira (14\/10). No Tri\u00e2ngulo, Sul de Minas e Zona da Mata, ocorrer\u00e3o chuvas durante boa parte do feriado, com as mais intensas ocorrendo na quarta-feira e no s\u00e1bado, principalmente no Sul de Minas. As temperaturas permanecem est\u00e1veis na maior parte do estado, com destaque para o Norte de Minas, que pode superar os 39\u00b0C. Nos Vales do Jequitinhonha, do Mucuri, do Rio Doce e do A\u00e7o, a temperatura pode atingir os 35\u00b0C. Nas regi\u00f5es Norte e Noroeste, a umidade relativa do ar pode atingir, durante o feriado, valores abaixo de 20%.<\/p>\n<p><strong>Litoral<\/strong><\/p>\n<p>O deslocamento de uma frente fria pelo litoral do Sudeste provocar\u00e1 chuva significativa no litoral de S\u00e3o Paulo. J\u00e1 nos litorais do Rio de Janeiro, Esp\u00edrito Santo e Bahia, ocorrer\u00e3o chuvas r\u00e1pidas e isoladas. As temperaturas m\u00e1ximas ficar\u00e3o acima dos 30\u00b0C no litoral capixaba, fluminense e do sul da Bahia.<\/p>\n<p><strong>Cidades Hist\u00f3ricas<\/strong><\/p>\n<p>H\u00e1 previs\u00e3o de chuva nas cidades de S\u00e3o Jo\u00e3o Del Rei e Tiradentes, principalmente na quarta-feira e s\u00e1bado. J\u00e1 em Mariana, Ouro Preto e Diamantina n\u00e3o h\u00e1 previs\u00e3o de chuva significativa. As temperaturas ficar\u00e3o amenas nas cidades hist\u00f3ricas, mas as madrugadas ser\u00e3o frias em Diamantina.<\/p>\n<h3><strong>Cemig informa atendimento para o feriado<\/strong><\/h3>\n<p>A Companhia Energ\u00e9tica de Minas Gerais \u2013 Cemig informa que, em virtude do feriado de Nossa Senhora Aparecida, n\u00e3o haver\u00e1 atendimento nas ag\u00eancias e postos de atendimento nesta quarta-feira (12\/10). As solicita\u00e7\u00f5es de servi\u00e7os podem ser feita atrav\u00e9s dos canais de atendimento digitais da Companhia ou pelo n\u00famero 116, que funciona 24 hora por dia.<\/p>\n<p>O aplicativo Cemig Atende, dispon\u00edvel para smartphones e tablets, conta com 18 servi\u00e7os, nos sistemas operacionais Android, IOS e Windows. A ag\u00eancia virtual, no portal da Cemig, tamb\u00e9m oferece diversos servi\u00e7os com conforto, agilidade e seguran\u00e7a.<\/p>\n<p>As ag\u00eancias e postos de atendimento da Cemig voltam a funcionar normalmente na quinta-feira (13\/10), a partir das 8 horas.<\/p>\n<p><strong>Canais de atendimento<\/strong><\/p>\n<p>O Cemig Atende oferece conforto e seguran\u00e7a aos consumidores e permite que economizem tempo ao resolverem quest\u00f5es relativas \u00e0 empresa nos canais diitais. Para usar o aplicativo, ap\u00f3s a instala\u00e7\u00e3o nos smartphones ou tablets, \u00e9 necess\u00e1rio apenas fazer o cadastro com o CPF e o n\u00famero do cliente.<\/p>\n<p>Os principais servi\u00e7os solicitados s\u00e3o referentes \u00e0 consulta de d\u00e9bitos, visualiza\u00e7\u00e3o de segunda via de fatura, acesso a hist\u00f3rico de contas, envio de leitura, consulta a hist\u00f3rico de protocolos e alerta sobre falta de energia.<\/p>\n<p>Neste ano, o Cemig Atende disponibilizou mais um servi\u00e7o para os usu\u00e1rios: o Pagamento Mobile, em parceria com o Banco Bradesco. Assim, clientes do Bradesco podem pagar as contas de energia atrav\u00e9s do aplicativo. O Pagamento Mobile permite a redu\u00e7\u00e3o dos custos com tarifas, agiliza o atendimento e oferece mais seguran\u00e7a ao consumidor. O novo servi\u00e7o \u00e9 pioneiro no pa\u00eds e est\u00e1 dispon\u00edvel para o sistema Android. A participa\u00e7\u00e3o de outros bancos j\u00e1 est\u00e1 sendo negociada. (Ascom Cemig)<\/p>\n","protected":false},"excerpt":{"rendered":"<p>Entre esta quarta-feira (12\/10) e domingo (16\/10), uma frente fria provocar\u00e1 pancadas de chuva no centro-sul de Minas. A Cemig alerta que as pancadas de chuva podem vir acompanhadas de raios e rajadas de vento de intensidade moderada. Em Belo Horizonte e Regi\u00e3o Metropolitana, a previs\u00e3o \u00e9 de tempo firme durante a maior parte do [&hellip;]<\/p>\n","protected":false},"author":1,"featured_media":49443,"comment_status":"open","ping_status":"closed","sticky":false,"template":"","format":"standard","meta":{"amp_status":"","footnotes":""},"categories":[123],"tags":[120222,120219,120217,120221,120220,120218,120224,83366,120227,120225,120223,120228,120226],"class_list":["post-98973","post","type-post","status-publish","format-standard","has-post-thumbnail","hentry","category-gerais","tag-cemig-alerta-para-pancadas-de-chuvas","tag-cemig-informa","tag-cemig-informa-atendimento-para-feriado-e-previsao-do-tempo-para-os-proximos-dias","tag-cemig-informa-previsao-do-tempo-para-o-dia-das-criancas","tag-cemig-informa-previsao-do-tempo-para-o-feriado-de-nossa-senhora-aparecida","tag-cemig-informa-previsao-do-tempo-para-os-proximos-dias","tag-cemig-previsao-do-tempo","tag-previsao-do-tempo-cemig","tag-previsao-do-tempo-para-o-dia-das-criancas","tag-previsao-do-tempo-para-o-feriado-de-nossa-senhora-aparecida","tag-raios-e-ventos-de-12-a-16-de-outubro","tag-tempo-no-dia-das-criancas","tag-tempo-no-feriado-de-nossa-senhora-aparecida"],"yoast_head":"<!-- This site is optimized with the Yoast SEO plugin v28.3 - https:\/\/yoast.com\/product\/yoast-seo-wordpress\/ -->\n<title>Cemig alerta para pancadas de chuvas, raios e ventos de 12 a 16 de outubro - Aconteceu no Vale<\/title>\n<meta name=\"robots\" content=\"index, follow, max-snippet:-1, max-image-preview:large, max-video-preview:-1\" \/>\n<link rel=\"canonical\" href=\"https:\/\/aconteceunovale.com.br\/portal\/?p=98973\" \/>\n<meta property=\"og:locale\" content=\"pt_BR\" \/>\n<meta property=\"og:type\" content=\"article\" \/>\n<meta property=\"og:title\" content=\"Cemig alerta para pancadas de chuvas, raios e ventos de 12 a 16 de outubro - Aconteceu no Vale\" \/>\n<meta property=\"og:description\" content=\"Entre esta quarta-feira (12\/10) e domingo (16\/10), uma frente fria provocar\u00e1 pancadas de chuva no centro-sul de Minas. A Cemig alerta que as pancadas de chuva podem vir acompanhadas de raios e rajadas de vento de intensidade moderada. Em Belo Horizonte e Regi\u00e3o Metropolitana, a previs\u00e3o \u00e9 de tempo firme durante a maior parte do [&hellip;]\" \/>\n<meta property=\"og:url\" content=\"https:\/\/aconteceunovale.com.br\/portal\/?p=98973\" \/>\n<meta property=\"og:site_name\" content=\"Aconteceu no Vale\" \/>\n<meta property=\"article:publisher\" content=\"https:\/\/www.facebook.com\/aconteceunovale\/\" \/>\n<meta property=\"article:published_time\" content=\"2016-10-12T13:12:19+00:00\" \/>\n<meta property=\"og:image\" content=\"https:\/\/aconteceunovale.com.br\/portal\/wp-content\/uploads\/2015\/01\/raios_mg.jpg\" \/>\n\t<meta property=\"og:image:width\" content=\"678\" \/>\n\t<meta property=\"og:image:height\" content=\"383\" \/>\n\t<meta property=\"og:image:type\" content=\"image\/jpeg\" \/>\n<meta name=\"author\" content=\"Aconteceu no Vale\" \/>\n<meta name=\"twitter:card\" content=\"summary_large_image\" \/>\n<meta name=\"twitter:creator\" content=\"@noticiadosvales\" \/>\n<meta name=\"twitter:site\" content=\"@noticiadosvales\" \/>\n<meta name=\"twitter:label1\" content=\"Escrito por\" \/>\n\t<meta name=\"twitter:data1\" content=\"Aconteceu no Vale\" \/>\n\t<meta name=\"twitter:label2\" content=\"Est. tempo de leitura\" \/>\n\t<meta name=\"twitter:data2\" content=\"3 minutos\" \/>\n<script type=\"application\/ld+json\" class=\"yoast-schema-graph\">{\"@context\":\"https:\\\/\\\/schema.org\",\"@graph\":[{\"@type\":\"Article\",\"@id\":\"https:\\\/\\\/aconteceunovale.com.br\\\/portal\\\/?p=98973#article\",\"isPartOf\":{\"@id\":\"https:\\\/\\\/aconteceunovale.com.br\\\/portal\\\/?p=98973\"},\"author\":{\"name\":\"Aconteceu no Vale\",\"@id\":\"https:\\\/\\\/aconteceunovale.com.br\\\/portal\\\/#\\\/schema\\\/person\\\/633529146f2c94272bef50ac2953d589\"},\"headline\":\"Cemig alerta para pancadas de chuvas, raios e ventos de 12 a 16 de outubro\",\"datePublished\":\"2016-10-12T13:12:19+00:00\",\"mainEntityOfPage\":{\"@id\":\"https:\\\/\\\/aconteceunovale.com.br\\\/portal\\\/?p=98973\"},\"wordCount\":655,\"commentCount\":0,\"image\":{\"@id\":\"https:\\\/\\\/aconteceunovale.com.br\\\/portal\\\/?p=98973#primaryimage\"},\"thumbnailUrl\":\"https:\\\/\\\/aconteceunovale.com.br\\\/portal\\\/wp-content\\\/uploads\\\/2015\\\/01\\\/raios_mg.jpg\",\"keywords\":[\"Cemig alerta para pancadas de chuvas\",\"Cemig informa\",\"Cemig informa atendimento para feriado e previs\u00e3o do tempo para os pr\u00f3ximos dias\",\"Cemig informa previs\u00e3o do tempo para o dia das crian\u00e7as\",\"Cemig informa previs\u00e3o do tempo para o feriado de Nossa Senhora Aparecida\",\"Cemig informa previs\u00e3o do tempo para os pr\u00f3ximos dias\",\"Cemig previs\u00e3o do tempo\",\"Previs\u00e3o do tempo cemig\",\"Previs\u00e3o do tempo para o dia das crian\u00e7as\",\"Previs\u00e3o do tempo para o feriado de Nossa Senhora Aparecida\",\"raios e ventos de 12 a 16 de outubro\",\"Tempo no dia das crian\u00e7as\",\"Tempo no feriado de Nossa Senhora Aparecida\"],\"articleSection\":[\"Minas Gerais\"],\"inLanguage\":\"pt-BR\",\"potentialAction\":[{\"@type\":\"CommentAction\",\"name\":\"Comment\",\"target\":[\"https:\\\/\\\/aconteceunovale.com.br\\\/portal\\\/?p=98973#respond\"]}]},{\"@type\":\"WebPage\",\"@id\":\"https:\\\/\\\/aconteceunovale.com.br\\\/portal\\\/?p=98973\",\"url\":\"https:\\\/\\\/aconteceunovale.com.br\\\/portal\\\/?p=98973\",\"name\":\"Cemig alerta para pancadas de chuvas, raios e ventos de 12 a 16 de outubro - Aconteceu no Vale\",\"isPartOf\":{\"@id\":\"https:\\\/\\\/aconteceunovale.com.br\\\/portal\\\/#website\"},\"primaryImageOfPage\":{\"@id\":\"https:\\\/\\\/aconteceunovale.com.br\\\/portal\\\/?p=98973#primaryimage\"},\"image\":{\"@id\":\"https:\\\/\\\/aconteceunovale.com.br\\\/portal\\\/?p=98973#primaryimage\"},\"thumbnailUrl\":\"https:\\\/\\\/aconteceunovale.com.br\\\/portal\\\/wp-content\\\/uploads\\\/2015\\\/01\\\/raios_mg.jpg\",\"datePublished\":\"2016-10-12T13:12:19+00:00\",\"author\":{\"@id\":\"https:\\\/\\\/aconteceunovale.com.br\\\/portal\\\/#\\\/schema\\\/person\\\/633529146f2c94272bef50ac2953d589\"},\"breadcrumb\":{\"@id\":\"https:\\\/\\\/aconteceunovale.com.br\\\/portal\\\/?p=98973#breadcrumb\"},\"inLanguage\":\"pt-BR\",\"potentialAction\":[{\"@type\":\"ReadAction\",\"target\":[\"https:\\\/\\\/aconteceunovale.com.br\\\/portal\\\/?p=98973\"]}]},{\"@type\":\"ImageObject\",\"inLanguage\":\"pt-BR\",\"@id\":\"https:\\\/\\\/aconteceunovale.com.br\\\/portal\\\/?p=98973#primaryimage\",\"url\":\"https:\\\/\\\/aconteceunovale.com.br\\\/portal\\\/wp-content\\\/uploads\\\/2015\\\/01\\\/raios_mg.jpg\",\"contentUrl\":\"https:\\\/\\\/aconteceunovale.com.br\\\/portal\\\/wp-content\\\/uploads\\\/2015\\\/01\\\/raios_mg.jpg\",\"width\":678,\"height\":383},{\"@type\":\"BreadcrumbList\",\"@id\":\"https:\\\/\\\/aconteceunovale.com.br\\\/portal\\\/?p=98973#breadcrumb\",\"itemListElement\":[{\"@type\":\"ListItem\",\"position\":1,\"name\":\"In\u00edcio\",\"item\":\"https:\\\/\\\/aconteceunovale.com.br\\\/portal\\\/\"},{\"@type\":\"ListItem\",\"position\":2,\"name\":\"Cemig alerta para pancadas de chuvas, raios e ventos de 12 a 16 de outubro\"}]},{\"@type\":\"WebSite\",\"@id\":\"https:\\\/\\\/aconteceunovale.com.br\\\/portal\\\/#website\",\"url\":\"https:\\\/\\\/aconteceunovale.com.br\\\/portal\\\/\",\"name\":\"Aconteceu no Vale\",\"description\":\"Portal de Not\u00edcias\",\"potentialAction\":[{\"@type\":\"SearchAction\",\"target\":{\"@type\":\"EntryPoint\",\"urlTemplate\":\"https:\\\/\\\/aconteceunovale.com.br\\\/portal\\\/?s={search_term_string}\"},\"query-input\":{\"@type\":\"PropertyValueSpecification\",\"valueRequired\":true,\"valueName\":\"search_term_string\"}}],\"inLanguage\":\"pt-BR\"},{\"@type\":\"Person\",\"@id\":\"https:\\\/\\\/aconteceunovale.com.br\\\/portal\\\/#\\\/schema\\\/person\\\/633529146f2c94272bef50ac2953d589\",\"name\":\"Aconteceu no Vale\",\"description\":\"Equipe de reportagem do Aconteceu no Vale, portal de not\u00edcias do Vale do Jequitinhonha, em Minas Gerais. Cobrimos as 51 cidades do Vale desde 2013. Sugest\u00f5es de pauta e pedidos de corre\u00e7\u00e3o: contato@aconteceunovale.com.br\",\"sameAs\":[\"http:\\\/\\\/www.aconteceunovale.com.br\"],\"url\":\"https:\\\/\\\/aconteceunovale.com.br\\\/portal\\\/?author=1\"}]}<\/script>\n<!-- \/ Yoast SEO plugin. -->","yoast_head_json":{"title":"Cemig alerta para pancadas de chuvas, raios e ventos de 12 a 16 de outubro - Aconteceu no Vale","robots":{"index":"index","follow":"follow","max-snippet":"max-snippet:-1","max-image-preview":"max-image-preview:large","max-video-preview":"max-video-preview:-1"},"canonical":"https:\/\/aconteceunovale.com.br\/portal\/?p=98973","og_locale":"pt_BR","og_type":"article","og_title":"Cemig alerta para pancadas de chuvas, raios e ventos de 12 a 16 de outubro - Aconteceu no Vale","og_description":"Entre esta quarta-feira (12\/10) e domingo (16\/10), uma frente fria provocar\u00e1 pancadas de chuva no centro-sul de Minas. A Cemig alerta que as pancadas de chuva podem vir acompanhadas de raios e rajadas de vento de intensidade moderada. Em Belo Horizonte e Regi\u00e3o Metropolitana, a previs\u00e3o \u00e9 de tempo firme durante a maior parte do [&hellip;]","og_url":"https:\/\/aconteceunovale.com.br\/portal\/?p=98973","og_site_name":"Aconteceu no Vale","article_publisher":"https:\/\/www.facebook.com\/aconteceunovale\/","article_published_time":"2016-10-12T13:12:19+00:00","og_image":[{"width":678,"height":383,"url":"https:\/\/aconteceunovale.com.br\/portal\/wp-content\/uploads\/2015\/01\/raios_mg.jpg","type":"image\/jpeg"}],"author":"Aconteceu no Vale","twitter_card":"summary_large_image","twitter_creator":"@noticiadosvales","twitter_site":"@noticiadosvales","twitter_misc":{"Escrito por":"Aconteceu no Vale","Est. tempo de leitura":"3 minutos"},"schema":{"@context":"https:\/\/schema.org","@graph":[{"@type":"Article","@id":"https:\/\/aconteceunovale.com.br\/portal\/?p=98973#article","isPartOf":{"@id":"https:\/\/aconteceunovale.com.br\/portal\/?p=98973"},"author":{"name":"Aconteceu no Vale","@id":"https:\/\/aconteceunovale.com.br\/portal\/#\/schema\/person\/633529146f2c94272bef50ac2953d589"},"headline":"Cemig alerta para pancadas de chuvas, raios e ventos de 12 a 16 de outubro","datePublished":"2016-10-12T13:12:19+00:00","mainEntityOfPage":{"@id":"https:\/\/aconteceunovale.com.br\/portal\/?p=98973"},"wordCount":655,"commentCount":0,"image":{"@id":"https:\/\/aconteceunovale.com.br\/portal\/?p=98973#primaryimage"},"thumbnailUrl":"https:\/\/aconteceunovale.com.br\/portal\/wp-content\/uploads\/2015\/01\/raios_mg.jpg","keywords":["Cemig alerta para pancadas de chuvas","Cemig informa","Cemig informa atendimento para feriado e previs\u00e3o do tempo para os pr\u00f3ximos dias","Cemig informa previs\u00e3o do tempo para o dia das crian\u00e7as","Cemig informa previs\u00e3o do tempo para o feriado de Nossa Senhora Aparecida","Cemig informa previs\u00e3o do tempo para os pr\u00f3ximos dias","Cemig previs\u00e3o do tempo","Previs\u00e3o do tempo cemig","Previs\u00e3o do tempo para o dia das crian\u00e7as","Previs\u00e3o do tempo para o feriado de Nossa Senhora Aparecida","raios e ventos de 12 a 16 de outubro","Tempo no dia das crian\u00e7as","Tempo no feriado de Nossa Senhora Aparecida"],"articleSection":["Minas Gerais"],"inLanguage":"pt-BR","potentialAction":[{"@type":"CommentAction","name":"Comment","target":["https:\/\/aconteceunovale.com.br\/portal\/?p=98973#respond"]}]},{"@type":"WebPage","@id":"https:\/\/aconteceunovale.com.br\/portal\/?p=98973","url":"https:\/\/aconteceunovale.com.br\/portal\/?p=98973","name":"Cemig alerta para pancadas de chuvas, raios e ventos de 12 a 16 de outubro - Aconteceu no Vale","isPartOf":{"@id":"https:\/\/aconteceunovale.com.br\/portal\/#website"},"primaryImageOfPage":{"@id":"https:\/\/aconteceunovale.com.br\/portal\/?p=98973#primaryimage"},"image":{"@id":"https:\/\/aconteceunovale.com.br\/portal\/?p=98973#primaryimage"},"thumbnailUrl":"https:\/\/aconteceunovale.com.br\/portal\/wp-content\/uploads\/2015\/01\/raios_mg.jpg","datePublished":"2016-10-12T13:12:19+00:00","author":{"@id":"https:\/\/aconteceunovale.com.br\/portal\/#\/schema\/person\/633529146f2c94272bef50ac2953d589"},"breadcrumb":{"@id":"https:\/\/aconteceunovale.com.br\/portal\/?p=98973#breadcrumb"},"inLanguage":"pt-BR","potentialAction":[{"@type":"ReadAction","target":["https:\/\/aconteceunovale.com.br\/portal\/?p=98973"]}]},{"@type":"ImageObject","inLanguage":"pt-BR","@id":"https:\/\/aconteceunovale.com.br\/portal\/?p=98973#primaryimage","url":"https:\/\/aconteceunovale.com.br\/portal\/wp-content\/uploads\/2015\/01\/raios_mg.jpg","contentUrl":"https:\/\/aconteceunovale.com.br\/portal\/wp-content\/uploads\/2015\/01\/raios_mg.jpg","width":678,"height":383},{"@type":"BreadcrumbList","@id":"https:\/\/aconteceunovale.com.br\/portal\/?p=98973#breadcrumb","itemListElement":[{"@type":"ListItem","position":1,"name":"In\u00edcio","item":"https:\/\/aconteceunovale.com.br\/portal\/"},{"@type":"ListItem","position":2,"name":"Cemig alerta para pancadas de chuvas, raios e ventos de 12 a 16 de outubro"}]},{"@type":"WebSite","@id":"https:\/\/aconteceunovale.com.br\/portal\/#website","url":"https:\/\/aconteceunovale.com.br\/portal\/","name":"Aconteceu no Vale","description":"Portal de Not\u00edcias","potentialAction":[{"@type":"SearchAction","target":{"@type":"EntryPoint","urlTemplate":"https:\/\/aconteceunovale.com.br\/portal\/?s={search_term_string}"},"query-input":{"@type":"PropertyValueSpecification","valueRequired":true,"valueName":"search_term_string"}}],"inLanguage":"pt-BR"},{"@type":"Person","@id":"https:\/\/aconteceunovale.com.br\/portal\/#\/schema\/person\/633529146f2c94272bef50ac2953d589","name":"Aconteceu no Vale","description":"Equipe de reportagem do Aconteceu no Vale, portal de not\u00edcias do Vale do Jequitinhonha, em Minas Gerais. Cobrimos as 51 cidades do Vale desde 2013. Sugest\u00f5es de pauta e pedidos de corre\u00e7\u00e3o: contato@aconteceunovale.com.br","sameAs":["http:\/\/www.aconteceunovale.com.br"],"url":"https:\/\/aconteceunovale.com.br\/portal\/?author=1"}]}},"_links":{"self":[{"href":"https:\/\/aconteceunovale.com.br\/portal\/index.php?rest_route=\/wp\/v2\/posts\/98973","targetHints":{"allow":["GET"]}}],"collection":[{"href":"https:\/\/aconteceunovale.com.br\/portal\/index.php?rest_route=\/wp\/v2\/posts"}],"about":[{"href":"https:\/\/aconteceunovale.com.br\/portal\/index.php?rest_route=\/wp\/v2\/types\/post"}],"author":[{"embeddable":true,"href":"https:\/\/aconteceunovale.com.br\/portal\/index.php?rest_route=\/wp\/v2\/users\/1"}],"replies":[{"embeddable":true,"href":"https:\/\/aconteceunovale.com.br\/portal\/index.php?rest_route=%2Fwp%2Fv2%2Fcomments&post=98973"}],"version-history":[{"count":0,"href":"https:\/\/aconteceunovale.com.br\/portal\/index.php?rest_route=\/wp\/v2\/posts\/98973\/revisions"}],"wp:featuredmedia":[{"embeddable":true,"href":"https:\/\/aconteceunovale.com.br\/portal\/index.php?rest_route=\/wp\/v2\/media\/49443"}],"wp:attachment":[{"href":"https:\/\/aconteceunovale.com.br\/portal\/index.php?rest_route=%2Fwp%2Fv2%2Fmedia&parent=98973"}],"wp:term":[{"taxonomy":"category","embeddable":true,"href":"https:\/\/aconteceunovale.com.br\/portal\/index.php?rest_route=%2Fwp%2Fv2%2Fcategories&post=98973"},{"taxonomy":"post_tag","embeddable":true,"href":"https:\/\/aconteceunovale.com.br\/portal\/index.php?rest_route=%2Fwp%2Fv2%2Ftags&post=98973"}],"curies":[{"name":"wp","href":"https:\/\/api.w.org\/{rel}","templated":true}]}}