{"id":98968,"date":"2016-10-11T22:59:53","date_gmt":"2016-10-12T01:59:53","guid":{"rendered":"http:\/\/aconteceunovale.com.br\/portal\/?p=98968"},"modified":"2016-10-11T22:59:53","modified_gmt":"2016-10-12T01:59:53","slug":"prazo-de-adesao-ao-garantia-safra-20162017-termina-no-dia-31-de-outubro","status":"publish","type":"post","link":"https:\/\/aconteceunovale.com.br\/portal\/?p=98968","title":{"rendered":"Prazo de ades\u00e3o ao Garantia-Safra 2016\/2017 termina no dia 31 de outubro"},"content":{"rendered":"<p>Os agricultores familiares t\u00eam at\u00e9 o dia 31 de outubro para quitar o boleto de ades\u00e3o ao Garantia-Safra 2016\/2017. O valor \u00e9 de apenas R$ 17 e o documento pode ser retirado no escrit\u00f3rio da Emater-MG ou nas prefeituras dos munic\u00edpios beneficiados com o programa.<\/p>\n<p>As inscri\u00e7\u00f5es para participar do programa terminaram em setembro deste ano. Mas, a coordenadora do Garantia-Safra pela Emater-MG em Minas Gerais, Eunice Ferreira, explica que s\u00f3 a inscri\u00e7\u00e3o n\u00e3o \u00e9 suficiente.<\/p>\n<p>\u201cO que garante a participa\u00e7\u00e3o do agricultor no programa na safra 2016\/2017 \u00e9 o pagamento desse boleto de ades\u00e3o. O prazo \u00e9 apenas at\u00e9 31 de outubro. Passando essa data, n\u00e3o tem mais jeito\u201d, diz. Segundo a coordenadora, o pagamento do documento pode ser feito na Caixa Econ\u00f4mica Federal e em casas lot\u00e9ricas.<\/p>\n<p><strong>Garantia-Safra<\/strong><\/p>\n<p>O programa \u00e9 uma a\u00e7\u00e3o voltada para agricultores familiares que se encontram em munic\u00edpios sujeitos a perdas de safra devido \u00e0 seca ou ao excesso de chuvas. \u00c9 uma esp\u00e9cie de seguro que conta com a contribui\u00e7\u00e3o do agricultor, prefeitura, governos estadual e federal.<\/p>\n<p>De acordo com o Superintendente de Seguran\u00e7a Alimentar e Nutricional Sustent\u00e1vel da Secretaria de Desenvolvimento Agr\u00e1rio (Seda), Leonardo Koury Martins, o Garantia-Safra est\u00e1 interligando princ\u00edpios importantes para a cidadania, como o direito \u00e0 alimenta\u00e7\u00e3o adequada, o combate \u00e0 inseguran\u00e7a alimentar e a qualidade de vida no campo. \u201cSe n\u00e3o fosse o programa, todos os anos ter\u00edamos centenas de milhares de pessoas passando fome, com pouco acesso \u00e0 \u00e1gua e dependendo de favor para se alimentar\u201d, afirma.<\/p>\n<p>Na safra 2015\/2016, o valor do Garantia-Safra foi de R$ 850 por agricultor, divididos em cinco parcelas de R$ 170. O benef\u00edcio \u00e9 pago com recursos do Fundo Garantia-Safra, composto por contribui\u00e7\u00f5es do agricultor, do munic\u00edpio, do Estado e da Uni\u00e3o.<\/p>\n<p>Na safra 2015\/2016, a contribui\u00e7\u00e3o do agricultor foi de 2% do valor do benef\u00edcio (R$ 17), o munic\u00edpio contribuiu com 6% (R$ 51,00 por agricultor); o Estado com 12% (R$ 102) e a Uni\u00e3o com 40 % (R$ 340).<\/p>\n<p>O programa beneficia produtores localizados no Nordeste, na \u00e1rea Norte e nos Vales do Jequitinhonha e Mucuri de Minas Gerais, e regi\u00e3o Norte do Esp\u00edrito Santo. T\u00eam direito a receber o pagamento os agricultores que fizerem a ades\u00e3o ao programa e que tiverem comprovada perda de produ\u00e7\u00e3o superior a 50%.<\/p>\n<p>\u201cO programa garante um seguro no formato de benef\u00edcio social que melhora a vida das fam\u00edlias atendidas pelo programa, bem como fortalece a economia do territ\u00f3rio, uma vez que a perda da safra diminui a receita dos munic\u00edpios e enfraquece em especial o setor de servi\u00e7os\u201d, diz Leonardo Koury.<\/p>\n<p><strong>Atua\u00e7\u00e3o da Emater-MG<\/strong><\/p>\n<p>Em Minas Gerais, o Garantia-Safra \u00e9 operacionalizado pela Emater-MG, por meio de v\u00e1rias a\u00e7\u00f5es. Entre elas est\u00e3o o recebimento de inscri\u00e7\u00f5es, a emiss\u00e3o da Declara\u00e7\u00e3o de Aptid\u00e3o ao Pronaf (DAP) e a emiss\u00e3o dos laudos t\u00e9cnicos de verifica\u00e7\u00e3o do plantio e de casos onde h\u00e1 perdas. Al\u00e9m disso, a empresa mineira de extens\u00e3o rural apoia a divulga\u00e7\u00e3o do programa. Na safra 2015\/2016, segundo a Emater-MG, 43.875 agricultores de 106 munic\u00edpios aderiram ao programa. (Ag\u00eancia Minas)<\/p>\n","protected":false},"excerpt":{"rendered":"<p>Os agricultores familiares t\u00eam at\u00e9 o dia 31 de outubro para quitar o boleto de ades\u00e3o ao Garantia-Safra 2016\/2017. O valor \u00e9 de apenas R$ 17 e o documento pode ser retirado no escrit\u00f3rio da Emater-MG ou nas prefeituras dos munic\u00edpios beneficiados com o programa. As inscri\u00e7\u00f5es para participar do programa terminaram em setembro deste [&hellip;]<\/p>\n","protected":false},"author":1,"featured_media":63464,"comment_status":"open","ping_status":"closed","sticky":false,"template":"","format":"standard","meta":{"amp_status":"","footnotes":""},"categories":[123],"tags":[120208,120207,25775,5294,106365,120206,120209,120210,120211,120205],"class_list":["post-98968","post","type-post","status-publish","format-standard","has-post-thumbnail","hentry","category-gerais","tag-adesao-ao-garantia-safra-20162017","tag-adesao-ao-garantia-safra-20162017-em-minas-gerais","tag-emater-mg","tag-garantia-safra","tag-garantia-safra-20162017","tag-garantia-safra-20162017-em-minas-gerais","tag-garantia-safra-em-minas-gerais","tag-prazo-de-adesao-ao-garantia-safra-20162017","tag-prazo-de-adesao-ao-garantia-safra-20162017-em-minas-gerais","tag-prazo-de-adesao-ao-garantia-safra-20162017-termina-no-dia-31-de-outubro"],"yoast_head":"<!-- This site is optimized with the Yoast SEO plugin v28.3 - https:\/\/yoast.com\/product\/yoast-seo-wordpress\/ -->\n<title>Prazo de ades\u00e3o ao Garantia-Safra 2016\/2017 termina no dia 31 de outubro - Aconteceu no Vale<\/title>\n<meta name=\"robots\" content=\"index, follow, max-snippet:-1, max-image-preview:large, max-video-preview:-1\" \/>\n<link rel=\"canonical\" href=\"https:\/\/aconteceunovale.com.br\/portal\/?p=98968\" \/>\n<meta property=\"og:locale\" content=\"pt_BR\" \/>\n<meta property=\"og:type\" content=\"article\" \/>\n<meta property=\"og:title\" content=\"Prazo de ades\u00e3o ao Garantia-Safra 2016\/2017 termina no dia 31 de outubro - Aconteceu no Vale\" \/>\n<meta property=\"og:description\" content=\"Os agricultores familiares t\u00eam at\u00e9 o dia 31 de outubro para quitar o boleto de ades\u00e3o ao Garantia-Safra 2016\/2017. O valor \u00e9 de apenas R$ 17 e o documento pode ser retirado no escrit\u00f3rio da Emater-MG ou nas prefeituras dos munic\u00edpios beneficiados com o programa. As inscri\u00e7\u00f5es para participar do programa terminaram em setembro deste [&hellip;]\" \/>\n<meta property=\"og:url\" content=\"https:\/\/aconteceunovale.com.br\/portal\/?p=98968\" \/>\n<meta property=\"og:site_name\" content=\"Aconteceu no Vale\" \/>\n<meta property=\"article:publisher\" content=\"https:\/\/www.facebook.com\/aconteceunovale\/\" \/>\n<meta property=\"article:published_time\" content=\"2016-10-12T01:59:53+00:00\" \/>\n<meta property=\"og:image\" content=\"https:\/\/aconteceunovale.com.br\/portal\/wp-content\/uploads\/2015\/07\/emater-mg-inicia-inscricao-de-agricultores-familiares-para-o-garantia-safra.jpg\" \/>\n\t<meta property=\"og:image:width\" content=\"678\" \/>\n\t<meta property=\"og:image:height\" content=\"450\" \/>\n\t<meta property=\"og:image:type\" content=\"image\/jpeg\" \/>\n<meta name=\"author\" content=\"Aconteceu no Vale\" \/>\n<meta name=\"twitter:card\" content=\"summary_large_image\" \/>\n<meta name=\"twitter:creator\" content=\"@noticiadosvales\" \/>\n<meta name=\"twitter:site\" content=\"@noticiadosvales\" \/>\n<meta name=\"twitter:label1\" content=\"Escrito por\" \/>\n\t<meta name=\"twitter:data1\" content=\"Aconteceu no Vale\" \/>\n\t<meta name=\"twitter:label2\" content=\"Est. tempo de leitura\" \/>\n\t<meta name=\"twitter:data2\" content=\"3 minutos\" \/>\n<script type=\"application\/ld+json\" class=\"yoast-schema-graph\">{\"@context\":\"https:\\\/\\\/schema.org\",\"@graph\":[{\"@type\":\"Article\",\"@id\":\"https:\\\/\\\/aconteceunovale.com.br\\\/portal\\\/?p=98968#article\",\"isPartOf\":{\"@id\":\"https:\\\/\\\/aconteceunovale.com.br\\\/portal\\\/?p=98968\"},\"author\":{\"name\":\"Aconteceu no Vale\",\"@id\":\"https:\\\/\\\/aconteceunovale.com.br\\\/portal\\\/#\\\/schema\\\/person\\\/633529146f2c94272bef50ac2953d589\"},\"headline\":\"Prazo de ades\u00e3o ao Garantia-Safra 2016\\\/2017 termina no dia 31 de outubro\",\"datePublished\":\"2016-10-12T01:59:53+00:00\",\"mainEntityOfPage\":{\"@id\":\"https:\\\/\\\/aconteceunovale.com.br\\\/portal\\\/?p=98968\"},\"wordCount\":542,\"commentCount\":0,\"image\":{\"@id\":\"https:\\\/\\\/aconteceunovale.com.br\\\/portal\\\/?p=98968#primaryimage\"},\"thumbnailUrl\":\"https:\\\/\\\/aconteceunovale.com.br\\\/portal\\\/wp-content\\\/uploads\\\/2015\\\/07\\\/emater-mg-inicia-inscricao-de-agricultores-familiares-para-o-garantia-safra.jpg\",\"keywords\":[\"Ades\u00e3o ao Garantia-Safra 2016\\\/2017\",\"Ades\u00e3o ao Garantia-Safra 2016\\\/2017 em Minas Gerais\",\"Emater-MG\",\"Garantia Safra\",\"Garantia Safra 2016\\\/2017\",\"Garantia-Safra 2016\\\/2017 em Minas Gerais\",\"Garantia-Safra em Minas Gerais\",\"Prazo de ades\u00e3o ao Garantia-Safra 2016\\\/2017\",\"Prazo de ades\u00e3o ao Garantia-Safra 2016\\\/2017 em Minas Gerais\",\"Prazo de ades\u00e3o ao Garantia-Safra 2016\\\/2017 termina no dia 31 de outubro\"],\"articleSection\":[\"Minas Gerais\"],\"inLanguage\":\"pt-BR\",\"potentialAction\":[{\"@type\":\"CommentAction\",\"name\":\"Comment\",\"target\":[\"https:\\\/\\\/aconteceunovale.com.br\\\/portal\\\/?p=98968#respond\"]}]},{\"@type\":\"WebPage\",\"@id\":\"https:\\\/\\\/aconteceunovale.com.br\\\/portal\\\/?p=98968\",\"url\":\"https:\\\/\\\/aconteceunovale.com.br\\\/portal\\\/?p=98968\",\"name\":\"Prazo de ades\u00e3o ao Garantia-Safra 2016\\\/2017 termina no dia 31 de outubro - Aconteceu no Vale\",\"isPartOf\":{\"@id\":\"https:\\\/\\\/aconteceunovale.com.br\\\/portal\\\/#website\"},\"primaryImageOfPage\":{\"@id\":\"https:\\\/\\\/aconteceunovale.com.br\\\/portal\\\/?p=98968#primaryimage\"},\"image\":{\"@id\":\"https:\\\/\\\/aconteceunovale.com.br\\\/portal\\\/?p=98968#primaryimage\"},\"thumbnailUrl\":\"https:\\\/\\\/aconteceunovale.com.br\\\/portal\\\/wp-content\\\/uploads\\\/2015\\\/07\\\/emater-mg-inicia-inscricao-de-agricultores-familiares-para-o-garantia-safra.jpg\",\"datePublished\":\"2016-10-12T01:59:53+00:00\",\"author\":{\"@id\":\"https:\\\/\\\/aconteceunovale.com.br\\\/portal\\\/#\\\/schema\\\/person\\\/633529146f2c94272bef50ac2953d589\"},\"breadcrumb\":{\"@id\":\"https:\\\/\\\/aconteceunovale.com.br\\\/portal\\\/?p=98968#breadcrumb\"},\"inLanguage\":\"pt-BR\",\"potentialAction\":[{\"@type\":\"ReadAction\",\"target\":[\"https:\\\/\\\/aconteceunovale.com.br\\\/portal\\\/?p=98968\"]}]},{\"@type\":\"ImageObject\",\"inLanguage\":\"pt-BR\",\"@id\":\"https:\\\/\\\/aconteceunovale.com.br\\\/portal\\\/?p=98968#primaryimage\",\"url\":\"https:\\\/\\\/aconteceunovale.com.br\\\/portal\\\/wp-content\\\/uploads\\\/2015\\\/07\\\/emater-mg-inicia-inscricao-de-agricultores-familiares-para-o-garantia-safra.jpg\",\"contentUrl\":\"https:\\\/\\\/aconteceunovale.com.br\\\/portal\\\/wp-content\\\/uploads\\\/2015\\\/07\\\/emater-mg-inicia-inscricao-de-agricultores-familiares-para-o-garantia-safra.jpg\",\"width\":678,\"height\":450},{\"@type\":\"BreadcrumbList\",\"@id\":\"https:\\\/\\\/aconteceunovale.com.br\\\/portal\\\/?p=98968#breadcrumb\",\"itemListElement\":[{\"@type\":\"ListItem\",\"position\":1,\"name\":\"In\u00edcio\",\"item\":\"https:\\\/\\\/aconteceunovale.com.br\\\/portal\\\/\"},{\"@type\":\"ListItem\",\"position\":2,\"name\":\"Prazo de ades\u00e3o ao Garantia-Safra 2016\\\/2017 termina no dia 31 de outubro\"}]},{\"@type\":\"WebSite\",\"@id\":\"https:\\\/\\\/aconteceunovale.com.br\\\/portal\\\/#website\",\"url\":\"https:\\\/\\\/aconteceunovale.com.br\\\/portal\\\/\",\"name\":\"Aconteceu no Vale\",\"description\":\"Portal de Not\u00edcias\",\"potentialAction\":[{\"@type\":\"SearchAction\",\"target\":{\"@type\":\"EntryPoint\",\"urlTemplate\":\"https:\\\/\\\/aconteceunovale.com.br\\\/portal\\\/?s={search_term_string}\"},\"query-input\":{\"@type\":\"PropertyValueSpecification\",\"valueRequired\":true,\"valueName\":\"search_term_string\"}}],\"inLanguage\":\"pt-BR\"},{\"@type\":\"Person\",\"@id\":\"https:\\\/\\\/aconteceunovale.com.br\\\/portal\\\/#\\\/schema\\\/person\\\/633529146f2c94272bef50ac2953d589\",\"name\":\"Aconteceu no Vale\",\"description\":\"Equipe de reportagem do Aconteceu no Vale, portal de not\u00edcias do Vale do Jequitinhonha, em Minas Gerais. Cobrimos as 51 cidades do Vale desde 2013. Sugest\u00f5es de pauta e pedidos de corre\u00e7\u00e3o: contato@aconteceunovale.com.br\",\"sameAs\":[\"http:\\\/\\\/www.aconteceunovale.com.br\"],\"url\":\"https:\\\/\\\/aconteceunovale.com.br\\\/portal\\\/?author=1\"}]}<\/script>\n<!-- \/ Yoast SEO plugin. -->","yoast_head_json":{"title":"Prazo de ades\u00e3o ao Garantia-Safra 2016\/2017 termina no dia 31 de outubro - Aconteceu no Vale","robots":{"index":"index","follow":"follow","max-snippet":"max-snippet:-1","max-image-preview":"max-image-preview:large","max-video-preview":"max-video-preview:-1"},"canonical":"https:\/\/aconteceunovale.com.br\/portal\/?p=98968","og_locale":"pt_BR","og_type":"article","og_title":"Prazo de ades\u00e3o ao Garantia-Safra 2016\/2017 termina no dia 31 de outubro - Aconteceu no Vale","og_description":"Os agricultores familiares t\u00eam at\u00e9 o dia 31 de outubro para quitar o boleto de ades\u00e3o ao Garantia-Safra 2016\/2017. O valor \u00e9 de apenas R$ 17 e o documento pode ser retirado no escrit\u00f3rio da Emater-MG ou nas prefeituras dos munic\u00edpios beneficiados com o programa. As inscri\u00e7\u00f5es para participar do programa terminaram em setembro deste [&hellip;]","og_url":"https:\/\/aconteceunovale.com.br\/portal\/?p=98968","og_site_name":"Aconteceu no Vale","article_publisher":"https:\/\/www.facebook.com\/aconteceunovale\/","article_published_time":"2016-10-12T01:59:53+00:00","og_image":[{"width":678,"height":450,"url":"https:\/\/aconteceunovale.com.br\/portal\/wp-content\/uploads\/2015\/07\/emater-mg-inicia-inscricao-de-agricultores-familiares-para-o-garantia-safra.jpg","type":"image\/jpeg"}],"author":"Aconteceu no Vale","twitter_card":"summary_large_image","twitter_creator":"@noticiadosvales","twitter_site":"@noticiadosvales","twitter_misc":{"Escrito por":"Aconteceu no Vale","Est. tempo de leitura":"3 minutos"},"schema":{"@context":"https:\/\/schema.org","@graph":[{"@type":"Article","@id":"https:\/\/aconteceunovale.com.br\/portal\/?p=98968#article","isPartOf":{"@id":"https:\/\/aconteceunovale.com.br\/portal\/?p=98968"},"author":{"name":"Aconteceu no Vale","@id":"https:\/\/aconteceunovale.com.br\/portal\/#\/schema\/person\/633529146f2c94272bef50ac2953d589"},"headline":"Prazo de ades\u00e3o ao Garantia-Safra 2016\/2017 termina no dia 31 de outubro","datePublished":"2016-10-12T01:59:53+00:00","mainEntityOfPage":{"@id":"https:\/\/aconteceunovale.com.br\/portal\/?p=98968"},"wordCount":542,"commentCount":0,"image":{"@id":"https:\/\/aconteceunovale.com.br\/portal\/?p=98968#primaryimage"},"thumbnailUrl":"https:\/\/aconteceunovale.com.br\/portal\/wp-content\/uploads\/2015\/07\/emater-mg-inicia-inscricao-de-agricultores-familiares-para-o-garantia-safra.jpg","keywords":["Ades\u00e3o ao Garantia-Safra 2016\/2017","Ades\u00e3o ao Garantia-Safra 2016\/2017 em Minas Gerais","Emater-MG","Garantia Safra","Garantia Safra 2016\/2017","Garantia-Safra 2016\/2017 em Minas Gerais","Garantia-Safra em Minas Gerais","Prazo de ades\u00e3o ao Garantia-Safra 2016\/2017","Prazo de ades\u00e3o ao Garantia-Safra 2016\/2017 em Minas Gerais","Prazo de ades\u00e3o ao Garantia-Safra 2016\/2017 termina no dia 31 de outubro"],"articleSection":["Minas Gerais"],"inLanguage":"pt-BR","potentialAction":[{"@type":"CommentAction","name":"Comment","target":["https:\/\/aconteceunovale.com.br\/portal\/?p=98968#respond"]}]},{"@type":"WebPage","@id":"https:\/\/aconteceunovale.com.br\/portal\/?p=98968","url":"https:\/\/aconteceunovale.com.br\/portal\/?p=98968","name":"Prazo de ades\u00e3o ao Garantia-Safra 2016\/2017 termina no dia 31 de outubro - Aconteceu no Vale","isPartOf":{"@id":"https:\/\/aconteceunovale.com.br\/portal\/#website"},"primaryImageOfPage":{"@id":"https:\/\/aconteceunovale.com.br\/portal\/?p=98968#primaryimage"},"image":{"@id":"https:\/\/aconteceunovale.com.br\/portal\/?p=98968#primaryimage"},"thumbnailUrl":"https:\/\/aconteceunovale.com.br\/portal\/wp-content\/uploads\/2015\/07\/emater-mg-inicia-inscricao-de-agricultores-familiares-para-o-garantia-safra.jpg","datePublished":"2016-10-12T01:59:53+00:00","author":{"@id":"https:\/\/aconteceunovale.com.br\/portal\/#\/schema\/person\/633529146f2c94272bef50ac2953d589"},"breadcrumb":{"@id":"https:\/\/aconteceunovale.com.br\/portal\/?p=98968#breadcrumb"},"inLanguage":"pt-BR","potentialAction":[{"@type":"ReadAction","target":["https:\/\/aconteceunovale.com.br\/portal\/?p=98968"]}]},{"@type":"ImageObject","inLanguage":"pt-BR","@id":"https:\/\/aconteceunovale.com.br\/portal\/?p=98968#primaryimage","url":"https:\/\/aconteceunovale.com.br\/portal\/wp-content\/uploads\/2015\/07\/emater-mg-inicia-inscricao-de-agricultores-familiares-para-o-garantia-safra.jpg","contentUrl":"https:\/\/aconteceunovale.com.br\/portal\/wp-content\/uploads\/2015\/07\/emater-mg-inicia-inscricao-de-agricultores-familiares-para-o-garantia-safra.jpg","width":678,"height":450},{"@type":"BreadcrumbList","@id":"https:\/\/aconteceunovale.com.br\/portal\/?p=98968#breadcrumb","itemListElement":[{"@type":"ListItem","position":1,"name":"In\u00edcio","item":"https:\/\/aconteceunovale.com.br\/portal\/"},{"@type":"ListItem","position":2,"name":"Prazo de ades\u00e3o ao Garantia-Safra 2016\/2017 termina no dia 31 de outubro"}]},{"@type":"WebSite","@id":"https:\/\/aconteceunovale.com.br\/portal\/#website","url":"https:\/\/aconteceunovale.com.br\/portal\/","name":"Aconteceu no Vale","description":"Portal de Not\u00edcias","potentialAction":[{"@type":"SearchAction","target":{"@type":"EntryPoint","urlTemplate":"https:\/\/aconteceunovale.com.br\/portal\/?s={search_term_string}"},"query-input":{"@type":"PropertyValueSpecification","valueRequired":true,"valueName":"search_term_string"}}],"inLanguage":"pt-BR"},{"@type":"Person","@id":"https:\/\/aconteceunovale.com.br\/portal\/#\/schema\/person\/633529146f2c94272bef50ac2953d589","name":"Aconteceu no Vale","description":"Equipe de reportagem do Aconteceu no Vale, portal de not\u00edcias do Vale do Jequitinhonha, em Minas Gerais. Cobrimos as 51 cidades do Vale desde 2013. Sugest\u00f5es de pauta e pedidos de corre\u00e7\u00e3o: contato@aconteceunovale.com.br","sameAs":["http:\/\/www.aconteceunovale.com.br"],"url":"https:\/\/aconteceunovale.com.br\/portal\/?author=1"}]}},"_links":{"self":[{"href":"https:\/\/aconteceunovale.com.br\/portal\/index.php?rest_route=\/wp\/v2\/posts\/98968","targetHints":{"allow":["GET"]}}],"collection":[{"href":"https:\/\/aconteceunovale.com.br\/portal\/index.php?rest_route=\/wp\/v2\/posts"}],"about":[{"href":"https:\/\/aconteceunovale.com.br\/portal\/index.php?rest_route=\/wp\/v2\/types\/post"}],"author":[{"embeddable":true,"href":"https:\/\/aconteceunovale.com.br\/portal\/index.php?rest_route=\/wp\/v2\/users\/1"}],"replies":[{"embeddable":true,"href":"https:\/\/aconteceunovale.com.br\/portal\/index.php?rest_route=%2Fwp%2Fv2%2Fcomments&post=98968"}],"version-history":[{"count":0,"href":"https:\/\/aconteceunovale.com.br\/portal\/index.php?rest_route=\/wp\/v2\/posts\/98968\/revisions"}],"wp:featuredmedia":[{"embeddable":true,"href":"https:\/\/aconteceunovale.com.br\/portal\/index.php?rest_route=\/wp\/v2\/media\/63464"}],"wp:attachment":[{"href":"https:\/\/aconteceunovale.com.br\/portal\/index.php?rest_route=%2Fwp%2Fv2%2Fmedia&parent=98968"}],"wp:term":[{"taxonomy":"category","embeddable":true,"href":"https:\/\/aconteceunovale.com.br\/portal\/index.php?rest_route=%2Fwp%2Fv2%2Fcategories&post=98968"},{"taxonomy":"post_tag","embeddable":true,"href":"https:\/\/aconteceunovale.com.br\/portal\/index.php?rest_route=%2Fwp%2Fv2%2Ftags&post=98968"}],"curies":[{"name":"wp","href":"https:\/\/api.w.org\/{rel}","templated":true}]}}