{"id":98965,"date":"2016-10-11T22:53:50","date_gmt":"2016-10-12T01:53:50","guid":{"rendered":"http:\/\/aconteceunovale.com.br\/portal\/?p=98965"},"modified":"2016-10-11T22:53:50","modified_gmt":"2016-10-12T01:53:50","slug":"diversidade-cultural-e-destaque-no-ii-encontro-dos-povos-do-espinhaco-em-conceicao-do-mato-dentro","status":"publish","type":"post","link":"https:\/\/aconteceunovale.com.br\/portal\/?p=98965","title":{"rendered":"Diversidade cultural \u00e9 destaque no II Encontro dos Povos do Espinha\u00e7o em Concei\u00e7\u00e3o do Mato Dentro"},"content":{"rendered":"<p>O munic\u00edpio de Concei\u00e7\u00e3o do Mato Dentro, no Territ\u00f3rio Metropolitano, \u00e9 palco, a partir desta quarta-feira (12\/10\/2016), da celebra\u00e7\u00e3o das culturas populares. at\u00e9 o pr\u00f3ximo domingo (16\/10), a localidade de Tabuleiro recebe a &#8216;II Edi\u00e7\u00e3o do Encontro dos Povos do Espinha\u00e7o&#8217;. Na oportunidade, uma gama de atores do segmento, como ind\u00edgenas, caboclos, vaqueiros, agricultores, carapinas, marujeiros, congadeiros, cantadores, raizeiras, benzedeiras, parteiras, artes\u00e3s, cozinheiras, entre outros, dar\u00e3o o tom da diversidade cultural que comp\u00f5e a Cordilheira do Espinha\u00e7o.  Ao todo, ser\u00e3o aproximadamente 100 mestres e artistas populares, com participa\u00e7\u00e3o tamb\u00e9m de agentes culturais e ambientais.<\/p>\n<p>O encontro conta com um m\u00e9todo de integra\u00e7\u00e3o e ocupa\u00e7\u00e3o dos membros da comunidade e convidados nas atividades. Dessa forma, a programa\u00e7\u00e3o ter\u00e1 a presen\u00e7a dos membros da comunidade local, convidados comunit\u00e1rios de vilarejos e cidades da Alta e M\u00e9dia Cordilheira do Espinha\u00e7o, al\u00e9m de estudiosos e autoridades nas tem\u00e1ticas de &#8220;patrim\u00f4nio imaterial e sustentabilidade&#8221;. <\/p>\n<p>Um dos objetivos do evento, que conta com recursos do Fundo Estadual de Cultura, \u00e9 revitalizar as redes de cultura popular nos per\u00edmetros da cordilheira do Espinha\u00e7o. \u201c\u00c9 importante ressaltar que a cordilheira tem diversas cidades hist\u00f3ricas que recebem suas vilas de saber. O evento pretende fortalecer o elo entre essas comunidades, grupos e coletivos\u201d, informa Vin\u00edcius de Carvalho, um dos idealizadores.<\/p>\n<p><img decoding=\"async\" src=\"http:\/\/aconteceunovale.com.br\/portal\/wp-content\/uploads\/2016\/10\/DSCN0885.jpg\" alt=\"\" \/><em>Programa\u00e7\u00e3o re\u00fane membros da comunidade local, convidados comunit\u00e1rios de vilarejos e cidades da Alta e M\u00e9dia Cordilheira do Espinha\u00e7o (Foto: Divulga\u00e7\u00e3o\/SEC-MG)<\/em><br \/>\n<\/br><\/p>\n<p><strong>Destaques<\/strong><\/p>\n<p>A programa\u00e7\u00e3o tem in\u00edcio nesta quarta-feira (12\/10), com a abertura oficial, \u00e0s 18h30, no \u00c9den Clube. No mesmo dia, um cortejo de cultura popular conta com a marujada do Parauninha e banda de p\u00edfanos, entre outros convidados. O destaque do dia seguinte fica para a roda de oralidade Vilas do Saber, que ir\u00e1 debater sobre territ\u00f3rios de mem\u00f3ria e tradi\u00e7\u00e3o. Na sequ\u00eancia, \u00e9 a vez da apresenta\u00e7\u00e3o de um grupo de batuque de roda.<\/p>\n<p>Al\u00e9m de apresenta\u00e7\u00f5es art\u00edsticas, a sexta-feira (14\/10) conta com algumas rodas de conversa, entre elas uma sobre a ancestralidade nos povos tradicionais, a transmiss\u00e3o oral e a perpetua\u00e7\u00e3o do saber. No fim do dia, as aten\u00e7\u00f5es s\u00e3o voltadas para uma performance musical de Jonnhy Herno, que faz m\u00fasica a partir de sons corporais e se inspira no bioma da cordilheira do Espinha\u00e7o. <\/p>\n<p>\u00c0s 14h de s\u00e1bado (15\/10), acontece a roda de conversa \u201cTerrit\u00f3rios e Desterritorializa\u00e7\u00f5es \u2013 Din\u00e2micas da ocupa\u00e7\u00e3o atual dos povos no espinha\u00e7o \u2013 as \u00e1guas &#8211; o Rio Doce\u201d, com os convidados professor Bebeto (NESTH); Lourival Andrade (Ibeids); Rog\u00e9rio Sep\u00falveda (Instituto Urucum) e um representante da C\u00e1ritas Brasil (Concei\u00e7\u00e3o do Mato Dentro). Uma apresenta\u00e7\u00e3o musical com repert\u00f3rio inspirado nas montanhas e serras do Espinha\u00e7o finaliza a programa\u00e7\u00e3o do dia. O evento chega ao seu final em grande estilo, com um cortejo de grupos de tradi\u00e7\u00e3o que acontece na tarde de domingo (16\/10), com caboclos, folia de reis e brinquedos de boi.<\/p>\n<p><strong>Programa\u00e7\u00e3o completa<\/strong><\/p>\n<p><embed src=\"http:\/\/agenciaminas.mg.gov.br\/ckeditor_assets\/attachments\/1860\/programacao_ii_encontro_dos_povos_do_espinhaco.pdf\" width=\"600\" height=\"800\"><br \/>\n<\/br><\/p>\n<p>(Ag\u00eancia Minas)<\/p>\n","protected":false},"excerpt":{"rendered":"<p>O munic\u00edpio de Concei\u00e7\u00e3o do Mato Dentro, no Territ\u00f3rio Metropolitano, \u00e9 palco, a partir desta quarta-feira (12\/10\/2016), da celebra\u00e7\u00e3o das culturas populares. at\u00e9 o pr\u00f3ximo domingo (16\/10), a localidade de Tabuleiro recebe a &#8216;II Edi\u00e7\u00e3o do Encontro dos Povos do Espinha\u00e7o&#8217;. Na oportunidade, uma gama de atores do segmento, como ind\u00edgenas, caboclos, vaqueiros, agricultores, carapinas, [&hellip;]<\/p>\n","protected":false},"author":1,"featured_media":98966,"comment_status":"open","ping_status":"closed","sticky":false,"template":"","format":"standard","meta":{"amp_status":"","footnotes":""},"categories":[125,123],"tags":[750,120200,120198,120192,120196,58086,120187,628,120195,120202,120201,1018,120204,120203,120188,120189,120190,120191,120194,120199,120197,120193],"class_list":["post-98965","post","type-post","status-publish","format-standard","has-post-thumbnail","hentry","category-noticias","category-gerais","tag-agricultores","tag-artesas","tag-benzedeiras","tag-caboclos","tag-cantadores","tag-carapinas","tag-celebracao-das-culturas-populares-em-conceicao-do-mato-dentro","tag-conceicao-do-mato-dentro","tag-congadeiros","tag-cordilheira-do-espinhaco","tag-cozinheiras","tag-destaque","tag-diversidade-cultural-e-destaque-no-ii-encontro-dos-povos-do-espinhaco-em-conceicao-do-mato-dentro","tag-diversidade-cultural-que-compoe-a-cordilheira-do-espinhaco","tag-encontro-das-culturas-populares-em-conceicao-do-mato-dentro","tag-ii-edicao-do-encontro-dos-povos-do-espinhaco","tag-ii-edicao-do-encontro-dos-povos-do-espinhaco-em-conceicao-do-mato-dentro","tag-indigenas","tag-marujeiros","tag-parteiras","tag-raizeiras","tag-vaqueiros"],"yoast_head":"<!-- This site is optimized with the Yoast SEO plugin v28.3 - https:\/\/yoast.com\/product\/yoast-seo-wordpress\/ -->\n<title>Diversidade cultural \u00e9 destaque no II Encontro dos Povos do Espinha\u00e7o em Concei\u00e7\u00e3o do Mato Dentro - Aconteceu no Vale<\/title>\n<meta name=\"robots\" content=\"index, follow, max-snippet:-1, max-image-preview:large, max-video-preview:-1\" \/>\n<link rel=\"canonical\" href=\"https:\/\/aconteceunovale.com.br\/portal\/?p=98965\" \/>\n<meta property=\"og:locale\" content=\"pt_BR\" \/>\n<meta property=\"og:type\" content=\"article\" \/>\n<meta property=\"og:title\" content=\"Diversidade cultural \u00e9 destaque no II Encontro dos Povos do Espinha\u00e7o em Concei\u00e7\u00e3o do Mato Dentro - Aconteceu no Vale\" \/>\n<meta property=\"og:description\" content=\"O munic\u00edpio de Concei\u00e7\u00e3o do Mato Dentro, no Territ\u00f3rio Metropolitano, \u00e9 palco, a partir desta quarta-feira (12\/10\/2016), da celebra\u00e7\u00e3o das culturas populares. at\u00e9 o pr\u00f3ximo domingo (16\/10), a localidade de Tabuleiro recebe a &#8216;II Edi\u00e7\u00e3o do Encontro dos Povos do Espinha\u00e7o&#8217;. Na oportunidade, uma gama de atores do segmento, como ind\u00edgenas, caboclos, vaqueiros, agricultores, carapinas, [&hellip;]\" \/>\n<meta property=\"og:url\" content=\"https:\/\/aconteceunovale.com.br\/portal\/?p=98965\" \/>\n<meta property=\"og:site_name\" content=\"Aconteceu no Vale\" \/>\n<meta property=\"article:publisher\" content=\"https:\/\/www.facebook.com\/aconteceunovale\/\" \/>\n<meta property=\"article:published_time\" content=\"2016-10-12T01:53:50+00:00\" \/>\n<meta property=\"og:image\" content=\"https:\/\/aconteceunovale.com.br\/portal\/wp-content\/uploads\/2016\/10\/DSCN0885.jpg\" \/>\n\t<meta property=\"og:image:width\" content=\"662\" \/>\n\t<meta property=\"og:image:height\" content=\"450\" \/>\n\t<meta property=\"og:image:type\" content=\"image\/jpeg\" \/>\n<meta name=\"author\" content=\"Aconteceu no Vale\" \/>\n<meta name=\"twitter:card\" content=\"summary_large_image\" \/>\n<meta name=\"twitter:creator\" content=\"@noticiadosvales\" \/>\n<meta name=\"twitter:site\" content=\"@noticiadosvales\" \/>\n<meta name=\"twitter:label1\" content=\"Escrito por\" \/>\n\t<meta name=\"twitter:data1\" content=\"Aconteceu no Vale\" \/>\n\t<meta name=\"twitter:label2\" content=\"Est. tempo de leitura\" \/>\n\t<meta name=\"twitter:data2\" content=\"3 minutos\" \/>\n<script type=\"application\/ld+json\" class=\"yoast-schema-graph\">{\"@context\":\"https:\\\/\\\/schema.org\",\"@graph\":[{\"@type\":\"Article\",\"@id\":\"https:\\\/\\\/aconteceunovale.com.br\\\/portal\\\/?p=98965#article\",\"isPartOf\":{\"@id\":\"https:\\\/\\\/aconteceunovale.com.br\\\/portal\\\/?p=98965\"},\"author\":{\"name\":\"Aconteceu no Vale\",\"@id\":\"https:\\\/\\\/aconteceunovale.com.br\\\/portal\\\/#\\\/schema\\\/person\\\/633529146f2c94272bef50ac2953d589\"},\"headline\":\"Diversidade cultural \u00e9 destaque no II Encontro dos Povos do Espinha\u00e7o em Concei\u00e7\u00e3o do Mato Dentro\",\"datePublished\":\"2016-10-12T01:53:50+00:00\",\"mainEntityOfPage\":{\"@id\":\"https:\\\/\\\/aconteceunovale.com.br\\\/portal\\\/?p=98965\"},\"wordCount\":549,\"commentCount\":0,\"image\":{\"@id\":\"https:\\\/\\\/aconteceunovale.com.br\\\/portal\\\/?p=98965#primaryimage\"},\"thumbnailUrl\":\"https:\\\/\\\/aconteceunovale.com.br\\\/portal\\\/wp-content\\\/uploads\\\/2016\\\/10\\\/DSCN0885.jpg\",\"keywords\":[\"agricultores\",\"artes\u00e3s\",\"benzedeiras\",\"caboclos\",\"cantadores\",\"Carapinas\",\"celebra\u00e7\u00e3o das culturas populares em Concei\u00e7\u00e3o do Mato Dentro\",\"Concei\u00e7\u00e3o do Mato Dentro\",\"congadeiros\",\"Cordilheira do Espinha\u00e7o\",\"cozinheiras\",\"destaque\",\"Diversidade cultural \u00e9 destaque no II Encontro dos Povos do Espinha\u00e7o em Concei\u00e7\u00e3o do Mato Dentro\",\"diversidade cultural que comp\u00f5e a Cordilheira do Espinha\u00e7o\",\"Encontro das culturas populares em Concei\u00e7\u00e3o do Mato Dentro\",\"II Edi\u00e7\u00e3o do Encontro dos Povos do Espinha\u00e7o\",\"II Edi\u00e7\u00e3o do Encontro dos Povos do Espinha\u00e7o em Concei\u00e7\u00e3o do Mato Dentro\",\"ind\u00edgenas\",\"marujeiros\",\"parteiras\",\"raizeiras\",\"vaqueiros\"],\"articleSection\":[\"Eventos\",\"Minas Gerais\"],\"inLanguage\":\"pt-BR\",\"potentialAction\":[{\"@type\":\"CommentAction\",\"name\":\"Comment\",\"target\":[\"https:\\\/\\\/aconteceunovale.com.br\\\/portal\\\/?p=98965#respond\"]}]},{\"@type\":\"WebPage\",\"@id\":\"https:\\\/\\\/aconteceunovale.com.br\\\/portal\\\/?p=98965\",\"url\":\"https:\\\/\\\/aconteceunovale.com.br\\\/portal\\\/?p=98965\",\"name\":\"Diversidade cultural \u00e9 destaque no II Encontro dos Povos do Espinha\u00e7o em Concei\u00e7\u00e3o do Mato Dentro - Aconteceu no Vale\",\"isPartOf\":{\"@id\":\"https:\\\/\\\/aconteceunovale.com.br\\\/portal\\\/#website\"},\"primaryImageOfPage\":{\"@id\":\"https:\\\/\\\/aconteceunovale.com.br\\\/portal\\\/?p=98965#primaryimage\"},\"image\":{\"@id\":\"https:\\\/\\\/aconteceunovale.com.br\\\/portal\\\/?p=98965#primaryimage\"},\"thumbnailUrl\":\"https:\\\/\\\/aconteceunovale.com.br\\\/portal\\\/wp-content\\\/uploads\\\/2016\\\/10\\\/DSCN0885.jpg\",\"datePublished\":\"2016-10-12T01:53:50+00:00\",\"author\":{\"@id\":\"https:\\\/\\\/aconteceunovale.com.br\\\/portal\\\/#\\\/schema\\\/person\\\/633529146f2c94272bef50ac2953d589\"},\"breadcrumb\":{\"@id\":\"https:\\\/\\\/aconteceunovale.com.br\\\/portal\\\/?p=98965#breadcrumb\"},\"inLanguage\":\"pt-BR\",\"potentialAction\":[{\"@type\":\"ReadAction\",\"target\":[\"https:\\\/\\\/aconteceunovale.com.br\\\/portal\\\/?p=98965\"]}]},{\"@type\":\"ImageObject\",\"inLanguage\":\"pt-BR\",\"@id\":\"https:\\\/\\\/aconteceunovale.com.br\\\/portal\\\/?p=98965#primaryimage\",\"url\":\"https:\\\/\\\/aconteceunovale.com.br\\\/portal\\\/wp-content\\\/uploads\\\/2016\\\/10\\\/DSCN0885.jpg\",\"contentUrl\":\"https:\\\/\\\/aconteceunovale.com.br\\\/portal\\\/wp-content\\\/uploads\\\/2016\\\/10\\\/DSCN0885.jpg\",\"width\":662,\"height\":450},{\"@type\":\"BreadcrumbList\",\"@id\":\"https:\\\/\\\/aconteceunovale.com.br\\\/portal\\\/?p=98965#breadcrumb\",\"itemListElement\":[{\"@type\":\"ListItem\",\"position\":1,\"name\":\"In\u00edcio\",\"item\":\"https:\\\/\\\/aconteceunovale.com.br\\\/portal\\\/\"},{\"@type\":\"ListItem\",\"position\":2,\"name\":\"Diversidade cultural \u00e9 destaque no II Encontro dos Povos do Espinha\u00e7o em Concei\u00e7\u00e3o do Mato Dentro\"}]},{\"@type\":\"WebSite\",\"@id\":\"https:\\\/\\\/aconteceunovale.com.br\\\/portal\\\/#website\",\"url\":\"https:\\\/\\\/aconteceunovale.com.br\\\/portal\\\/\",\"name\":\"Aconteceu no Vale\",\"description\":\"Portal de Not\u00edcias\",\"potentialAction\":[{\"@type\":\"SearchAction\",\"target\":{\"@type\":\"EntryPoint\",\"urlTemplate\":\"https:\\\/\\\/aconteceunovale.com.br\\\/portal\\\/?s={search_term_string}\"},\"query-input\":{\"@type\":\"PropertyValueSpecification\",\"valueRequired\":true,\"valueName\":\"search_term_string\"}}],\"inLanguage\":\"pt-BR\"},{\"@type\":\"Person\",\"@id\":\"https:\\\/\\\/aconteceunovale.com.br\\\/portal\\\/#\\\/schema\\\/person\\\/633529146f2c94272bef50ac2953d589\",\"name\":\"Aconteceu no Vale\",\"description\":\"Equipe de reportagem do Aconteceu no Vale, portal de not\u00edcias do Vale do Jequitinhonha, em Minas Gerais. Cobrimos as 51 cidades do Vale desde 2013. Sugest\u00f5es de pauta e pedidos de corre\u00e7\u00e3o: contato@aconteceunovale.com.br\",\"sameAs\":[\"http:\\\/\\\/www.aconteceunovale.com.br\"],\"url\":\"https:\\\/\\\/aconteceunovale.com.br\\\/portal\\\/?author=1\"}]}<\/script>\n<!-- \/ Yoast SEO plugin. -->","yoast_head_json":{"title":"Diversidade cultural \u00e9 destaque no II Encontro dos Povos do Espinha\u00e7o em Concei\u00e7\u00e3o do Mato Dentro - Aconteceu no Vale","robots":{"index":"index","follow":"follow","max-snippet":"max-snippet:-1","max-image-preview":"max-image-preview:large","max-video-preview":"max-video-preview:-1"},"canonical":"https:\/\/aconteceunovale.com.br\/portal\/?p=98965","og_locale":"pt_BR","og_type":"article","og_title":"Diversidade cultural \u00e9 destaque no II Encontro dos Povos do Espinha\u00e7o em Concei\u00e7\u00e3o do Mato Dentro - Aconteceu no Vale","og_description":"O munic\u00edpio de Concei\u00e7\u00e3o do Mato Dentro, no Territ\u00f3rio Metropolitano, \u00e9 palco, a partir desta quarta-feira (12\/10\/2016), da celebra\u00e7\u00e3o das culturas populares. at\u00e9 o pr\u00f3ximo domingo (16\/10), a localidade de Tabuleiro recebe a &#8216;II Edi\u00e7\u00e3o do Encontro dos Povos do Espinha\u00e7o&#8217;. Na oportunidade, uma gama de atores do segmento, como ind\u00edgenas, caboclos, vaqueiros, agricultores, carapinas, [&hellip;]","og_url":"https:\/\/aconteceunovale.com.br\/portal\/?p=98965","og_site_name":"Aconteceu no Vale","article_publisher":"https:\/\/www.facebook.com\/aconteceunovale\/","article_published_time":"2016-10-12T01:53:50+00:00","og_image":[{"width":662,"height":450,"url":"https:\/\/aconteceunovale.com.br\/portal\/wp-content\/uploads\/2016\/10\/DSCN0885.jpg","type":"image\/jpeg"}],"author":"Aconteceu no Vale","twitter_card":"summary_large_image","twitter_creator":"@noticiadosvales","twitter_site":"@noticiadosvales","twitter_misc":{"Escrito por":"Aconteceu no Vale","Est. tempo de leitura":"3 minutos"},"schema":{"@context":"https:\/\/schema.org","@graph":[{"@type":"Article","@id":"https:\/\/aconteceunovale.com.br\/portal\/?p=98965#article","isPartOf":{"@id":"https:\/\/aconteceunovale.com.br\/portal\/?p=98965"},"author":{"name":"Aconteceu no Vale","@id":"https:\/\/aconteceunovale.com.br\/portal\/#\/schema\/person\/633529146f2c94272bef50ac2953d589"},"headline":"Diversidade cultural \u00e9 destaque no II Encontro dos Povos do Espinha\u00e7o em Concei\u00e7\u00e3o do Mato Dentro","datePublished":"2016-10-12T01:53:50+00:00","mainEntityOfPage":{"@id":"https:\/\/aconteceunovale.com.br\/portal\/?p=98965"},"wordCount":549,"commentCount":0,"image":{"@id":"https:\/\/aconteceunovale.com.br\/portal\/?p=98965#primaryimage"},"thumbnailUrl":"https:\/\/aconteceunovale.com.br\/portal\/wp-content\/uploads\/2016\/10\/DSCN0885.jpg","keywords":["agricultores","artes\u00e3s","benzedeiras","caboclos","cantadores","Carapinas","celebra\u00e7\u00e3o das culturas populares em Concei\u00e7\u00e3o do Mato Dentro","Concei\u00e7\u00e3o do Mato Dentro","congadeiros","Cordilheira do Espinha\u00e7o","cozinheiras","destaque","Diversidade cultural \u00e9 destaque no II Encontro dos Povos do Espinha\u00e7o em Concei\u00e7\u00e3o do Mato Dentro","diversidade cultural que comp\u00f5e a Cordilheira do Espinha\u00e7o","Encontro das culturas populares em Concei\u00e7\u00e3o do Mato Dentro","II Edi\u00e7\u00e3o do Encontro dos Povos do Espinha\u00e7o","II Edi\u00e7\u00e3o do Encontro dos Povos do Espinha\u00e7o em Concei\u00e7\u00e3o do Mato Dentro","ind\u00edgenas","marujeiros","parteiras","raizeiras","vaqueiros"],"articleSection":["Eventos","Minas Gerais"],"inLanguage":"pt-BR","potentialAction":[{"@type":"CommentAction","name":"Comment","target":["https:\/\/aconteceunovale.com.br\/portal\/?p=98965#respond"]}]},{"@type":"WebPage","@id":"https:\/\/aconteceunovale.com.br\/portal\/?p=98965","url":"https:\/\/aconteceunovale.com.br\/portal\/?p=98965","name":"Diversidade cultural \u00e9 destaque no II Encontro dos Povos do Espinha\u00e7o em Concei\u00e7\u00e3o do Mato Dentro - Aconteceu no Vale","isPartOf":{"@id":"https:\/\/aconteceunovale.com.br\/portal\/#website"},"primaryImageOfPage":{"@id":"https:\/\/aconteceunovale.com.br\/portal\/?p=98965#primaryimage"},"image":{"@id":"https:\/\/aconteceunovale.com.br\/portal\/?p=98965#primaryimage"},"thumbnailUrl":"https:\/\/aconteceunovale.com.br\/portal\/wp-content\/uploads\/2016\/10\/DSCN0885.jpg","datePublished":"2016-10-12T01:53:50+00:00","author":{"@id":"https:\/\/aconteceunovale.com.br\/portal\/#\/schema\/person\/633529146f2c94272bef50ac2953d589"},"breadcrumb":{"@id":"https:\/\/aconteceunovale.com.br\/portal\/?p=98965#breadcrumb"},"inLanguage":"pt-BR","potentialAction":[{"@type":"ReadAction","target":["https:\/\/aconteceunovale.com.br\/portal\/?p=98965"]}]},{"@type":"ImageObject","inLanguage":"pt-BR","@id":"https:\/\/aconteceunovale.com.br\/portal\/?p=98965#primaryimage","url":"https:\/\/aconteceunovale.com.br\/portal\/wp-content\/uploads\/2016\/10\/DSCN0885.jpg","contentUrl":"https:\/\/aconteceunovale.com.br\/portal\/wp-content\/uploads\/2016\/10\/DSCN0885.jpg","width":662,"height":450},{"@type":"BreadcrumbList","@id":"https:\/\/aconteceunovale.com.br\/portal\/?p=98965#breadcrumb","itemListElement":[{"@type":"ListItem","position":1,"name":"In\u00edcio","item":"https:\/\/aconteceunovale.com.br\/portal\/"},{"@type":"ListItem","position":2,"name":"Diversidade cultural \u00e9 destaque no II Encontro dos Povos do Espinha\u00e7o em Concei\u00e7\u00e3o do Mato Dentro"}]},{"@type":"WebSite","@id":"https:\/\/aconteceunovale.com.br\/portal\/#website","url":"https:\/\/aconteceunovale.com.br\/portal\/","name":"Aconteceu no Vale","description":"Portal de Not\u00edcias","potentialAction":[{"@type":"SearchAction","target":{"@type":"EntryPoint","urlTemplate":"https:\/\/aconteceunovale.com.br\/portal\/?s={search_term_string}"},"query-input":{"@type":"PropertyValueSpecification","valueRequired":true,"valueName":"search_term_string"}}],"inLanguage":"pt-BR"},{"@type":"Person","@id":"https:\/\/aconteceunovale.com.br\/portal\/#\/schema\/person\/633529146f2c94272bef50ac2953d589","name":"Aconteceu no Vale","description":"Equipe de reportagem do Aconteceu no Vale, portal de not\u00edcias do Vale do Jequitinhonha, em Minas Gerais. Cobrimos as 51 cidades do Vale desde 2013. Sugest\u00f5es de pauta e pedidos de corre\u00e7\u00e3o: contato@aconteceunovale.com.br","sameAs":["http:\/\/www.aconteceunovale.com.br"],"url":"https:\/\/aconteceunovale.com.br\/portal\/?author=1"}]}},"_links":{"self":[{"href":"https:\/\/aconteceunovale.com.br\/portal\/index.php?rest_route=\/wp\/v2\/posts\/98965","targetHints":{"allow":["GET"]}}],"collection":[{"href":"https:\/\/aconteceunovale.com.br\/portal\/index.php?rest_route=\/wp\/v2\/posts"}],"about":[{"href":"https:\/\/aconteceunovale.com.br\/portal\/index.php?rest_route=\/wp\/v2\/types\/post"}],"author":[{"embeddable":true,"href":"https:\/\/aconteceunovale.com.br\/portal\/index.php?rest_route=\/wp\/v2\/users\/1"}],"replies":[{"embeddable":true,"href":"https:\/\/aconteceunovale.com.br\/portal\/index.php?rest_route=%2Fwp%2Fv2%2Fcomments&post=98965"}],"version-history":[{"count":0,"href":"https:\/\/aconteceunovale.com.br\/portal\/index.php?rest_route=\/wp\/v2\/posts\/98965\/revisions"}],"wp:featuredmedia":[{"embeddable":true,"href":"https:\/\/aconteceunovale.com.br\/portal\/index.php?rest_route=\/wp\/v2\/media\/98966"}],"wp:attachment":[{"href":"https:\/\/aconteceunovale.com.br\/portal\/index.php?rest_route=%2Fwp%2Fv2%2Fmedia&parent=98965"}],"wp:term":[{"taxonomy":"category","embeddable":true,"href":"https:\/\/aconteceunovale.com.br\/portal\/index.php?rest_route=%2Fwp%2Fv2%2Fcategories&post=98965"},{"taxonomy":"post_tag","embeddable":true,"href":"https:\/\/aconteceunovale.com.br\/portal\/index.php?rest_route=%2Fwp%2Fv2%2Ftags&post=98965"}],"curies":[{"name":"wp","href":"https:\/\/api.w.org\/{rel}","templated":true}]}}