{"id":98955,"date":"2016-10-11T22:13:02","date_gmt":"2016-10-12T01:13:02","guid":{"rendered":"http:\/\/aconteceunovale.com.br\/portal\/?p=98955"},"modified":"2016-10-11T22:13:02","modified_gmt":"2016-10-12T01:13:02","slug":"adolescente-morre-em-colisao-de-moto-contra-poste-em-sao-joao-do-paraiso","status":"publish","type":"post","link":"https:\/\/aconteceunovale.com.br\/portal\/?p=98955","title":{"rendered":"Adolescente morre em colis\u00e3o de moto contra poste em S\u00e3o Jo\u00e3o do Para\u00edso"},"content":{"rendered":"<p>Uma adolescente de 16 anos morreu em um acidente nessa segunda-feira (10\/10\/2016), no Bairro S\u00e3o Jo\u00e3ozinho, em S\u00e3o Jo\u00e3o do Para\u00edso, na regi\u00e3o Norte do Estado. Ela seguia na garupa de uma motocicleta pilotada por outra menor.<\/p>\n<p>Segundo relatos de testemunhas, a garota transitava pela Rua \u00c2ngelo Pinheiro de Carvalho e ao passar pela Rua Floresta perdeu o controle da dire\u00e7\u00e3o e bateu em um poste de ilumina\u00e7\u00e3o p\u00fablica. A condutora teve v\u00e1rias fraturas pelo corpo e hemorragia na perna esquerda. J\u00e1 a garupa, apresentava escoria\u00e7\u00f5es e hematomas nos bra\u00e7os e pernas. <\/p>\n<p>As duas adolescentes foram socorridas pelo Samu e levadas at\u00e9 o hospital local, mas uma delas, identificada como Nayara Cristina, n\u00e3o resistiu aos ferimentos e veio a \u00f3bito. A outra v\u00edtima permaneceu em observa\u00e7\u00e3o.<\/p>\n<p>Ap\u00f3s o acidente, a moto foi retirada do local por uma pessoa desconhecida. O propriet\u00e1rio j\u00e1 foi identificado e teria emprestado o ve\u00edculo para as adolescentes.<\/p>\n<p><img decoding=\"async\" src=\"http:\/\/aconteceunovale.com.br\/portal\/wp-content\/uploads\/2016\/10\/acidente_sjp_moto.jpg\" alt=\"\" \/><em>Moto colidiu contra poste de ilumina\u00e7\u00e3o p\u00fablica (Foto: Reprodu\u00e7\u00e3o\/WhatsApp)<\/em><br \/>\n<\/br><\/p>\n<p><em>(Com informa\u00e7\u00f5es do G1 Grande Minas)<\/em><\/p>\n","protected":false},"excerpt":{"rendered":"<p>Uma adolescente de 16 anos morreu em um acidente nessa segunda-feira (10\/10\/2016), no Bairro S\u00e3o Jo\u00e3ozinho, em S\u00e3o Jo\u00e3o do Para\u00edso, na regi\u00e3o Norte do Estado. Ela seguia na garupa de uma motocicleta pilotada por outra menor. Segundo relatos de testemunhas, a garota transitava pela Rua \u00c2ngelo Pinheiro de Carvalho e ao passar pela Rua [&hellip;]<\/p>\n","protected":false},"author":1,"featured_media":98956,"comment_status":"open","ping_status":"closed","sticky":false,"template":"","format":"standard","meta":{"amp_status":"","footnotes":""},"categories":[1236],"tags":[120165,119960,120164,120166,120168,1403,120167],"class_list":["post-98955","post","type-post","status-publish","format-standard","has-post-thumbnail","hentry","category-norte_de_minas","tag-acidente-de-moto-em-sao-joao-do-paraiso","tag-acidente-em-sao-joao-do-paraiso","tag-adolescente-morre-em-colisao-de-moto-contra-poste-em-sao-joao-do-paraiso","tag-colisao-contra-poste-em-sao-joao-do-paraiso","tag-nayara-cristina","tag-sao-joao-do-paraiso","tag-vitima-de-acidente-em-sao-joao-do-paraiso"],"yoast_head":"<!-- This site is optimized with the Yoast SEO plugin v28.3 - https:\/\/yoast.com\/product\/yoast-seo-wordpress\/ -->\n<title>Adolescente morre em colis\u00e3o de moto contra poste em S\u00e3o Jo\u00e3o do Para\u00edso - Aconteceu no Vale<\/title>\n<meta name=\"robots\" content=\"index, follow, max-snippet:-1, max-image-preview:large, max-video-preview:-1\" \/>\n<link rel=\"canonical\" href=\"https:\/\/aconteceunovale.com.br\/portal\/?p=98955\" \/>\n<meta property=\"og:locale\" content=\"pt_BR\" \/>\n<meta property=\"og:type\" content=\"article\" \/>\n<meta property=\"og:title\" content=\"Adolescente morre em colis\u00e3o de moto contra poste em S\u00e3o Jo\u00e3o do Para\u00edso - Aconteceu no Vale\" \/>\n<meta property=\"og:description\" content=\"Uma adolescente de 16 anos morreu em um acidente nessa segunda-feira (10\/10\/2016), no Bairro S\u00e3o Jo\u00e3ozinho, em S\u00e3o Jo\u00e3o do Para\u00edso, na regi\u00e3o Norte do Estado. Ela seguia na garupa de uma motocicleta pilotada por outra menor. Segundo relatos de testemunhas, a garota transitava pela Rua \u00c2ngelo Pinheiro de Carvalho e ao passar pela Rua [&hellip;]\" \/>\n<meta property=\"og:url\" content=\"https:\/\/aconteceunovale.com.br\/portal\/?p=98955\" \/>\n<meta property=\"og:site_name\" content=\"Aconteceu no Vale\" \/>\n<meta property=\"article:publisher\" content=\"https:\/\/www.facebook.com\/aconteceunovale\/\" \/>\n<meta property=\"article:published_time\" content=\"2016-10-12T01:13:02+00:00\" \/>\n<meta property=\"og:image\" content=\"https:\/\/aconteceunovale.com.br\/portal\/wp-content\/uploads\/2016\/10\/acidente_sjp_moto.jpg\" \/>\n\t<meta property=\"og:image:width\" content=\"540\" \/>\n\t<meta property=\"og:image:height\" content=\"356\" \/>\n\t<meta property=\"og:image:type\" content=\"image\/jpeg\" \/>\n<meta name=\"author\" content=\"Aconteceu no Vale\" \/>\n<meta name=\"twitter:card\" content=\"summary_large_image\" \/>\n<meta name=\"twitter:creator\" content=\"@noticiadosvales\" \/>\n<meta name=\"twitter:site\" content=\"@noticiadosvales\" \/>\n<meta name=\"twitter:label1\" content=\"Escrito por\" \/>\n\t<meta name=\"twitter:data1\" content=\"Aconteceu no Vale\" \/>\n\t<meta name=\"twitter:label2\" content=\"Est. tempo de leitura\" \/>\n\t<meta name=\"twitter:data2\" content=\"1 minuto\" \/>\n<script type=\"application\/ld+json\" class=\"yoast-schema-graph\">{\"@context\":\"https:\\\/\\\/schema.org\",\"@graph\":[{\"@type\":\"Article\",\"@id\":\"https:\\\/\\\/aconteceunovale.com.br\\\/portal\\\/?p=98955#article\",\"isPartOf\":{\"@id\":\"https:\\\/\\\/aconteceunovale.com.br\\\/portal\\\/?p=98955\"},\"author\":{\"name\":\"Aconteceu no Vale\",\"@id\":\"https:\\\/\\\/aconteceunovale.com.br\\\/portal\\\/#\\\/schema\\\/person\\\/633529146f2c94272bef50ac2953d589\"},\"headline\":\"Adolescente morre em colis\u00e3o de moto contra poste em S\u00e3o Jo\u00e3o do Para\u00edso\",\"datePublished\":\"2016-10-12T01:13:02+00:00\",\"mainEntityOfPage\":{\"@id\":\"https:\\\/\\\/aconteceunovale.com.br\\\/portal\\\/?p=98955\"},\"wordCount\":205,\"commentCount\":0,\"image\":{\"@id\":\"https:\\\/\\\/aconteceunovale.com.br\\\/portal\\\/?p=98955#primaryimage\"},\"thumbnailUrl\":\"https:\\\/\\\/aconteceunovale.com.br\\\/portal\\\/wp-content\\\/uploads\\\/2016\\\/10\\\/acidente_sjp_moto.jpg\",\"keywords\":[\"Acidente de moto em S\u00e3o Jo\u00e3o do Para\u00edso\",\"Acidente em S\u00e3o Jo\u00e3o do Para\u00edso\",\"Adolescente morre em colis\u00e3o de moto contra poste em S\u00e3o Jo\u00e3o do Para\u00edso\",\"Colis\u00e3o contra poste em S\u00e3o Jo\u00e3o do Para\u00edso\",\"Nayara Cristina\",\"S\u00e3o Jo\u00e3o do Para\u00edso\",\"V\u00edtima de acidente em S\u00e3o Jo\u00e3o do Para\u00edso\"],\"articleSection\":[\"Norte de Minas\"],\"inLanguage\":\"pt-BR\",\"potentialAction\":[{\"@type\":\"CommentAction\",\"name\":\"Comment\",\"target\":[\"https:\\\/\\\/aconteceunovale.com.br\\\/portal\\\/?p=98955#respond\"]}]},{\"@type\":\"WebPage\",\"@id\":\"https:\\\/\\\/aconteceunovale.com.br\\\/portal\\\/?p=98955\",\"url\":\"https:\\\/\\\/aconteceunovale.com.br\\\/portal\\\/?p=98955\",\"name\":\"Adolescente morre em colis\u00e3o de moto contra poste em S\u00e3o Jo\u00e3o do Para\u00edso - Aconteceu no Vale\",\"isPartOf\":{\"@id\":\"https:\\\/\\\/aconteceunovale.com.br\\\/portal\\\/#website\"},\"primaryImageOfPage\":{\"@id\":\"https:\\\/\\\/aconteceunovale.com.br\\\/portal\\\/?p=98955#primaryimage\"},\"image\":{\"@id\":\"https:\\\/\\\/aconteceunovale.com.br\\\/portal\\\/?p=98955#primaryimage\"},\"thumbnailUrl\":\"https:\\\/\\\/aconteceunovale.com.br\\\/portal\\\/wp-content\\\/uploads\\\/2016\\\/10\\\/acidente_sjp_moto.jpg\",\"datePublished\":\"2016-10-12T01:13:02+00:00\",\"author\":{\"@id\":\"https:\\\/\\\/aconteceunovale.com.br\\\/portal\\\/#\\\/schema\\\/person\\\/633529146f2c94272bef50ac2953d589\"},\"breadcrumb\":{\"@id\":\"https:\\\/\\\/aconteceunovale.com.br\\\/portal\\\/?p=98955#breadcrumb\"},\"inLanguage\":\"pt-BR\",\"potentialAction\":[{\"@type\":\"ReadAction\",\"target\":[\"https:\\\/\\\/aconteceunovale.com.br\\\/portal\\\/?p=98955\"]}]},{\"@type\":\"ImageObject\",\"inLanguage\":\"pt-BR\",\"@id\":\"https:\\\/\\\/aconteceunovale.com.br\\\/portal\\\/?p=98955#primaryimage\",\"url\":\"https:\\\/\\\/aconteceunovale.com.br\\\/portal\\\/wp-content\\\/uploads\\\/2016\\\/10\\\/acidente_sjp_moto.jpg\",\"contentUrl\":\"https:\\\/\\\/aconteceunovale.com.br\\\/portal\\\/wp-content\\\/uploads\\\/2016\\\/10\\\/acidente_sjp_moto.jpg\",\"width\":540,\"height\":356},{\"@type\":\"BreadcrumbList\",\"@id\":\"https:\\\/\\\/aconteceunovale.com.br\\\/portal\\\/?p=98955#breadcrumb\",\"itemListElement\":[{\"@type\":\"ListItem\",\"position\":1,\"name\":\"In\u00edcio\",\"item\":\"https:\\\/\\\/aconteceunovale.com.br\\\/portal\\\/\"},{\"@type\":\"ListItem\",\"position\":2,\"name\":\"Adolescente morre em colis\u00e3o de moto contra poste em S\u00e3o Jo\u00e3o do Para\u00edso\"}]},{\"@type\":\"WebSite\",\"@id\":\"https:\\\/\\\/aconteceunovale.com.br\\\/portal\\\/#website\",\"url\":\"https:\\\/\\\/aconteceunovale.com.br\\\/portal\\\/\",\"name\":\"Aconteceu no Vale\",\"description\":\"Portal de Not\u00edcias\",\"potentialAction\":[{\"@type\":\"SearchAction\",\"target\":{\"@type\":\"EntryPoint\",\"urlTemplate\":\"https:\\\/\\\/aconteceunovale.com.br\\\/portal\\\/?s={search_term_string}\"},\"query-input\":{\"@type\":\"PropertyValueSpecification\",\"valueRequired\":true,\"valueName\":\"search_term_string\"}}],\"inLanguage\":\"pt-BR\"},{\"@type\":\"Person\",\"@id\":\"https:\\\/\\\/aconteceunovale.com.br\\\/portal\\\/#\\\/schema\\\/person\\\/633529146f2c94272bef50ac2953d589\",\"name\":\"Aconteceu no Vale\",\"description\":\"Equipe de reportagem do Aconteceu no Vale, portal de not\u00edcias do Vale do Jequitinhonha, em Minas Gerais. Cobrimos as 51 cidades do Vale desde 2013. Sugest\u00f5es de pauta e pedidos de corre\u00e7\u00e3o: contato@aconteceunovale.com.br\",\"sameAs\":[\"http:\\\/\\\/www.aconteceunovale.com.br\"],\"url\":\"https:\\\/\\\/aconteceunovale.com.br\\\/portal\\\/?author=1\"}]}<\/script>\n<!-- \/ Yoast SEO plugin. -->","yoast_head_json":{"title":"Adolescente morre em colis\u00e3o de moto contra poste em S\u00e3o Jo\u00e3o do Para\u00edso - Aconteceu no Vale","robots":{"index":"index","follow":"follow","max-snippet":"max-snippet:-1","max-image-preview":"max-image-preview:large","max-video-preview":"max-video-preview:-1"},"canonical":"https:\/\/aconteceunovale.com.br\/portal\/?p=98955","og_locale":"pt_BR","og_type":"article","og_title":"Adolescente morre em colis\u00e3o de moto contra poste em S\u00e3o Jo\u00e3o do Para\u00edso - Aconteceu no Vale","og_description":"Uma adolescente de 16 anos morreu em um acidente nessa segunda-feira (10\/10\/2016), no Bairro S\u00e3o Jo\u00e3ozinho, em S\u00e3o Jo\u00e3o do Para\u00edso, na regi\u00e3o Norte do Estado. Ela seguia na garupa de uma motocicleta pilotada por outra menor. Segundo relatos de testemunhas, a garota transitava pela Rua \u00c2ngelo Pinheiro de Carvalho e ao passar pela Rua [&hellip;]","og_url":"https:\/\/aconteceunovale.com.br\/portal\/?p=98955","og_site_name":"Aconteceu no Vale","article_publisher":"https:\/\/www.facebook.com\/aconteceunovale\/","article_published_time":"2016-10-12T01:13:02+00:00","og_image":[{"width":540,"height":356,"url":"https:\/\/aconteceunovale.com.br\/portal\/wp-content\/uploads\/2016\/10\/acidente_sjp_moto.jpg","type":"image\/jpeg"}],"author":"Aconteceu no Vale","twitter_card":"summary_large_image","twitter_creator":"@noticiadosvales","twitter_site":"@noticiadosvales","twitter_misc":{"Escrito por":"Aconteceu no Vale","Est. tempo de leitura":"1 minuto"},"schema":{"@context":"https:\/\/schema.org","@graph":[{"@type":"Article","@id":"https:\/\/aconteceunovale.com.br\/portal\/?p=98955#article","isPartOf":{"@id":"https:\/\/aconteceunovale.com.br\/portal\/?p=98955"},"author":{"name":"Aconteceu no Vale","@id":"https:\/\/aconteceunovale.com.br\/portal\/#\/schema\/person\/633529146f2c94272bef50ac2953d589"},"headline":"Adolescente morre em colis\u00e3o de moto contra poste em S\u00e3o Jo\u00e3o do Para\u00edso","datePublished":"2016-10-12T01:13:02+00:00","mainEntityOfPage":{"@id":"https:\/\/aconteceunovale.com.br\/portal\/?p=98955"},"wordCount":205,"commentCount":0,"image":{"@id":"https:\/\/aconteceunovale.com.br\/portal\/?p=98955#primaryimage"},"thumbnailUrl":"https:\/\/aconteceunovale.com.br\/portal\/wp-content\/uploads\/2016\/10\/acidente_sjp_moto.jpg","keywords":["Acidente de moto em S\u00e3o Jo\u00e3o do Para\u00edso","Acidente em S\u00e3o Jo\u00e3o do Para\u00edso","Adolescente morre em colis\u00e3o de moto contra poste em S\u00e3o Jo\u00e3o do Para\u00edso","Colis\u00e3o contra poste em S\u00e3o Jo\u00e3o do Para\u00edso","Nayara Cristina","S\u00e3o Jo\u00e3o do Para\u00edso","V\u00edtima de acidente em S\u00e3o Jo\u00e3o do Para\u00edso"],"articleSection":["Norte de Minas"],"inLanguage":"pt-BR","potentialAction":[{"@type":"CommentAction","name":"Comment","target":["https:\/\/aconteceunovale.com.br\/portal\/?p=98955#respond"]}]},{"@type":"WebPage","@id":"https:\/\/aconteceunovale.com.br\/portal\/?p=98955","url":"https:\/\/aconteceunovale.com.br\/portal\/?p=98955","name":"Adolescente morre em colis\u00e3o de moto contra poste em S\u00e3o Jo\u00e3o do Para\u00edso - Aconteceu no Vale","isPartOf":{"@id":"https:\/\/aconteceunovale.com.br\/portal\/#website"},"primaryImageOfPage":{"@id":"https:\/\/aconteceunovale.com.br\/portal\/?p=98955#primaryimage"},"image":{"@id":"https:\/\/aconteceunovale.com.br\/portal\/?p=98955#primaryimage"},"thumbnailUrl":"https:\/\/aconteceunovale.com.br\/portal\/wp-content\/uploads\/2016\/10\/acidente_sjp_moto.jpg","datePublished":"2016-10-12T01:13:02+00:00","author":{"@id":"https:\/\/aconteceunovale.com.br\/portal\/#\/schema\/person\/633529146f2c94272bef50ac2953d589"},"breadcrumb":{"@id":"https:\/\/aconteceunovale.com.br\/portal\/?p=98955#breadcrumb"},"inLanguage":"pt-BR","potentialAction":[{"@type":"ReadAction","target":["https:\/\/aconteceunovale.com.br\/portal\/?p=98955"]}]},{"@type":"ImageObject","inLanguage":"pt-BR","@id":"https:\/\/aconteceunovale.com.br\/portal\/?p=98955#primaryimage","url":"https:\/\/aconteceunovale.com.br\/portal\/wp-content\/uploads\/2016\/10\/acidente_sjp_moto.jpg","contentUrl":"https:\/\/aconteceunovale.com.br\/portal\/wp-content\/uploads\/2016\/10\/acidente_sjp_moto.jpg","width":540,"height":356},{"@type":"BreadcrumbList","@id":"https:\/\/aconteceunovale.com.br\/portal\/?p=98955#breadcrumb","itemListElement":[{"@type":"ListItem","position":1,"name":"In\u00edcio","item":"https:\/\/aconteceunovale.com.br\/portal\/"},{"@type":"ListItem","position":2,"name":"Adolescente morre em colis\u00e3o de moto contra poste em S\u00e3o Jo\u00e3o do Para\u00edso"}]},{"@type":"WebSite","@id":"https:\/\/aconteceunovale.com.br\/portal\/#website","url":"https:\/\/aconteceunovale.com.br\/portal\/","name":"Aconteceu no Vale","description":"Portal de Not\u00edcias","potentialAction":[{"@type":"SearchAction","target":{"@type":"EntryPoint","urlTemplate":"https:\/\/aconteceunovale.com.br\/portal\/?s={search_term_string}"},"query-input":{"@type":"PropertyValueSpecification","valueRequired":true,"valueName":"search_term_string"}}],"inLanguage":"pt-BR"},{"@type":"Person","@id":"https:\/\/aconteceunovale.com.br\/portal\/#\/schema\/person\/633529146f2c94272bef50ac2953d589","name":"Aconteceu no Vale","description":"Equipe de reportagem do Aconteceu no Vale, portal de not\u00edcias do Vale do Jequitinhonha, em Minas Gerais. Cobrimos as 51 cidades do Vale desde 2013. Sugest\u00f5es de pauta e pedidos de corre\u00e7\u00e3o: contato@aconteceunovale.com.br","sameAs":["http:\/\/www.aconteceunovale.com.br"],"url":"https:\/\/aconteceunovale.com.br\/portal\/?author=1"}]}},"_links":{"self":[{"href":"https:\/\/aconteceunovale.com.br\/portal\/index.php?rest_route=\/wp\/v2\/posts\/98955","targetHints":{"allow":["GET"]}}],"collection":[{"href":"https:\/\/aconteceunovale.com.br\/portal\/index.php?rest_route=\/wp\/v2\/posts"}],"about":[{"href":"https:\/\/aconteceunovale.com.br\/portal\/index.php?rest_route=\/wp\/v2\/types\/post"}],"author":[{"embeddable":true,"href":"https:\/\/aconteceunovale.com.br\/portal\/index.php?rest_route=\/wp\/v2\/users\/1"}],"replies":[{"embeddable":true,"href":"https:\/\/aconteceunovale.com.br\/portal\/index.php?rest_route=%2Fwp%2Fv2%2Fcomments&post=98955"}],"version-history":[{"count":0,"href":"https:\/\/aconteceunovale.com.br\/portal\/index.php?rest_route=\/wp\/v2\/posts\/98955\/revisions"}],"wp:featuredmedia":[{"embeddable":true,"href":"https:\/\/aconteceunovale.com.br\/portal\/index.php?rest_route=\/wp\/v2\/media\/98956"}],"wp:attachment":[{"href":"https:\/\/aconteceunovale.com.br\/portal\/index.php?rest_route=%2Fwp%2Fv2%2Fmedia&parent=98955"}],"wp:term":[{"taxonomy":"category","embeddable":true,"href":"https:\/\/aconteceunovale.com.br\/portal\/index.php?rest_route=%2Fwp%2Fv2%2Fcategories&post=98955"},{"taxonomy":"post_tag","embeddable":true,"href":"https:\/\/aconteceunovale.com.br\/portal\/index.php?rest_route=%2Fwp%2Fv2%2Ftags&post=98955"}],"curies":[{"name":"wp","href":"https:\/\/api.w.org\/{rel}","templated":true}]}}