{"id":98942,"date":"2016-10-11T21:27:20","date_gmt":"2016-10-12T00:27:20","guid":{"rendered":"http:\/\/aconteceunovale.com.br\/portal\/?p=98942"},"modified":"2016-10-11T21:27:20","modified_gmt":"2016-10-12T00:27:20","slug":"agente-penitenciario-atira-no-proprio-irmao-e-homem-e-morto-dentro-de-casa-em-montes-claros","status":"publish","type":"post","link":"https:\/\/aconteceunovale.com.br\/portal\/?p=98942","title":{"rendered":"Agente penitenci\u00e1rio atira no pr\u00f3prio irm\u00e3o e homem \u00e9 morto dentro de casa em Montes Claros"},"content":{"rendered":"<p>Um agente penitenci\u00e1rio atirou contra o irm\u00e3o na tarde desta ter\u00e7a-feira (11\/10\/2016) em Montes Claros, no Norte de Minas. De acordo com a Pol\u00edcia Militar (PM), a v\u00edtima \u00e9 usu\u00e1ria de drogas e teria entrado em atrito com o irm\u00e3o no Bairro Vargem Grande.<\/p>\n<p>Ainda segundo a PM, durante a briga, o agente sacou a arma e atirou no p\u00e9 do irm\u00e3o, que ficou ferido no tornozelo. O agente fugiu e at\u00e9 o in\u00edcio da noite desta ter\u00e7a ele ainda n\u00e3o havia sido localizado.<\/p>\n<p>A v\u00edtima foi socorrida pelo Samu e encaminhada ao Hospital Universit\u00e1rio. A institui\u00e7\u00e3o afirmou que ele n\u00e3o teve fraturas, mas seria avaliado por um m\u00e9dico cirurgi\u00e3o por causa do ferimento.<\/p>\n<p><strong>Homic\u00eddio na Vila Tiradentes<\/strong><\/p>\n<p>Um rapaz de 26 anos foi assassinado a tiros na tarde desta ter\u00e7a-feira (11\/10) em Montes Claros. De acordo com a Pol\u00edcia Militar, a v\u00edtima estava dentro de casa, na Vila Tiradentes, quando foi atingida por cerca de 11 tiros.<\/p>\n<p>O Samu foi acionado, mas a v\u00edtima n\u00e3o resistiu aos ferimentos e morreu no local. Ainda segundo a PM, o rapaz tinha passagens por tr\u00e1fico de drogas e tinha em aberto um mandado de recaptura devido a uma fuga de um pres\u00eddio da cidade.<\/p>\n<p>A PM faz buscas para tentar localizar os autores do crime, mas at\u00e9 o in\u00edcio da noite desta ter\u00e7a ningu\u00e9m havia sido preso. (G1 Grande Minas)<\/p>\n","protected":false},"excerpt":{"rendered":"<p>Um agente penitenci\u00e1rio atirou contra o irm\u00e3o na tarde desta ter\u00e7a-feira (11\/10\/2016) em Montes Claros, no Norte de Minas. De acordo com a Pol\u00edcia Militar (PM), a v\u00edtima \u00e9 usu\u00e1ria de drogas e teria entrado em atrito com o irm\u00e3o no Bairro Vargem Grande. Ainda segundo a PM, durante a briga, o agente sacou a [&hellip;]<\/p>\n","protected":false},"author":1,"featured_media":78106,"comment_status":"open","ping_status":"closed","sticky":false,"template":"","format":"standard","meta":{"amp_status":"","footnotes":""},"categories":[1236],"tags":[120148,120150,120145,53918,77451,120147,120146,25220,120149,210,25221],"class_list":["post-98942","post","type-post","status-publish","format-standard","has-post-thumbnail","hentry","category-norte_de_minas","tag-agente-penitenciario-atira-no-proprio-irmao-durante-briga-em-montes-claros","tag-agente-penitenciario-atira-no-proprio-irmao-e-homem-e-morto-dentro-de-casa-em-montes-claros","tag-agente-penitenciario-tenta-matar-o-proprio-irmao-durante-briga-em-montes-claros","tag-assassinato-em-montes-claros","tag-baleado-em-montes-claros","tag-baleado-por-agente-penitenciario-em-montes-claros","tag-briga-agente-penitenciario-em-montes-claros","tag-homicidio-em-montes-claros","tag-homicidio-na-vila-tiradentes","tag-montes-claros","tag-tentativa-de-homicidio-em-montes-claros"],"yoast_head":"<!-- This site is optimized with the Yoast SEO plugin v28.3 - https:\/\/yoast.com\/product\/yoast-seo-wordpress\/ -->\n<title>Agente penitenci\u00e1rio atira no pr\u00f3prio irm\u00e3o e homem \u00e9 morto dentro de casa em Montes Claros - Aconteceu no Vale<\/title>\n<meta name=\"robots\" content=\"index, follow, max-snippet:-1, max-image-preview:large, max-video-preview:-1\" \/>\n<link rel=\"canonical\" href=\"https:\/\/aconteceunovale.com.br\/portal\/?p=98942\" \/>\n<meta property=\"og:locale\" content=\"pt_BR\" \/>\n<meta property=\"og:type\" content=\"article\" \/>\n<meta property=\"og:title\" content=\"Agente penitenci\u00e1rio atira no pr\u00f3prio irm\u00e3o e homem \u00e9 morto dentro de casa em Montes Claros - Aconteceu no Vale\" \/>\n<meta property=\"og:description\" content=\"Um agente penitenci\u00e1rio atirou contra o irm\u00e3o na tarde desta ter\u00e7a-feira (11\/10\/2016) em Montes Claros, no Norte de Minas. De acordo com a Pol\u00edcia Militar (PM), a v\u00edtima \u00e9 usu\u00e1ria de drogas e teria entrado em atrito com o irm\u00e3o no Bairro Vargem Grande. Ainda segundo a PM, durante a briga, o agente sacou a [&hellip;]\" \/>\n<meta property=\"og:url\" content=\"https:\/\/aconteceunovale.com.br\/portal\/?p=98942\" \/>\n<meta property=\"og:site_name\" content=\"Aconteceu no Vale\" \/>\n<meta property=\"article:publisher\" content=\"https:\/\/www.facebook.com\/aconteceunovale\/\" \/>\n<meta property=\"article:published_time\" content=\"2016-10-12T00:27:20+00:00\" \/>\n<meta property=\"og:image\" content=\"https:\/\/aconteceunovale.com.br\/portal\/wp-content\/uploads\/2016\/02\/montes_claros_mg.jpg\" \/>\n\t<meta property=\"og:image:width\" content=\"678\" \/>\n\t<meta property=\"og:image:height\" content=\"450\" \/>\n\t<meta property=\"og:image:type\" content=\"image\/jpeg\" \/>\n<meta name=\"author\" content=\"Aconteceu no Vale\" \/>\n<meta name=\"twitter:card\" content=\"summary_large_image\" \/>\n<meta name=\"twitter:creator\" content=\"@noticiadosvales\" \/>\n<meta name=\"twitter:site\" content=\"@noticiadosvales\" \/>\n<meta name=\"twitter:label1\" content=\"Escrito por\" \/>\n\t<meta name=\"twitter:data1\" content=\"Aconteceu no Vale\" \/>\n\t<meta name=\"twitter:label2\" content=\"Est. tempo de leitura\" \/>\n\t<meta name=\"twitter:data2\" content=\"1 minuto\" \/>\n<script type=\"application\/ld+json\" class=\"yoast-schema-graph\">{\"@context\":\"https:\\\/\\\/schema.org\",\"@graph\":[{\"@type\":\"Article\",\"@id\":\"https:\\\/\\\/aconteceunovale.com.br\\\/portal\\\/?p=98942#article\",\"isPartOf\":{\"@id\":\"https:\\\/\\\/aconteceunovale.com.br\\\/portal\\\/?p=98942\"},\"author\":{\"name\":\"Aconteceu no Vale\",\"@id\":\"https:\\\/\\\/aconteceunovale.com.br\\\/portal\\\/#\\\/schema\\\/person\\\/633529146f2c94272bef50ac2953d589\"},\"headline\":\"Agente penitenci\u00e1rio atira no pr\u00f3prio irm\u00e3o e homem \u00e9 morto dentro de casa em Montes Claros\",\"datePublished\":\"2016-10-12T00:27:20+00:00\",\"mainEntityOfPage\":{\"@id\":\"https:\\\/\\\/aconteceunovale.com.br\\\/portal\\\/?p=98942\"},\"wordCount\":269,\"commentCount\":0,\"image\":{\"@id\":\"https:\\\/\\\/aconteceunovale.com.br\\\/portal\\\/?p=98942#primaryimage\"},\"thumbnailUrl\":\"https:\\\/\\\/aconteceunovale.com.br\\\/portal\\\/wp-content\\\/uploads\\\/2016\\\/02\\\/montes_claros_mg.jpg\",\"keywords\":[\"Agente penitenci\u00e1rio atira no pr\u00f3prio irm\u00e3o durante briga em Montes Claros\",\"Agente penitenci\u00e1rio atira no pr\u00f3prio irm\u00e3o e homem \u00e9 morto dentro de casa em Montes Claros\",\"Agente penitenci\u00e1rio tenta matar o pr\u00f3prio irm\u00e3o durante briga em Montes Claros\",\"assassinato em Montes Claros\",\"baleado em Montes Claros\",\"Baleado por agente penitenci\u00e1rio em Montes Claros\",\"Briga agente penitenci\u00e1rio em Montes Claros\",\"homic\u00eddio em montes claros\",\"Homic\u00eddio na Vila Tiradentes\",\"Montes Claros\",\"tentativa de homic\u00eddio em montes claros\"],\"articleSection\":[\"Norte de Minas\"],\"inLanguage\":\"pt-BR\",\"potentialAction\":[{\"@type\":\"CommentAction\",\"name\":\"Comment\",\"target\":[\"https:\\\/\\\/aconteceunovale.com.br\\\/portal\\\/?p=98942#respond\"]}]},{\"@type\":\"WebPage\",\"@id\":\"https:\\\/\\\/aconteceunovale.com.br\\\/portal\\\/?p=98942\",\"url\":\"https:\\\/\\\/aconteceunovale.com.br\\\/portal\\\/?p=98942\",\"name\":\"Agente penitenci\u00e1rio atira no pr\u00f3prio irm\u00e3o e homem \u00e9 morto dentro de casa em Montes Claros - Aconteceu no Vale\",\"isPartOf\":{\"@id\":\"https:\\\/\\\/aconteceunovale.com.br\\\/portal\\\/#website\"},\"primaryImageOfPage\":{\"@id\":\"https:\\\/\\\/aconteceunovale.com.br\\\/portal\\\/?p=98942#primaryimage\"},\"image\":{\"@id\":\"https:\\\/\\\/aconteceunovale.com.br\\\/portal\\\/?p=98942#primaryimage\"},\"thumbnailUrl\":\"https:\\\/\\\/aconteceunovale.com.br\\\/portal\\\/wp-content\\\/uploads\\\/2016\\\/02\\\/montes_claros_mg.jpg\",\"datePublished\":\"2016-10-12T00:27:20+00:00\",\"author\":{\"@id\":\"https:\\\/\\\/aconteceunovale.com.br\\\/portal\\\/#\\\/schema\\\/person\\\/633529146f2c94272bef50ac2953d589\"},\"breadcrumb\":{\"@id\":\"https:\\\/\\\/aconteceunovale.com.br\\\/portal\\\/?p=98942#breadcrumb\"},\"inLanguage\":\"pt-BR\",\"potentialAction\":[{\"@type\":\"ReadAction\",\"target\":[\"https:\\\/\\\/aconteceunovale.com.br\\\/portal\\\/?p=98942\"]}]},{\"@type\":\"ImageObject\",\"inLanguage\":\"pt-BR\",\"@id\":\"https:\\\/\\\/aconteceunovale.com.br\\\/portal\\\/?p=98942#primaryimage\",\"url\":\"https:\\\/\\\/aconteceunovale.com.br\\\/portal\\\/wp-content\\\/uploads\\\/2016\\\/02\\\/montes_claros_mg.jpg\",\"contentUrl\":\"https:\\\/\\\/aconteceunovale.com.br\\\/portal\\\/wp-content\\\/uploads\\\/2016\\\/02\\\/montes_claros_mg.jpg\",\"width\":678,\"height\":450},{\"@type\":\"BreadcrumbList\",\"@id\":\"https:\\\/\\\/aconteceunovale.com.br\\\/portal\\\/?p=98942#breadcrumb\",\"itemListElement\":[{\"@type\":\"ListItem\",\"position\":1,\"name\":\"In\u00edcio\",\"item\":\"https:\\\/\\\/aconteceunovale.com.br\\\/portal\\\/\"},{\"@type\":\"ListItem\",\"position\":2,\"name\":\"Agente penitenci\u00e1rio atira no pr\u00f3prio irm\u00e3o e homem \u00e9 morto dentro de casa em Montes Claros\"}]},{\"@type\":\"WebSite\",\"@id\":\"https:\\\/\\\/aconteceunovale.com.br\\\/portal\\\/#website\",\"url\":\"https:\\\/\\\/aconteceunovale.com.br\\\/portal\\\/\",\"name\":\"Aconteceu no Vale\",\"description\":\"Portal de Not\u00edcias\",\"potentialAction\":[{\"@type\":\"SearchAction\",\"target\":{\"@type\":\"EntryPoint\",\"urlTemplate\":\"https:\\\/\\\/aconteceunovale.com.br\\\/portal\\\/?s={search_term_string}\"},\"query-input\":{\"@type\":\"PropertyValueSpecification\",\"valueRequired\":true,\"valueName\":\"search_term_string\"}}],\"inLanguage\":\"pt-BR\"},{\"@type\":\"Person\",\"@id\":\"https:\\\/\\\/aconteceunovale.com.br\\\/portal\\\/#\\\/schema\\\/person\\\/633529146f2c94272bef50ac2953d589\",\"name\":\"Aconteceu no Vale\",\"description\":\"Equipe de reportagem do Aconteceu no Vale, portal de not\u00edcias do Vale do Jequitinhonha, em Minas Gerais. Cobrimos as 51 cidades do Vale desde 2013. Sugest\u00f5es de pauta e pedidos de corre\u00e7\u00e3o: contato@aconteceunovale.com.br\",\"sameAs\":[\"http:\\\/\\\/www.aconteceunovale.com.br\"],\"url\":\"https:\\\/\\\/aconteceunovale.com.br\\\/portal\\\/?author=1\"}]}<\/script>\n<!-- \/ Yoast SEO plugin. -->","yoast_head_json":{"title":"Agente penitenci\u00e1rio atira no pr\u00f3prio irm\u00e3o e homem \u00e9 morto dentro de casa em Montes Claros - Aconteceu no Vale","robots":{"index":"index","follow":"follow","max-snippet":"max-snippet:-1","max-image-preview":"max-image-preview:large","max-video-preview":"max-video-preview:-1"},"canonical":"https:\/\/aconteceunovale.com.br\/portal\/?p=98942","og_locale":"pt_BR","og_type":"article","og_title":"Agente penitenci\u00e1rio atira no pr\u00f3prio irm\u00e3o e homem \u00e9 morto dentro de casa em Montes Claros - Aconteceu no Vale","og_description":"Um agente penitenci\u00e1rio atirou contra o irm\u00e3o na tarde desta ter\u00e7a-feira (11\/10\/2016) em Montes Claros, no Norte de Minas. De acordo com a Pol\u00edcia Militar (PM), a v\u00edtima \u00e9 usu\u00e1ria de drogas e teria entrado em atrito com o irm\u00e3o no Bairro Vargem Grande. Ainda segundo a PM, durante a briga, o agente sacou a [&hellip;]","og_url":"https:\/\/aconteceunovale.com.br\/portal\/?p=98942","og_site_name":"Aconteceu no Vale","article_publisher":"https:\/\/www.facebook.com\/aconteceunovale\/","article_published_time":"2016-10-12T00:27:20+00:00","og_image":[{"width":678,"height":450,"url":"https:\/\/aconteceunovale.com.br\/portal\/wp-content\/uploads\/2016\/02\/montes_claros_mg.jpg","type":"image\/jpeg"}],"author":"Aconteceu no Vale","twitter_card":"summary_large_image","twitter_creator":"@noticiadosvales","twitter_site":"@noticiadosvales","twitter_misc":{"Escrito por":"Aconteceu no Vale","Est. tempo de leitura":"1 minuto"},"schema":{"@context":"https:\/\/schema.org","@graph":[{"@type":"Article","@id":"https:\/\/aconteceunovale.com.br\/portal\/?p=98942#article","isPartOf":{"@id":"https:\/\/aconteceunovale.com.br\/portal\/?p=98942"},"author":{"name":"Aconteceu no Vale","@id":"https:\/\/aconteceunovale.com.br\/portal\/#\/schema\/person\/633529146f2c94272bef50ac2953d589"},"headline":"Agente penitenci\u00e1rio atira no pr\u00f3prio irm\u00e3o e homem \u00e9 morto dentro de casa em Montes Claros","datePublished":"2016-10-12T00:27:20+00:00","mainEntityOfPage":{"@id":"https:\/\/aconteceunovale.com.br\/portal\/?p=98942"},"wordCount":269,"commentCount":0,"image":{"@id":"https:\/\/aconteceunovale.com.br\/portal\/?p=98942#primaryimage"},"thumbnailUrl":"https:\/\/aconteceunovale.com.br\/portal\/wp-content\/uploads\/2016\/02\/montes_claros_mg.jpg","keywords":["Agente penitenci\u00e1rio atira no pr\u00f3prio irm\u00e3o durante briga em Montes Claros","Agente penitenci\u00e1rio atira no pr\u00f3prio irm\u00e3o e homem \u00e9 morto dentro de casa em Montes Claros","Agente penitenci\u00e1rio tenta matar o pr\u00f3prio irm\u00e3o durante briga em Montes Claros","assassinato em Montes Claros","baleado em Montes Claros","Baleado por agente penitenci\u00e1rio em Montes Claros","Briga agente penitenci\u00e1rio em Montes Claros","homic\u00eddio em montes claros","Homic\u00eddio na Vila Tiradentes","Montes Claros","tentativa de homic\u00eddio em montes claros"],"articleSection":["Norte de Minas"],"inLanguage":"pt-BR","potentialAction":[{"@type":"CommentAction","name":"Comment","target":["https:\/\/aconteceunovale.com.br\/portal\/?p=98942#respond"]}]},{"@type":"WebPage","@id":"https:\/\/aconteceunovale.com.br\/portal\/?p=98942","url":"https:\/\/aconteceunovale.com.br\/portal\/?p=98942","name":"Agente penitenci\u00e1rio atira no pr\u00f3prio irm\u00e3o e homem \u00e9 morto dentro de casa em Montes Claros - Aconteceu no Vale","isPartOf":{"@id":"https:\/\/aconteceunovale.com.br\/portal\/#website"},"primaryImageOfPage":{"@id":"https:\/\/aconteceunovale.com.br\/portal\/?p=98942#primaryimage"},"image":{"@id":"https:\/\/aconteceunovale.com.br\/portal\/?p=98942#primaryimage"},"thumbnailUrl":"https:\/\/aconteceunovale.com.br\/portal\/wp-content\/uploads\/2016\/02\/montes_claros_mg.jpg","datePublished":"2016-10-12T00:27:20+00:00","author":{"@id":"https:\/\/aconteceunovale.com.br\/portal\/#\/schema\/person\/633529146f2c94272bef50ac2953d589"},"breadcrumb":{"@id":"https:\/\/aconteceunovale.com.br\/portal\/?p=98942#breadcrumb"},"inLanguage":"pt-BR","potentialAction":[{"@type":"ReadAction","target":["https:\/\/aconteceunovale.com.br\/portal\/?p=98942"]}]},{"@type":"ImageObject","inLanguage":"pt-BR","@id":"https:\/\/aconteceunovale.com.br\/portal\/?p=98942#primaryimage","url":"https:\/\/aconteceunovale.com.br\/portal\/wp-content\/uploads\/2016\/02\/montes_claros_mg.jpg","contentUrl":"https:\/\/aconteceunovale.com.br\/portal\/wp-content\/uploads\/2016\/02\/montes_claros_mg.jpg","width":678,"height":450},{"@type":"BreadcrumbList","@id":"https:\/\/aconteceunovale.com.br\/portal\/?p=98942#breadcrumb","itemListElement":[{"@type":"ListItem","position":1,"name":"In\u00edcio","item":"https:\/\/aconteceunovale.com.br\/portal\/"},{"@type":"ListItem","position":2,"name":"Agente penitenci\u00e1rio atira no pr\u00f3prio irm\u00e3o e homem \u00e9 morto dentro de casa em Montes Claros"}]},{"@type":"WebSite","@id":"https:\/\/aconteceunovale.com.br\/portal\/#website","url":"https:\/\/aconteceunovale.com.br\/portal\/","name":"Aconteceu no Vale","description":"Portal de Not\u00edcias","potentialAction":[{"@type":"SearchAction","target":{"@type":"EntryPoint","urlTemplate":"https:\/\/aconteceunovale.com.br\/portal\/?s={search_term_string}"},"query-input":{"@type":"PropertyValueSpecification","valueRequired":true,"valueName":"search_term_string"}}],"inLanguage":"pt-BR"},{"@type":"Person","@id":"https:\/\/aconteceunovale.com.br\/portal\/#\/schema\/person\/633529146f2c94272bef50ac2953d589","name":"Aconteceu no Vale","description":"Equipe de reportagem do Aconteceu no Vale, portal de not\u00edcias do Vale do Jequitinhonha, em Minas Gerais. Cobrimos as 51 cidades do Vale desde 2013. Sugest\u00f5es de pauta e pedidos de corre\u00e7\u00e3o: contato@aconteceunovale.com.br","sameAs":["http:\/\/www.aconteceunovale.com.br"],"url":"https:\/\/aconteceunovale.com.br\/portal\/?author=1"}]}},"_links":{"self":[{"href":"https:\/\/aconteceunovale.com.br\/portal\/index.php?rest_route=\/wp\/v2\/posts\/98942","targetHints":{"allow":["GET"]}}],"collection":[{"href":"https:\/\/aconteceunovale.com.br\/portal\/index.php?rest_route=\/wp\/v2\/posts"}],"about":[{"href":"https:\/\/aconteceunovale.com.br\/portal\/index.php?rest_route=\/wp\/v2\/types\/post"}],"author":[{"embeddable":true,"href":"https:\/\/aconteceunovale.com.br\/portal\/index.php?rest_route=\/wp\/v2\/users\/1"}],"replies":[{"embeddable":true,"href":"https:\/\/aconteceunovale.com.br\/portal\/index.php?rest_route=%2Fwp%2Fv2%2Fcomments&post=98942"}],"version-history":[{"count":0,"href":"https:\/\/aconteceunovale.com.br\/portal\/index.php?rest_route=\/wp\/v2\/posts\/98942\/revisions"}],"wp:featuredmedia":[{"embeddable":true,"href":"https:\/\/aconteceunovale.com.br\/portal\/index.php?rest_route=\/wp\/v2\/media\/78106"}],"wp:attachment":[{"href":"https:\/\/aconteceunovale.com.br\/portal\/index.php?rest_route=%2Fwp%2Fv2%2Fmedia&parent=98942"}],"wp:term":[{"taxonomy":"category","embeddable":true,"href":"https:\/\/aconteceunovale.com.br\/portal\/index.php?rest_route=%2Fwp%2Fv2%2Fcategories&post=98942"},{"taxonomy":"post_tag","embeddable":true,"href":"https:\/\/aconteceunovale.com.br\/portal\/index.php?rest_route=%2Fwp%2Fv2%2Ftags&post=98942"}],"curies":[{"name":"wp","href":"https:\/\/api.w.org\/{rel}","templated":true}]}}