{"id":98940,"date":"2016-10-11T21:00:49","date_gmt":"2016-10-12T00:00:49","guid":{"rendered":"http:\/\/aconteceunovale.com.br\/portal\/?p=98940"},"modified":"2026-09-02T12:37:49","modified_gmt":"2026-09-02T15:37:49","slug":"agencia-dos-correios-de-carai-e-assaltada","status":"publish","type":"post","link":"https:\/\/aconteceunovale.com.br\/portal\/?p=98940","title":{"rendered":"Ag\u00eancia dos Correios de Cara\u00ed \u00e9 assaltada"},"content":{"rendered":"<p>Uma ag\u00eancia dos Correios foi assaltada na manh\u00e3 dessa segunda-feira, 10 de outubro de 2016, em Cara\u00ed, no Vale do Jequitinhonha. De acordo com a Pol\u00edcia Militar (PM), testemunhas relataram que tr\u00eas indiv\u00edduos participaram da a\u00e7\u00e3o criminosa. Eles fugiram em duas motocicletas, de cores azul e preta, e ainda n\u00e3o foram localizados.<\/p>\n<p>A PM foi acionada por volta das 11h30 e compareceu ao local para registro da ocorr\u00eancia. Um funcion\u00e1rio do estabelecimento relatou que realizava o atendimento no caixa, quando visualizou um indiv\u00edduo armado, que anunciou o assalto. A v\u00edtima retirou todo o dinheiro que estava nas gavetas e colocou no balc\u00e3o. O criminoso recolheu a quantia, que n\u00e3o foi divulgada, e evadiu do local.  <\/p>\n<p>Uma mulher, que estava em um estabelecimento comercial nas proximidades da ag\u00eancia, informou que tr\u00eas indiv\u00edduos participaram do assalto. A Pol\u00edcia Militar realizou rastreamentos com intuito de localizar e prender os autores, contudo, sem \u00eaxito. O crime ser\u00e1 investigado pela Pol\u00edcia Civil.<\/p>\n","protected":false},"excerpt":{"rendered":"<p>Uma ag\u00eancia dos Correios foi assaltada na manh\u00e3 dessa segunda-feira, 10 de outubro de 2016, em Cara\u00ed, no Vale do Jequitinhonha. De acordo com a Pol\u00edcia Militar (PM), testemunhas relataram que tr\u00eas indiv\u00edduos participaram da a\u00e7\u00e3o criminosa. Eles fugiram em duas motocicletas, de cores azul e preta, e ainda n\u00e3o foram localizados. A PM foi [&hellip;]<\/p>\n","protected":false},"author":1,"featured_media":80983,"comment_status":"open","ping_status":"closed","sticky":false,"template":"","format":"standard","meta":{"amp_status":"","footnotes":""},"categories":[272536,120],"tags":[120142,120141,120143,85562,490,120144,85563],"class_list":["post-98940","post","type-post","status-publish","format-standard","has-post-thumbnail","hentry","category-carai","category-jequi","tag-agencia-dos-correios-de-carai","tag-agencia-dos-correios-de-carai-e-assaltada","tag-assalto-agencia-dos-correios-de-carai","tag-assalto-carai","tag-carai","tag-roubo-agencia-dos-correios-de-carai","tag-roubo-carai"],"yoast_head":"<!-- This site is optimized with the Yoast SEO plugin v28.3 - https:\/\/yoast.com\/product\/yoast-seo-wordpress\/ -->\n<title>Ag\u00eancia dos Correios de Cara\u00ed \u00e9 assaltada - Aconteceu no Vale<\/title>\n<meta name=\"robots\" content=\"index, follow, max-snippet:-1, max-image-preview:large, max-video-preview:-1\" \/>\n<link rel=\"canonical\" href=\"https:\/\/aconteceunovale.com.br\/portal\/?p=98940\" \/>\n<meta property=\"og:locale\" content=\"pt_BR\" \/>\n<meta property=\"og:type\" content=\"article\" \/>\n<meta property=\"og:title\" content=\"Ag\u00eancia dos Correios de Cara\u00ed \u00e9 assaltada - Aconteceu no Vale\" \/>\n<meta property=\"og:description\" content=\"Uma ag\u00eancia dos Correios foi assaltada na manh\u00e3 dessa segunda-feira, 10 de outubro de 2016, em Cara\u00ed, no Vale do Jequitinhonha. De acordo com a Pol\u00edcia Militar (PM), testemunhas relataram que tr\u00eas indiv\u00edduos participaram da a\u00e7\u00e3o criminosa. Eles fugiram em duas motocicletas, de cores azul e preta, e ainda n\u00e3o foram localizados. A PM foi [&hellip;]\" \/>\n<meta property=\"og:url\" content=\"https:\/\/aconteceunovale.com.br\/portal\/?p=98940\" \/>\n<meta property=\"og:site_name\" content=\"Aconteceu no Vale\" \/>\n<meta property=\"article:publisher\" content=\"https:\/\/www.facebook.com\/aconteceunovale\/\" \/>\n<meta property=\"article:published_time\" content=\"2016-10-12T00:00:49+00:00\" \/>\n<meta property=\"article:modified_time\" content=\"2026-09-02T15:37:49+00:00\" \/>\n<meta property=\"og:image\" content=\"https:\/\/aconteceunovale.com.br\/portal\/wp-content\/uploads\/2016\/03\/carai_mg.jpg\" \/>\n\t<meta property=\"og:image:width\" content=\"678\" \/>\n\t<meta property=\"og:image:height\" content=\"433\" \/>\n\t<meta property=\"og:image:type\" content=\"image\/jpeg\" \/>\n<meta name=\"author\" content=\"Aconteceu no Vale\" \/>\n<meta name=\"twitter:card\" content=\"summary_large_image\" \/>\n<meta name=\"twitter:creator\" content=\"@noticiadosvales\" \/>\n<meta name=\"twitter:site\" content=\"@noticiadosvales\" \/>\n<meta name=\"twitter:label1\" content=\"Escrito por\" \/>\n\t<meta name=\"twitter:data1\" content=\"Aconteceu no Vale\" \/>\n\t<meta name=\"twitter:label2\" content=\"Est. tempo de leitura\" \/>\n\t<meta name=\"twitter:data2\" content=\"1 minuto\" \/>\n<script type=\"application\/ld+json\" class=\"yoast-schema-graph\">{\"@context\":\"https:\\\/\\\/schema.org\",\"@graph\":[{\"@type\":\"Article\",\"@id\":\"https:\\\/\\\/aconteceunovale.com.br\\\/portal\\\/?p=98940#article\",\"isPartOf\":{\"@id\":\"https:\\\/\\\/aconteceunovale.com.br\\\/portal\\\/?p=98940\"},\"author\":{\"name\":\"Aconteceu no Vale\",\"@id\":\"https:\\\/\\\/aconteceunovale.com.br\\\/portal\\\/#\\\/schema\\\/person\\\/633529146f2c94272bef50ac2953d589\"},\"headline\":\"Ag\u00eancia dos Correios de Cara\u00ed \u00e9 assaltada\",\"datePublished\":\"2016-10-12T00:00:49+00:00\",\"dateModified\":\"2026-09-02T15:37:49+00:00\",\"mainEntityOfPage\":{\"@id\":\"https:\\\/\\\/aconteceunovale.com.br\\\/portal\\\/?p=98940\"},\"wordCount\":179,\"commentCount\":0,\"image\":{\"@id\":\"https:\\\/\\\/aconteceunovale.com.br\\\/portal\\\/?p=98940#primaryimage\"},\"thumbnailUrl\":\"https:\\\/\\\/aconteceunovale.com.br\\\/portal\\\/wp-content\\\/uploads\\\/2016\\\/03\\\/carai_mg.jpg\",\"keywords\":[\"Ag\u00eancia dos Correios de Cara\u00ed\",\"Ag\u00eancia dos Correios de Cara\u00ed \u00e9 assaltada\",\"Assalto ag\u00eancia dos Correios de Cara\u00ed\",\"assalto Cara\u00ed\",\"Cara\u00ed\",\"Roubo ag\u00eancia dos Correios de Cara\u00ed\",\"roubo Cara\u00ed\"],\"articleSection\":[\"Cara\u00ed\",\"Vale do Jequitinhonha\"],\"inLanguage\":\"pt-BR\",\"potentialAction\":[{\"@type\":\"CommentAction\",\"name\":\"Comment\",\"target\":[\"https:\\\/\\\/aconteceunovale.com.br\\\/portal\\\/?p=98940#respond\"]}]},{\"@type\":\"WebPage\",\"@id\":\"https:\\\/\\\/aconteceunovale.com.br\\\/portal\\\/?p=98940\",\"url\":\"https:\\\/\\\/aconteceunovale.com.br\\\/portal\\\/?p=98940\",\"name\":\"Ag\u00eancia dos Correios de Cara\u00ed \u00e9 assaltada - Aconteceu no Vale\",\"isPartOf\":{\"@id\":\"https:\\\/\\\/aconteceunovale.com.br\\\/portal\\\/#website\"},\"primaryImageOfPage\":{\"@id\":\"https:\\\/\\\/aconteceunovale.com.br\\\/portal\\\/?p=98940#primaryimage\"},\"image\":{\"@id\":\"https:\\\/\\\/aconteceunovale.com.br\\\/portal\\\/?p=98940#primaryimage\"},\"thumbnailUrl\":\"https:\\\/\\\/aconteceunovale.com.br\\\/portal\\\/wp-content\\\/uploads\\\/2016\\\/03\\\/carai_mg.jpg\",\"datePublished\":\"2016-10-12T00:00:49+00:00\",\"dateModified\":\"2026-09-02T15:37:49+00:00\",\"author\":{\"@id\":\"https:\\\/\\\/aconteceunovale.com.br\\\/portal\\\/#\\\/schema\\\/person\\\/633529146f2c94272bef50ac2953d589\"},\"breadcrumb\":{\"@id\":\"https:\\\/\\\/aconteceunovale.com.br\\\/portal\\\/?p=98940#breadcrumb\"},\"inLanguage\":\"pt-BR\",\"potentialAction\":[{\"@type\":\"ReadAction\",\"target\":[\"https:\\\/\\\/aconteceunovale.com.br\\\/portal\\\/?p=98940\"]}]},{\"@type\":\"ImageObject\",\"inLanguage\":\"pt-BR\",\"@id\":\"https:\\\/\\\/aconteceunovale.com.br\\\/portal\\\/?p=98940#primaryimage\",\"url\":\"https:\\\/\\\/aconteceunovale.com.br\\\/portal\\\/wp-content\\\/uploads\\\/2016\\\/03\\\/carai_mg.jpg\",\"contentUrl\":\"https:\\\/\\\/aconteceunovale.com.br\\\/portal\\\/wp-content\\\/uploads\\\/2016\\\/03\\\/carai_mg.jpg\",\"width\":678,\"height\":433},{\"@type\":\"BreadcrumbList\",\"@id\":\"https:\\\/\\\/aconteceunovale.com.br\\\/portal\\\/?p=98940#breadcrumb\",\"itemListElement\":[{\"@type\":\"ListItem\",\"position\":1,\"name\":\"In\u00edcio\",\"item\":\"https:\\\/\\\/aconteceunovale.com.br\\\/portal\\\/\"},{\"@type\":\"ListItem\",\"position\":2,\"name\":\"Ag\u00eancia dos Correios de Cara\u00ed \u00e9 assaltada\"}]},{\"@type\":\"WebSite\",\"@id\":\"https:\\\/\\\/aconteceunovale.com.br\\\/portal\\\/#website\",\"url\":\"https:\\\/\\\/aconteceunovale.com.br\\\/portal\\\/\",\"name\":\"Aconteceu no Vale\",\"description\":\"Portal de Not\u00edcias\",\"potentialAction\":[{\"@type\":\"SearchAction\",\"target\":{\"@type\":\"EntryPoint\",\"urlTemplate\":\"https:\\\/\\\/aconteceunovale.com.br\\\/portal\\\/?s={search_term_string}\"},\"query-input\":{\"@type\":\"PropertyValueSpecification\",\"valueRequired\":true,\"valueName\":\"search_term_string\"}}],\"inLanguage\":\"pt-BR\"},{\"@type\":\"Person\",\"@id\":\"https:\\\/\\\/aconteceunovale.com.br\\\/portal\\\/#\\\/schema\\\/person\\\/633529146f2c94272bef50ac2953d589\",\"name\":\"Aconteceu no Vale\",\"description\":\"Equipe de reportagem do Aconteceu no Vale, portal de not\u00edcias do Vale do Jequitinhonha, em Minas Gerais. Cobrimos as 51 cidades do Vale desde 2013. Sugest\u00f5es de pauta e pedidos de corre\u00e7\u00e3o: contato@aconteceunovale.com.br\",\"sameAs\":[\"http:\\\/\\\/www.aconteceunovale.com.br\"],\"url\":\"https:\\\/\\\/aconteceunovale.com.br\\\/portal\\\/?author=1\"}]}<\/script>\n<!-- \/ Yoast SEO plugin. -->","yoast_head_json":{"title":"Ag\u00eancia dos Correios de Cara\u00ed \u00e9 assaltada - Aconteceu no Vale","robots":{"index":"index","follow":"follow","max-snippet":"max-snippet:-1","max-image-preview":"max-image-preview:large","max-video-preview":"max-video-preview:-1"},"canonical":"https:\/\/aconteceunovale.com.br\/portal\/?p=98940","og_locale":"pt_BR","og_type":"article","og_title":"Ag\u00eancia dos Correios de Cara\u00ed \u00e9 assaltada - Aconteceu no Vale","og_description":"Uma ag\u00eancia dos Correios foi assaltada na manh\u00e3 dessa segunda-feira, 10 de outubro de 2016, em Cara\u00ed, no Vale do Jequitinhonha. De acordo com a Pol\u00edcia Militar (PM), testemunhas relataram que tr\u00eas indiv\u00edduos participaram da a\u00e7\u00e3o criminosa. Eles fugiram em duas motocicletas, de cores azul e preta, e ainda n\u00e3o foram localizados. A PM foi [&hellip;]","og_url":"https:\/\/aconteceunovale.com.br\/portal\/?p=98940","og_site_name":"Aconteceu no Vale","article_publisher":"https:\/\/www.facebook.com\/aconteceunovale\/","article_published_time":"2016-10-12T00:00:49+00:00","article_modified_time":"2026-09-02T15:37:49+00:00","og_image":[{"width":678,"height":433,"url":"https:\/\/aconteceunovale.com.br\/portal\/wp-content\/uploads\/2016\/03\/carai_mg.jpg","type":"image\/jpeg"}],"author":"Aconteceu no Vale","twitter_card":"summary_large_image","twitter_creator":"@noticiadosvales","twitter_site":"@noticiadosvales","twitter_misc":{"Escrito por":"Aconteceu no Vale","Est. tempo de leitura":"1 minuto"},"schema":{"@context":"https:\/\/schema.org","@graph":[{"@type":"Article","@id":"https:\/\/aconteceunovale.com.br\/portal\/?p=98940#article","isPartOf":{"@id":"https:\/\/aconteceunovale.com.br\/portal\/?p=98940"},"author":{"name":"Aconteceu no Vale","@id":"https:\/\/aconteceunovale.com.br\/portal\/#\/schema\/person\/633529146f2c94272bef50ac2953d589"},"headline":"Ag\u00eancia dos Correios de Cara\u00ed \u00e9 assaltada","datePublished":"2016-10-12T00:00:49+00:00","dateModified":"2026-09-02T15:37:49+00:00","mainEntityOfPage":{"@id":"https:\/\/aconteceunovale.com.br\/portal\/?p=98940"},"wordCount":179,"commentCount":0,"image":{"@id":"https:\/\/aconteceunovale.com.br\/portal\/?p=98940#primaryimage"},"thumbnailUrl":"https:\/\/aconteceunovale.com.br\/portal\/wp-content\/uploads\/2016\/03\/carai_mg.jpg","keywords":["Ag\u00eancia dos Correios de Cara\u00ed","Ag\u00eancia dos Correios de Cara\u00ed \u00e9 assaltada","Assalto ag\u00eancia dos Correios de Cara\u00ed","assalto Cara\u00ed","Cara\u00ed","Roubo ag\u00eancia dos Correios de Cara\u00ed","roubo Cara\u00ed"],"articleSection":["Cara\u00ed","Vale do Jequitinhonha"],"inLanguage":"pt-BR","potentialAction":[{"@type":"CommentAction","name":"Comment","target":["https:\/\/aconteceunovale.com.br\/portal\/?p=98940#respond"]}]},{"@type":"WebPage","@id":"https:\/\/aconteceunovale.com.br\/portal\/?p=98940","url":"https:\/\/aconteceunovale.com.br\/portal\/?p=98940","name":"Ag\u00eancia dos Correios de Cara\u00ed \u00e9 assaltada - Aconteceu no Vale","isPartOf":{"@id":"https:\/\/aconteceunovale.com.br\/portal\/#website"},"primaryImageOfPage":{"@id":"https:\/\/aconteceunovale.com.br\/portal\/?p=98940#primaryimage"},"image":{"@id":"https:\/\/aconteceunovale.com.br\/portal\/?p=98940#primaryimage"},"thumbnailUrl":"https:\/\/aconteceunovale.com.br\/portal\/wp-content\/uploads\/2016\/03\/carai_mg.jpg","datePublished":"2016-10-12T00:00:49+00:00","dateModified":"2026-09-02T15:37:49+00:00","author":{"@id":"https:\/\/aconteceunovale.com.br\/portal\/#\/schema\/person\/633529146f2c94272bef50ac2953d589"},"breadcrumb":{"@id":"https:\/\/aconteceunovale.com.br\/portal\/?p=98940#breadcrumb"},"inLanguage":"pt-BR","potentialAction":[{"@type":"ReadAction","target":["https:\/\/aconteceunovale.com.br\/portal\/?p=98940"]}]},{"@type":"ImageObject","inLanguage":"pt-BR","@id":"https:\/\/aconteceunovale.com.br\/portal\/?p=98940#primaryimage","url":"https:\/\/aconteceunovale.com.br\/portal\/wp-content\/uploads\/2016\/03\/carai_mg.jpg","contentUrl":"https:\/\/aconteceunovale.com.br\/portal\/wp-content\/uploads\/2016\/03\/carai_mg.jpg","width":678,"height":433},{"@type":"BreadcrumbList","@id":"https:\/\/aconteceunovale.com.br\/portal\/?p=98940#breadcrumb","itemListElement":[{"@type":"ListItem","position":1,"name":"In\u00edcio","item":"https:\/\/aconteceunovale.com.br\/portal\/"},{"@type":"ListItem","position":2,"name":"Ag\u00eancia dos Correios de Cara\u00ed \u00e9 assaltada"}]},{"@type":"WebSite","@id":"https:\/\/aconteceunovale.com.br\/portal\/#website","url":"https:\/\/aconteceunovale.com.br\/portal\/","name":"Aconteceu no Vale","description":"Portal de Not\u00edcias","potentialAction":[{"@type":"SearchAction","target":{"@type":"EntryPoint","urlTemplate":"https:\/\/aconteceunovale.com.br\/portal\/?s={search_term_string}"},"query-input":{"@type":"PropertyValueSpecification","valueRequired":true,"valueName":"search_term_string"}}],"inLanguage":"pt-BR"},{"@type":"Person","@id":"https:\/\/aconteceunovale.com.br\/portal\/#\/schema\/person\/633529146f2c94272bef50ac2953d589","name":"Aconteceu no Vale","description":"Equipe de reportagem do Aconteceu no Vale, portal de not\u00edcias do Vale do Jequitinhonha, em Minas Gerais. Cobrimos as 51 cidades do Vale desde 2013. Sugest\u00f5es de pauta e pedidos de corre\u00e7\u00e3o: contato@aconteceunovale.com.br","sameAs":["http:\/\/www.aconteceunovale.com.br"],"url":"https:\/\/aconteceunovale.com.br\/portal\/?author=1"}]}},"_links":{"self":[{"href":"https:\/\/aconteceunovale.com.br\/portal\/index.php?rest_route=\/wp\/v2\/posts\/98940","targetHints":{"allow":["GET"]}}],"collection":[{"href":"https:\/\/aconteceunovale.com.br\/portal\/index.php?rest_route=\/wp\/v2\/posts"}],"about":[{"href":"https:\/\/aconteceunovale.com.br\/portal\/index.php?rest_route=\/wp\/v2\/types\/post"}],"author":[{"embeddable":true,"href":"https:\/\/aconteceunovale.com.br\/portal\/index.php?rest_route=\/wp\/v2\/users\/1"}],"replies":[{"embeddable":true,"href":"https:\/\/aconteceunovale.com.br\/portal\/index.php?rest_route=%2Fwp%2Fv2%2Fcomments&post=98940"}],"version-history":[{"count":1,"href":"https:\/\/aconteceunovale.com.br\/portal\/index.php?rest_route=\/wp\/v2\/posts\/98940\/revisions"}],"predecessor-version":[{"id":200066,"href":"https:\/\/aconteceunovale.com.br\/portal\/index.php?rest_route=\/wp\/v2\/posts\/98940\/revisions\/200066"}],"wp:featuredmedia":[{"embeddable":true,"href":"https:\/\/aconteceunovale.com.br\/portal\/index.php?rest_route=\/wp\/v2\/media\/80983"}],"wp:attachment":[{"href":"https:\/\/aconteceunovale.com.br\/portal\/index.php?rest_route=%2Fwp%2Fv2%2Fmedia&parent=98940"}],"wp:term":[{"taxonomy":"category","embeddable":true,"href":"https:\/\/aconteceunovale.com.br\/portal\/index.php?rest_route=%2Fwp%2Fv2%2Fcategories&post=98940"},{"taxonomy":"post_tag","embeddable":true,"href":"https:\/\/aconteceunovale.com.br\/portal\/index.php?rest_route=%2Fwp%2Fv2%2Ftags&post=98940"}],"curies":[{"name":"wp","href":"https:\/\/api.w.org\/{rel}","templated":true}]}}