{"id":98937,"date":"2016-10-11T20:45:25","date_gmt":"2016-10-11T23:45:25","guid":{"rendered":"http:\/\/aconteceunovale.com.br\/portal\/?p=98937"},"modified":"2016-10-12T13:06:58","modified_gmt":"2016-10-12T16:06:58","slug":"pai-mata-filho-a-facadas-durante-briga-em-salinas","status":"publish","type":"post","link":"https:\/\/aconteceunovale.com.br\/portal\/?p=98937","title":{"rendered":"Pai mata filho a facadas durante briga em Salinas"},"content":{"rendered":"<p>Est\u00e1 internado sob escolta policial em um hospital de Salinas, na Regi\u00e3o Norte de Minas Gerais, um homem de 51 anos suspeito de matar o pr\u00f3prio filho. Os dois se desentenderam na tarde de ter\u00e7a-feira (11\/10) e trocaram agress\u00f5es. Segundo a Pol\u00edcia Militar (PM), Joaquim Alves Cust\u00f3dio Filho conseguiu retirar a faca das m\u00e3os de Arthur Alves Cordeiro Mendes, de 21, e o golpeou v\u00e1rias vezes. Testemunhas contaram que os dois s\u00e3o usu\u00e1rios de drogas. <\/p>\n<p>De acordo com a PM, Joaquim contou que estava em casa, na Rua Jo\u00e3o Pinheiro, no Centro de Salinas, quando o filho, sem motivo nenhum, o agrediu com uma facada no pesco\u00e7o. Os dois trocaram agress\u00f5es e o pai conseguiu retirar a faca das m\u00e3os do jovem e o atingiu com um golpe usando o objeto. <\/p>\n<p>Mesmo ferido, Arthur correu at\u00e9 a cozinha e pegou uma outra faca. Na sequ\u00eancia, golpeou o pai no bra\u00e7o. Os dois novamente brigaram e Joaquim deu v\u00e1rias facadas no filho, segundo a PM. Em seguida, o homem correu para fora da casa para pedir ajuda e foi seguido pelo jovem. Por\u00e9m, no trajeto a v\u00edtima caiu ao ch\u00e3o devido aos ferimentos. <\/p>\n<p>A PM foi acionada e quando chegou ao local o garoto j\u00e1 estava morto. O Servi\u00e7o de Atendimento M\u00f3vel de Urg\u00eancia (Samu) socorreu Joaquim para o Hospital Doutor Oswaldo Prediliano Santana, onde permanece internado sob escolta policial. <\/p>\n<p>Testemunhas contaram aos militares que ouviram barulhos vindos da casa. Al\u00e9m disse, contaram que os dois s\u00e3o usu\u00e1rios de drogas e que o filho estava devendo dinheiro para um traficante da cidade. A motiva\u00e7\u00e3o para o crime, segundo a PM, seria que o garoto pediu uma quantia ao pai, que se negou a entreg\u00e1-lo.<\/p>\n<p><img decoding=\"async\" src=\"http:\/\/aconteceunovale.com.br\/portal\/wp-content\/uploads\/2016\/10\/pai_e_filho_salinas_1.jpg\" alt=\"\" \/><em>Arthur foi assassinado pelo pai (Foto: Reprodu\u00e7\u00e3o\/Redes Sociais)<\/em><br \/>\n<\/br><\/p>\n<p><em>(Com informa\u00e7\u00f5es do Jornal Estado de Minas)<\/em><\/p>\n","protected":false},"excerpt":{"rendered":"<p>Est\u00e1 internado sob escolta policial em um hospital de Salinas, na Regi\u00e3o Norte de Minas Gerais, um homem de 51 anos suspeito de matar o pr\u00f3prio filho. Os dois se desentenderam na tarde de ter\u00e7a-feira (11\/10) e trocaram agress\u00f5es. Segundo a Pol\u00edcia Militar (PM), Joaquim Alves Cust\u00f3dio Filho conseguiu retirar a faca das m\u00e3os de [&hellip;]<\/p>\n","protected":false},"author":1,"featured_media":98938,"comment_status":"open","ping_status":"closed","sticky":false,"template":"","format":"standard","meta":{"amp_status":"","footnotes":""},"categories":[1236],"tags":[120276,67255,120138,55061,120140,120277,120139,120136,120137,190],"class_list":["post-98937","post","type-post","status-publish","format-standard","has-post-thumbnail","hentry","category-norte_de_minas","tag-arthur-alves-cordeiro-mendes","tag-assassinato-em-salinas","tag-briga-entre-pai-e-filho-em-salinas","tag-homicidio-em-salinas","tag-joaquim-alves","tag-joaquim-alves-custodio-filho","tag-kinka-cabeleireiro","tag-pai-mata-filho-a-facadas-durante-briga-em-salinas","tag-pai-mata-filho-em-salinas","tag-salinas"],"_links":{"self":[{"href":"https:\/\/aconteceunovale.com.br\/portal\/index.php?rest_route=\/wp\/v2\/posts\/98937","targetHints":{"allow":["GET"]}}],"collection":[{"href":"https:\/\/aconteceunovale.com.br\/portal\/index.php?rest_route=\/wp\/v2\/posts"}],"about":[{"href":"https:\/\/aconteceunovale.com.br\/portal\/index.php?rest_route=\/wp\/v2\/types\/post"}],"author":[{"embeddable":true,"href":"https:\/\/aconteceunovale.com.br\/portal\/index.php?rest_route=\/wp\/v2\/users\/1"}],"replies":[{"embeddable":true,"href":"https:\/\/aconteceunovale.com.br\/portal\/index.php?rest_route=%2Fwp%2Fv2%2Fcomments&post=98937"}],"version-history":[{"count":0,"href":"https:\/\/aconteceunovale.com.br\/portal\/index.php?rest_route=\/wp\/v2\/posts\/98937\/revisions"}],"wp:featuredmedia":[{"embeddable":true,"href":"https:\/\/aconteceunovale.com.br\/portal\/index.php?rest_route=\/wp\/v2\/media\/98938"}],"wp:attachment":[{"href":"https:\/\/aconteceunovale.com.br\/portal\/index.php?rest_route=%2Fwp%2Fv2%2Fmedia&parent=98937"}],"wp:term":[{"taxonomy":"category","embeddable":true,"href":"https:\/\/aconteceunovale.com.br\/portal\/index.php?rest_route=%2Fwp%2Fv2%2Fcategories&post=98937"},{"taxonomy":"post_tag","embeddable":true,"href":"https:\/\/aconteceunovale.com.br\/portal\/index.php?rest_route=%2Fwp%2Fv2%2Ftags&post=98937"}],"curies":[{"name":"wp","href":"https:\/\/api.w.org\/{rel}","templated":true}]}}