{"id":98934,"date":"2016-10-11T20:33:41","date_gmt":"2016-10-11T23:33:41","guid":{"rendered":"http:\/\/aconteceunovale.com.br\/portal\/?p=98934"},"modified":"2016-10-11T20:33:41","modified_gmt":"2016-10-11T23:33:41","slug":"justica-eleitoral-indefere-registro-de-candidato-a-prefeito-de-ipatinga","status":"publish","type":"post","link":"https:\/\/aconteceunovale.com.br\/portal\/?p=98934","title":{"rendered":"Justi\u00e7a Eleitoral indefere registro de candidato a prefeito de Ipatinga"},"content":{"rendered":"<p>A Corte Eleitoral mineira indeferiu, na sess\u00e3o desta ter\u00e7a-feira (11\/10\/2016), por quatro votos a dois, o registro da candidatura de Sebasti\u00e3o de Barros Quint\u00e3o (Coliga\u00e7\u00e3o UAI &#8211; Uni\u00e3o e Amor a Ipatinga) a prefeito da cidade, em raz\u00e3o do reconhecimento das causas de inelegibilidade previstas no art. 1\u00ba, item I, al\u00edneas \u201cd\u201d (condena\u00e7\u00e3o por abuso de poder pol\u00edtico e econ\u00f4mico) e \u201cj\u201d (condena\u00e7\u00e3o por capta\u00e7\u00e3o il\u00edcita de recursos de campanha).<\/p>\n<p>Com o indeferimento da candidatura, os votos recebidos pelo candidato passam a ser computados em separado, at\u00e9 que haja decis\u00e3o final no processo de registro. E a diploma\u00e7\u00e3o tamb\u00e9m fica condicionada ao eventual deferimento do candidato.<\/p>\n<p>No julgamento do recurso pelo TRE, a senten\u00e7a que deferiu o registro foi reformada ao entendimento de que em duas a\u00e7\u00f5es movidas contra Sebasti\u00e3o Quint\u00e3o por condutas praticadas nas elei\u00e7\u00f5es de 2008, ele foi condenado por abuso de poder econ\u00f4mico (AIJE 6763) e capta\u00e7\u00e3o il\u00edcita de sufr\u00e1gio (AIJE 8528). Essas condena\u00e7\u00f5es impostas \u00e0 \u00e9poca acarretaram a sua inelegibilidade por oito anos, a contar da data das elei\u00e7\u00f5es de 2008 (5\/10). Como as elei\u00e7\u00f5es de 2016 ocorreram em 2 de outubro e a inelegibilidade persistia at\u00e9 o dia 5 de outubro, o registro foi indeferido porque as duas causas de inelegibilidade vigoravam no dia do pleito.<\/p>\n<p>No voto proferido pelo juiz Carlos Roberto de Carvalho, que foi seguido por outros tr\u00eas integrantes da Corte, restou assentado que \u201cas inelegibilidades decorrentes da incid\u00eancia das al\u00edneas \u201cd\u201d e \u201cj\u201d do inciso I do art. 1\u00ba da LC n\u00ba 64\/1990, no presente caso, t\u00eam como termo final o dia 05\/10\/2016, conforme t\u00e9cnica de contagem de prazo que e. TSE j\u00e1 assentou aplic\u00e1vel \u00e0 esp\u00e9cie, por meio da Consulta n\u00ba 43.344.(&#8230;) For\u00e7oso \u00e9 concluir pela inelegibilidade do recorrido Sebasti\u00e3o de Barros Quint\u00e3o para as elei\u00e7\u00f5es em curso, pois ainda n\u00e3o transcorrido o prazo de oito anos decorrentes das condena\u00e7\u00f5es nas a\u00e7\u00f5es eleitorais referentes \u00e0s elei\u00e7\u00f5es de 2008\u201d.<\/p>\n<p>O pol\u00edtico ainda pode recorrer da decis\u00e3o proferida pelo TRE-MG.<\/p>\n<p><strong>Elei\u00e7\u00f5es 2016<\/strong><\/p>\n<p>Sebasti\u00e3o Quint\u00e3o, de 72 anos, foi eleito o novo prefeito de Ipatinga com 68.810 votos v\u00e1lidos, 54% do total apurado. Cec\u00edlia Ferramenta, candidato do PT \u00e0 reelei\u00e7\u00e3o conquistou 15,60% (19.875 votos) e ficou em segundo lugar na disputa. Quint\u00e3o j\u00e1 foi prefeito de Ipatinga nos pleitos de 2004 e 2008.<\/p>\n<p><img decoding=\"async\" src=\"http:\/\/aconteceunovale.com.br\/portal\/wp-content\/uploads\/2016\/10\/quintao_indeferido.jpg\" alt=\"\" \/><em>Sebasti\u00e3o Quint\u00e3o recebeu 68.810 votos nas elei\u00e7\u00f5es 2016 (Divulga\u00e7\u00e3o)<\/em><br \/>\n<\/br><\/p>\n<p><em>(Com informa\u00e7\u00f5es do TRE-MG e G1)<\/em><\/p>\n","protected":false},"excerpt":{"rendered":"<p>A Corte Eleitoral mineira indeferiu, na sess\u00e3o desta ter\u00e7a-feira (11\/10\/2016), por quatro votos a dois, o registro da candidatura de Sebasti\u00e3o de Barros Quint\u00e3o (Coliga\u00e7\u00e3o UAI &#8211; Uni\u00e3o e Amor a Ipatinga) a prefeito da cidade, em raz\u00e3o do reconhecimento das causas de inelegibilidade previstas no art. 1\u00ba, item I, al\u00edneas \u201cd\u201d (condena\u00e7\u00e3o por abuso [&hellip;]<\/p>\n","protected":false},"author":1,"featured_media":98935,"comment_status":"open","ping_status":"closed","sticky":false,"template":"","format":"standard","meta":{"amp_status":"","footnotes":""},"categories":[79927,121,40240],"tags":[120133,120134,59515,105977,120127,201,120135,18096,118983,758,120126,120128,120130,120131,120132,120129],"class_list":["post-98934","post","type-post","status-publish","format-standard","has-post-thumbnail","hentry","category-eleicoes-2016-2","category-leste","category-politica-2","tag-coligacao-uai-uniao-e-amor-a-ipatinga","tag-coligacao-uniao-e-amor-a-ipatinga","tag-eleicoes-2016","tag-eleicoes-2016-em-ipatinga","tag-indeferimento-do-registro-da-candidatura-de-sebastiao-de-barros-quintao","tag-ipatinga","tag-justica-eleitoral-indefere-registro-de-candidato-a-prefeito-de-ipatinga","tag-pmdb","tag-prefeito-eleito-em-ipatinga","tag-pt","tag-registro-da-candidatura-de-sebastiao-de-barros-quintao","tag-registro-da-candidatura-de-sebastiao-de-barros-quintao-e-indeferido","tag-registro-da-candidatura-de-sebastiao-de-barros-quintao-e-indeferido-pelo-tre","tag-sebastiao-de-barros-quintao","tag-sebastiao-quintao","tag-tre-indefere-registro-da-candidatura-de-sebastiao-de-barros-quintao"],"_links":{"self":[{"href":"https:\/\/aconteceunovale.com.br\/portal\/index.php?rest_route=\/wp\/v2\/posts\/98934","targetHints":{"allow":["GET"]}}],"collection":[{"href":"https:\/\/aconteceunovale.com.br\/portal\/index.php?rest_route=\/wp\/v2\/posts"}],"about":[{"href":"https:\/\/aconteceunovale.com.br\/portal\/index.php?rest_route=\/wp\/v2\/types\/post"}],"author":[{"embeddable":true,"href":"https:\/\/aconteceunovale.com.br\/portal\/index.php?rest_route=\/wp\/v2\/users\/1"}],"replies":[{"embeddable":true,"href":"https:\/\/aconteceunovale.com.br\/portal\/index.php?rest_route=%2Fwp%2Fv2%2Fcomments&post=98934"}],"version-history":[{"count":0,"href":"https:\/\/aconteceunovale.com.br\/portal\/index.php?rest_route=\/wp\/v2\/posts\/98934\/revisions"}],"wp:featuredmedia":[{"embeddable":true,"href":"https:\/\/aconteceunovale.com.br\/portal\/index.php?rest_route=\/wp\/v2\/media\/98935"}],"wp:attachment":[{"href":"https:\/\/aconteceunovale.com.br\/portal\/index.php?rest_route=%2Fwp%2Fv2%2Fmedia&parent=98934"}],"wp:term":[{"taxonomy":"category","embeddable":true,"href":"https:\/\/aconteceunovale.com.br\/portal\/index.php?rest_route=%2Fwp%2Fv2%2Fcategories&post=98934"},{"taxonomy":"post_tag","embeddable":true,"href":"https:\/\/aconteceunovale.com.br\/portal\/index.php?rest_route=%2Fwp%2Fv2%2Ftags&post=98934"}],"curies":[{"name":"wp","href":"https:\/\/api.w.org\/{rel}","templated":true}]}}