{"id":98927,"date":"2016-10-11T20:04:13","date_gmt":"2016-10-11T23:04:13","guid":{"rendered":"http:\/\/aconteceunovale.com.br\/portal\/?p=98927"},"modified":"2016-10-11T20:04:13","modified_gmt":"2016-10-11T23:04:13","slug":"acidente-com-caminhao-deixa-um-morto-na-estrada-do-pico-da-ibituruna-em-governador-valadares","status":"publish","type":"post","link":"https:\/\/aconteceunovale.com.br\/portal\/?p=98927","title":{"rendered":"Acidente com caminh\u00e3o deixa um morto na estrada do Pico da Ibituruna, em Governador Valadares"},"content":{"rendered":"<p>Uma pessoa morreu e sete ficaram feridas, no fim da tarde desta ter\u00e7a-feira (11\/10\/2016), ap\u00f3s um caminh\u00e3o tombar na estrada principal de acesso ao Pico da Ibituruna, em Governador Valadares, na regi\u00e3o do Vale do Rio Doce. O acidente ocorreu no fim do expediente de funcion\u00e1rios do munic\u00edpio, que faziam trabalho de limpeza no local.<\/p>\n<p>De acordo com as primeiras informa\u00e7\u00f5es o sistema de freios do ve\u00edculo teria apresentado um problema mec\u00e2nico, fazendo com que o condutor perdesse o controle direcional. Com o impacto do acidente, Jos\u00e9 Carlos de Oliveira foi esmagado pelo ve\u00edculo e veio a \u00f3bito no local. Os feridos foram encaminhados para o Hospital Municipal. <\/p>\n<p>Equipes do Corpo de Bombeiros, Pol\u00edcia Militar de Meio Ambiente e a Per\u00edcia T\u00e9cnica da Pol\u00edcia Civil foi acionada para os trabalhos de praxe.<\/p>\n<p><img decoding=\"async\" src=\"http:\/\/aconteceunovale.com.br\/portal\/wp-content\/uploads\/2016\/10\/acidente_caminhao_limpeza_gv_2.jpg\" alt=\"\" \/><em>Acidente aconteceu na estrada do Pico da Ibituruna (Foto: Reprodu\u00e7\u00e3o\/WhatsApp)<\/em><br \/>\n<\/br><\/p>\n<p><img decoding=\"async\" src=\"http:\/\/aconteceunovale.com.br\/portal\/wp-content\/uploads\/2016\/10\/acidente_caminhao_limpeza_gv_1.jpg\" alt=\"\" \/><em>Acidente aconteceu na estrada do Pico da Ibituruna (Foto: Reprodu\u00e7\u00e3o\/WhatsApp)<\/em><br \/>\n<\/br><\/p>\n<p><em>(Com informa\u00e7\u00f5es do G1 dos Vales)<\/em><\/p>\n","protected":false},"excerpt":{"rendered":"<p>Uma pessoa morreu e sete ficaram feridas, no fim da tarde desta ter\u00e7a-feira (11\/10\/2016), ap\u00f3s um caminh\u00e3o tombar na estrada principal de acesso ao Pico da Ibituruna, em Governador Valadares, na regi\u00e3o do Vale do Rio Doce. O acidente ocorreu no fim do expediente de funcion\u00e1rios do munic\u00edpio, que faziam trabalho de limpeza no local. [&hellip;]<\/p>\n","protected":false},"author":1,"featured_media":98929,"comment_status":"open","ping_status":"closed","sticky":false,"template":"","format":"standard","meta":{"amp_status":"","footnotes":""},"categories":[121],"tags":[120117,120111,120118,120119,57187,120116,120112,80392,120115,76082,120114,247,67010,120113],"class_list":["post-98927","post","type-post","status-publish","format-standard","has-post-thumbnail","hentry","category-leste","tag-acidente-caminhao-da-limpeza-na-estrada-do-pico-da-ibituruna","tag-acidente-com-caminhao-da-limpeza-no-pico-da-ibituruna-governador-valadares","tag-acidente-com-caminhao-deixa-um-morto-na-estrada-do-pico-da-ibituruna","tag-acidente-com-caminhao-deixa-um-morto-na-estrada-do-pico-da-ibituruna-em-governador-valadares","tag-acidente-com-caminhao-em-governador-valadares","tag-acidente-com-caminhao-na-estrada-do-pico-da-ibituruna","tag-acidente-com-caminhao-no-pico-da-ibituruna-governador-valadares","tag-acidente-governador-valadares","tag-acidente-na-estrada-do-pico-da-ibituruna","tag-acidente-pico-da-ibituruna-governador-valadares","tag-estrada-do-pico-da-ibituruna","tag-governador-valadares","tag-jose-carlos-de-oliveira","tag-pico-da-ibituruna-governador-valadares"],"_links":{"self":[{"href":"https:\/\/aconteceunovale.com.br\/portal\/index.php?rest_route=\/wp\/v2\/posts\/98927","targetHints":{"allow":["GET"]}}],"collection":[{"href":"https:\/\/aconteceunovale.com.br\/portal\/index.php?rest_route=\/wp\/v2\/posts"}],"about":[{"href":"https:\/\/aconteceunovale.com.br\/portal\/index.php?rest_route=\/wp\/v2\/types\/post"}],"author":[{"embeddable":true,"href":"https:\/\/aconteceunovale.com.br\/portal\/index.php?rest_route=\/wp\/v2\/users\/1"}],"replies":[{"embeddable":true,"href":"https:\/\/aconteceunovale.com.br\/portal\/index.php?rest_route=%2Fwp%2Fv2%2Fcomments&post=98927"}],"version-history":[{"count":0,"href":"https:\/\/aconteceunovale.com.br\/portal\/index.php?rest_route=\/wp\/v2\/posts\/98927\/revisions"}],"wp:featuredmedia":[{"embeddable":true,"href":"https:\/\/aconteceunovale.com.br\/portal\/index.php?rest_route=\/wp\/v2\/media\/98929"}],"wp:attachment":[{"href":"https:\/\/aconteceunovale.com.br\/portal\/index.php?rest_route=%2Fwp%2Fv2%2Fmedia&parent=98927"}],"wp:term":[{"taxonomy":"category","embeddable":true,"href":"https:\/\/aconteceunovale.com.br\/portal\/index.php?rest_route=%2Fwp%2Fv2%2Fcategories&post=98927"},{"taxonomy":"post_tag","embeddable":true,"href":"https:\/\/aconteceunovale.com.br\/portal\/index.php?rest_route=%2Fwp%2Fv2%2Ftags&post=98927"}],"curies":[{"name":"wp","href":"https:\/\/api.w.org\/{rel}","templated":true}]}}