{"id":98846,"date":"2016-10-10T17:40:12","date_gmt":"2016-10-10T20:40:12","guid":{"rendered":"http:\/\/aconteceunovale.com.br\/portal\/?p=98846"},"modified":"2016-10-10T17:40:12","modified_gmt":"2016-10-10T20:40:12","slug":"governador-valadares-5o-comando-operacional-e-sexto-batalhao-de-bombeiros-realizam-passagem-de-comando","status":"publish","type":"post","link":"https:\/\/aconteceunovale.com.br\/portal\/?p=98846","title":{"rendered":"Governador Valadares: 5\u00ba Comando Operacional e Sexto Batalh\u00e3o de Bombeiros realizam passagem de comando"},"content":{"rendered":"<p>Ocorreu na \u00faltima sexta-feira, 07 de outubro de 2016, no audit\u00f3rio da 8\u00aa Regi\u00e3o Integrada de Seguran\u00e7a P\u00fablica, em Governador Valadares, a solenidade conjunta de passagem de comando do 6\u00b0 Batalh\u00e3o de Bombeiros Militar e do 5\u00b0 Comando Operacional de Bombeiros. Na ocasi\u00e3o, o Coronel Marinaldo Ferreira Lima repassou o 5\u00b0 COB ao Tenente Coronel Silvane Givisiez e este, que esteve no Comando do 6\u00b0 BBM desde junho de 2012, deixou a Unidade a cargo do Major Fernando Augusto Alves Ferreira.<\/p>\n<p>O prestigiado evento, de audit\u00f3rio repleto, contou com a presen\u00e7a do Comandante Geral do Corpo de Bombeiros, Coronel BM Luiz Henrique Gualberto Moreira, do Deputado Federal Leonardo Monteiro, Prefeita de Governador Valadares Elisa Costa, Prefeito de Conselheiro Pena Roberto Balbino, Prefeito Eleito de Ipatinga Sebasti\u00e3o Quint\u00e3o, al\u00e9m de vereadores, representantes da pol\u00edcia militar e civil, membros do Minist\u00e9rio P\u00fablico, empres\u00e1rios, entre outros.<\/p>\n<p>Na cerim\u00f4nia militar, o Tenente Coronel BM Silvane Givisiez assumiu o Comando Operacional que responde por uma das \u00e1reas mais extensas do estado, alcan\u00e7ando 206 munic\u00edpios, distribu\u00eddos pelos territ\u00f3rios de desenvolvimento do m\u00e9dio e baixo Jequitinhonha, Mucuri, Vale do Rio Doce, Vale do A\u00e7o e partes dos territ\u00f3rios do Capara\u00f3 e Alto Jequitinhonha, compreendendo aproximadamente 16% da popula\u00e7\u00e3o do estado um quinto do territ\u00f3rio de Minas Gerais.<\/p>\n<p>Atualmente o 5\u00ba COB \u00e9 respons\u00e1vel por duas unidades de execu\u00e7\u00e3o operacional, sediadas nas cidades de Governador Valadares e Ipatinga, contando, ainda, com fra\u00e7\u00f5es destacadas em mais seis munic\u00edpios: Te\u00f3filo Otoni, Manhua\u00e7u, Coronel Fabriciano, Itabira, Tim\u00f3teo e Caratinga.<\/p>\n<p>Em seu discurso, o novo Comandante Operacional reafirmou seu objetivo de trabalhar em favor do cumprimento do Plano Estrat\u00e9gico do Corpo de Bombeiros, focando em projetos de alto retorno para a sociedade, como por exemplo, na dissemina\u00e7\u00e3o das informa\u00e7\u00f5es de prote\u00e7\u00e3o p\u00fablica atrav\u00e9s de palestras, forma\u00e7\u00e3o de brigadas e programas sociais; colaborar organizacionalmente na implanta\u00e7\u00e3o da Gest\u00e3o Estrat\u00e9gica do CBMMG; na aproxima\u00e7\u00e3o com os demais \u00f3rg\u00e3os do sistema de defesa social, com o judici\u00e1rio, associa\u00e7\u00f5es civis, organiza\u00e7\u00f5es e sociedade em geral; na capilariza\u00e7\u00e3o do atendimento, termo que compreende a instala\u00e7\u00e3o de novas fra\u00e7\u00f5es de bombeiro militar.<\/p>\n<p>No mesmo dia, o Coronel Marinaldo Ferreira Lima e o Tenente Coronel Silvane Givisiez foram agraciados na C\u00e2mara Municipal com o t\u00edtulo de Cidad\u00e3o Honor\u00e1rio de Governador Valadares, em reconhecimento ao servi\u00e7o prestado \u00e0 cidade e \u00e0 afei\u00e7\u00e3o que desenvolveram pelo munic\u00edpio ao longo de suas carreiras.<\/p>\n<p><img decoding=\"async\" src=\"http:\/\/aconteceunovale.com.br\/portal\/wp-content\/uploads\/2016\/10\/passagem_comando_gv_1.jpg\" alt=\"\" \/><\/p>\n<p><img decoding=\"async\" src=\"http:\/\/aconteceunovale.com.br\/portal\/wp-content\/uploads\/2016\/10\/passagem_comando_gv_2.jpg\" alt=\"\" \/><\/p>\n<p><img decoding=\"async\" src=\"http:\/\/aconteceunovale.com.br\/portal\/wp-content\/uploads\/2016\/10\/passagem_comando_gv_3.jpg\" alt=\"\" \/><\/p>\n<p><img decoding=\"async\" src=\"http:\/\/aconteceunovale.com.br\/portal\/wp-content\/uploads\/2016\/10\/passagem_comando_gv_4.jpg\" alt=\"\" \/><\/p>\n<p><img decoding=\"async\" src=\"http:\/\/aconteceunovale.com.br\/portal\/wp-content\/uploads\/2016\/10\/passagem_comando_gv_5.jpg\" alt=\"\" \/><\/p>\n<p><em>(Fonte e fotos: Ascom 6\u00b0 BBM)<\/em><\/p>\n","protected":false},"excerpt":{"rendered":"<p>Ocorreu na \u00faltima sexta-feira, 07 de outubro de 2016, no audit\u00f3rio da 8\u00aa Regi\u00e3o Integrada de Seguran\u00e7a P\u00fablica, em Governador Valadares, a solenidade conjunta de passagem de comando do 6\u00b0 Batalh\u00e3o de Bombeiros Militar e do 5\u00b0 Comando Operacional de Bombeiros. Na ocasi\u00e3o, o Coronel Marinaldo Ferreira Lima repassou o 5\u00b0 COB ao Tenente Coronel [&hellip;]<\/p>\n","protected":false},"author":1,"featured_media":98850,"comment_status":"open","ping_status":"closed","sticky":false,"template":"","format":"standard","meta":{"amp_status":"","footnotes":""},"categories":[121],"tags":[119943,119942,119944,247,119946,119940,119941,119939,119945],"class_list":["post-98846","post","type-post","status-publish","format-standard","has-post-thumbnail","hentry","category-leste","tag-5-comando-operacional-de-bombeiros","tag-6-batalhao-de-bombeiros-militar","tag-coronel-marinaldo-ferreira-lima","tag-governador-valadares","tag-major-fernando-augusto-alves-ferreira","tag-sexto-batalhao-de-bombeiros","tag-sexto-batalhao-de-bombeiros-de-governador-valadares","tag-sexto-batalhao-de-bombeiros-realizam-passagem-de-comando","tag-tenente-coronel-silvane-givisiez"],"_links":{"self":[{"href":"https:\/\/aconteceunovale.com.br\/portal\/index.php?rest_route=\/wp\/v2\/posts\/98846","targetHints":{"allow":["GET"]}}],"collection":[{"href":"https:\/\/aconteceunovale.com.br\/portal\/index.php?rest_route=\/wp\/v2\/posts"}],"about":[{"href":"https:\/\/aconteceunovale.com.br\/portal\/index.php?rest_route=\/wp\/v2\/types\/post"}],"author":[{"embeddable":true,"href":"https:\/\/aconteceunovale.com.br\/portal\/index.php?rest_route=\/wp\/v2\/users\/1"}],"replies":[{"embeddable":true,"href":"https:\/\/aconteceunovale.com.br\/portal\/index.php?rest_route=%2Fwp%2Fv2%2Fcomments&post=98846"}],"version-history":[{"count":0,"href":"https:\/\/aconteceunovale.com.br\/portal\/index.php?rest_route=\/wp\/v2\/posts\/98846\/revisions"}],"wp:featuredmedia":[{"embeddable":true,"href":"https:\/\/aconteceunovale.com.br\/portal\/index.php?rest_route=\/wp\/v2\/media\/98850"}],"wp:attachment":[{"href":"https:\/\/aconteceunovale.com.br\/portal\/index.php?rest_route=%2Fwp%2Fv2%2Fmedia&parent=98846"}],"wp:term":[{"taxonomy":"category","embeddable":true,"href":"https:\/\/aconteceunovale.com.br\/portal\/index.php?rest_route=%2Fwp%2Fv2%2Fcategories&post=98846"},{"taxonomy":"post_tag","embeddable":true,"href":"https:\/\/aconteceunovale.com.br\/portal\/index.php?rest_route=%2Fwp%2Fv2%2Ftags&post=98846"}],"curies":[{"name":"wp","href":"https:\/\/api.w.org\/{rel}","templated":true}]}}