{"id":98723,"date":"2016-10-09T10:09:31","date_gmt":"2016-10-09T13:09:31","guid":{"rendered":"http:\/\/aconteceunovale.com.br\/portal\/?p=98723"},"modified":"2016-10-09T10:09:31","modified_gmt":"2016-10-09T13:09:31","slug":"incendio-destroi-mercearia-em-almenara-2","status":"publish","type":"post","link":"https:\/\/aconteceunovale.com.br\/portal\/?p=98723","title":{"rendered":"Inc\u00eandio destr\u00f3i mercearia em Almenara"},"content":{"rendered":"<p>Um estabelecimento comercial foi destru\u00eddo por um inc\u00eandio na manh\u00e3 desse s\u00e1bado, 08 de outubro de 2016, em Almenara, no Vale do Jequitinhonha. A Pol\u00edcia Militar (PM) foi acionada por volta das 7h00 e deparou com a \u201cMercearia do Mandim\u201d em chamas, sendo poss\u00edvel ouvir estouros de fogos de artif\u00edcio e avistar toda a extens\u00e3o interna do pr\u00e9dio tomada por labaredas.<\/p>\n<p>Diante da situa\u00e7\u00e3o, os militares isolaram o local com fita zebrada, no intuito de afastar os curiosos e evitar acidentes, al\u00e9m de contatar com funcion\u00e1rio da Imobiluz para que providenciasse o isolamento dos cabos da rede el\u00e9trica e do pr\u00e9dio, afim de n\u00e3o ocorrer um curto circuito e a situa\u00e7\u00e3o se agravar. <\/p>\n<p>A Copasa e a Prefeitura disponibilizaram caminh\u00f5es-pipa para auxiliar nos trabalhos e ap\u00f3s cerca de tr\u00eas horas, o inc\u00eandio foi controlado. O propriet\u00e1rio da mercearia informou que no interior do pr\u00e9dio havia diversos produtos inflam\u00e1veis, como fogos de artif\u00edcios e bebidas alco\u00f3licas. As chamas destru\u00edram toda a mercadoria e comprometeram a estrutura do im\u00f3vel. Uma casa localizada no Beco Carlyle Guimar\u00e3es Cardoso tamb\u00e9m foi comprometida e o morador foi orientado a sair do local.<\/p>\n<p>As causas do inc\u00eandio ainda n\u00e3o foram esclarecidas. A Per\u00edcia T\u00e9cnica da Pol\u00edcia Civil informou que ir\u00e1 comparecer ao estabelecimento posteriormente para os trabalhos de praxe. Almenara n\u00e3o possui equipes do Corpo de Bombeiros e a base mais pr\u00f3xima est\u00e1 localizada em Te\u00f3filo Otoni, acerca de 270 quil\u00f4metros.<\/p>\n<p><img decoding=\"async\" src=\"http:\/\/aconteceunovale.com.br\/portal\/wp-content\/uploads\/2016\/10\/incendio_mandim_almenara_3.jpg\" alt=\"\" \/><em>Inc\u00eandio destr\u00f3i mercearia em Almenara (Foto: Jornal do Tola\/Facebook)<\/em><br \/>\n<\/br><\/p>\n<p><img decoding=\"async\" src=\"http:\/\/aconteceunovale.com.br\/portal\/wp-content\/uploads\/2016\/10\/incendio_mandim_almenara_1.jpg\" alt=\"\" \/><em>Inc\u00eandio destr\u00f3i mercearia em Almenara (Foto: Jornal do Tola\/Facebook)<\/em><br \/>\n<\/br><\/p>\n<p><img decoding=\"async\" src=\"http:\/\/aconteceunovale.com.br\/portal\/wp-content\/uploads\/2016\/10\/incendio_mandim_almenara_2.jpg\" alt=\"\" \/><em>Inc\u00eandio destr\u00f3i mercearia em Almenara (Foto: Jornal do Tola\/Facebook)<\/em><\/p>\n","protected":false},"excerpt":{"rendered":"<p>Um estabelecimento comercial foi destru\u00eddo por um inc\u00eandio na manh\u00e3 desse s\u00e1bado, 08 de outubro de 2016, em Almenara, no Vale do Jequitinhonha. A Pol\u00edcia Militar (PM) foi acionada por volta das 7h00 e deparou com a \u201cMercearia do Mandim\u201d em chamas, sendo poss\u00edvel ouvir estouros de fogos de artif\u00edcio e avistar toda a extens\u00e3o [&hellip;]<\/p>\n","protected":false},"author":1,"featured_media":98720,"comment_status":"open","ping_status":"closed","sticky":false,"template":"","format":"standard","meta":{"amp_status":"","footnotes":""},"categories":[120],"tags":[142,119686,119684,119683,119679,47382,119680,119682,119681,119685],"class_list":["post-98723","post","type-post","status-publish","format-standard","has-post-thumbnail","hentry","category-jequi","tag-almenara","tag-amando-carlos-costa-gomes","tag-fogo-destroi-mercearia-do-mandim","tag-incendio-destroi-mercearia-do-mandim","tag-incendio-destroi-mercearia-em-almenara","tag-incendio-em-almenara","tag-incendio-em-mercearia-de-almenara","tag-incendio-mercearia-do-mandim","tag-mercearia-do-mandim","tag-mercearia-do-mandim-em-almenara"],"_links":{"self":[{"href":"https:\/\/aconteceunovale.com.br\/portal\/index.php?rest_route=\/wp\/v2\/posts\/98723","targetHints":{"allow":["GET"]}}],"collection":[{"href":"https:\/\/aconteceunovale.com.br\/portal\/index.php?rest_route=\/wp\/v2\/posts"}],"about":[{"href":"https:\/\/aconteceunovale.com.br\/portal\/index.php?rest_route=\/wp\/v2\/types\/post"}],"author":[{"embeddable":true,"href":"https:\/\/aconteceunovale.com.br\/portal\/index.php?rest_route=\/wp\/v2\/users\/1"}],"replies":[{"embeddable":true,"href":"https:\/\/aconteceunovale.com.br\/portal\/index.php?rest_route=%2Fwp%2Fv2%2Fcomments&post=98723"}],"version-history":[{"count":0,"href":"https:\/\/aconteceunovale.com.br\/portal\/index.php?rest_route=\/wp\/v2\/posts\/98723\/revisions"}],"wp:featuredmedia":[{"embeddable":true,"href":"https:\/\/aconteceunovale.com.br\/portal\/index.php?rest_route=\/wp\/v2\/media\/98720"}],"wp:attachment":[{"href":"https:\/\/aconteceunovale.com.br\/portal\/index.php?rest_route=%2Fwp%2Fv2%2Fmedia&parent=98723"}],"wp:term":[{"taxonomy":"category","embeddable":true,"href":"https:\/\/aconteceunovale.com.br\/portal\/index.php?rest_route=%2Fwp%2Fv2%2Fcategories&post=98723"},{"taxonomy":"post_tag","embeddable":true,"href":"https:\/\/aconteceunovale.com.br\/portal\/index.php?rest_route=%2Fwp%2Fv2%2Ftags&post=98723"}],"curies":[{"name":"wp","href":"https:\/\/api.w.org\/{rel}","templated":true}]}}