{"id":98713,"date":"2016-10-09T09:37:08","date_gmt":"2016-10-09T12:37:08","guid":{"rendered":"http:\/\/aconteceunovale.com.br\/portal\/?p=98713"},"modified":"2016-10-09T09:37:08","modified_gmt":"2016-10-09T12:37:08","slug":"homem-tem-carro-atingido-por-tiros-em-almenara","status":"publish","type":"post","link":"https:\/\/aconteceunovale.com.br\/portal\/?p=98713","title":{"rendered":"Homem tem carro atingido por tiros em Almenara"},"content":{"rendered":"<p>A Pol\u00edcia Militar (PM) de Almenara, no Vale do Jequitinhonha, realiza rastreamentos com intuito de localizar e prender os suspeitos de um atentado contra os ocupantes de um ve\u00edculo registrado na tarde desse s\u00e1bado, 08 de outubro de 2016. Por volta das 15h40, o Centro de Opera\u00e7\u00f5es Policiais Militares (COPOM) recebeu den\u00fancia dando conta de que um cidad\u00e3o havia efetuado v\u00e1rios disparos de arma de fogo contra um indiv\u00edduo em via p\u00fablica.<\/p>\n<p>Diante da informa\u00e7\u00e3o, o Grupo de Radio-Patrulhamento (GURP) deslocou para o local e realizou contato um homem de 34 anos, que conduzia um Chevrolet Onix. A v\u00edtima relatou que estava no ve\u00edculo com sua filha, de um ano e oito meses, e uma sobrinha de 16 anos, transitando pela Avenida JK, quando no cruzamento com a Rua Jos\u00e9 dos Santos, foi surpreendida por tr\u00eas indiv\u00edduos em um ve\u00edculo preto. <\/p>\n<p>Ainda conforme o relato da v\u00edtima, um indiv\u00edduo que estava no banco do passageiro efetuou tr\u00eas disparos do lado direito do seu ve\u00edculo. Em seguida, ap\u00f3s convergir \u00e0 esquerda da via, o criminoso atirou outras tr\u00eas vezes. Conforme a PM, o Onix foi atingido duas vezes no lado direito e uma no para-brisa, al\u00e9m de quebra total do vidro do lado do motorista.<\/p>\n<p>Os disparos n\u00e3o atingiram os ocupantes do ve\u00edculo alvo dos autores. O condutor sofreu escoria\u00e7\u00f5es leves pelo corpo, ao descer do carro e cair ao solo, mas recusou atendimento m\u00e9dico. Um dos autores j\u00e1 foi identificado pela Pol\u00edcia, mas ainda n\u00e3o foi localizado. A motiva\u00e7\u00e3o do crime ainda n\u00e3o foi esclarecida.<\/p>\n<p><img decoding=\"async\" src=\"http:\/\/aconteceunovale.com.br\/portal\/wp-content\/uploads\/2016\/10\/tiros_almenara_carro_1.jpg\" alt=\"\" \/><em>Carro foi atingido por tiros na Avenida JK (Foto: Jornal do Tola\/Facebook)<\/em><br \/>\n<\/br><\/p>\n<p><img decoding=\"async\" src=\"http:\/\/aconteceunovale.com.br\/portal\/wp-content\/uploads\/2016\/10\/tiros_almenara_carro_2.jpg\" alt=\"\" \/><em>Carro foi atingido por tiros na Avenida JK (Foto: Jornal do Tola\/Facebook)<\/em><br \/>\n<\/br><\/p>\n<p><img decoding=\"async\" src=\"http:\/\/aconteceunovale.com.br\/portal\/wp-content\/uploads\/2016\/10\/tiros_almenara_carro_3.jpg\" alt=\"\" \/><em>Carro foi atingido por tiros na Avenida JK (Foto: Jornal do Tola\/Facebook)<\/em><\/p>\n","protected":false},"excerpt":{"rendered":"<p>A Pol\u00edcia Militar (PM) de Almenara, no Vale do Jequitinhonha, realiza rastreamentos com intuito de localizar e prender os suspeitos de um atentado contra os ocupantes de um ve\u00edculo registrado na tarde desse s\u00e1bado, 08 de outubro de 2016. Por volta das 15h40, o Centro de Opera\u00e7\u00f5es Policiais Militares (COPOM) recebeu den\u00fancia dando conta de [&hellip;]<\/p>\n","protected":false},"author":1,"featured_media":98714,"comment_status":"open","ping_status":"closed","sticky":false,"template":"","format":"standard","meta":{"amp_status":"","footnotes":""},"categories":[120],"tags":[142,119670,353,119669,119672,119671,119668,119673,119675,119674,119678,119676,119677,70890],"class_list":["post-98713","post","type-post","status-publish","format-standard","has-post-thumbnail","hentry","category-jequi","tag-almenara","tag-atentado-em-almenara","tag-bandeira","tag-carro-atingido-por-tiros-em-almenara","tag-carro-baleado-em-almenara","tag-carro-cravejado-de-bala-em-almenara","tag-carro-e-atingido-por-tiros-em-almenara","tag-cidadao-tem-carro-alvejado-por-disparos-em-almenara","tag-dionisio-ferreira-do-amaral","tag-homem-tem-carro-alvejado-por-disparos-de-arma-de-fogo-em-almenara","tag-homem-tem-carro-atingido-por-tiros-em-almenara","tag-maria-eduarda-amaral-pires","tag-paulo-cesar-fernandes-de-oliveira","tag-tentativa-de-homicidio-em-almenara"],"_links":{"self":[{"href":"https:\/\/aconteceunovale.com.br\/portal\/index.php?rest_route=\/wp\/v2\/posts\/98713","targetHints":{"allow":["GET"]}}],"collection":[{"href":"https:\/\/aconteceunovale.com.br\/portal\/index.php?rest_route=\/wp\/v2\/posts"}],"about":[{"href":"https:\/\/aconteceunovale.com.br\/portal\/index.php?rest_route=\/wp\/v2\/types\/post"}],"author":[{"embeddable":true,"href":"https:\/\/aconteceunovale.com.br\/portal\/index.php?rest_route=\/wp\/v2\/users\/1"}],"replies":[{"embeddable":true,"href":"https:\/\/aconteceunovale.com.br\/portal\/index.php?rest_route=%2Fwp%2Fv2%2Fcomments&post=98713"}],"version-history":[{"count":0,"href":"https:\/\/aconteceunovale.com.br\/portal\/index.php?rest_route=\/wp\/v2\/posts\/98713\/revisions"}],"wp:featuredmedia":[{"embeddable":true,"href":"https:\/\/aconteceunovale.com.br\/portal\/index.php?rest_route=\/wp\/v2\/media\/98714"}],"wp:attachment":[{"href":"https:\/\/aconteceunovale.com.br\/portal\/index.php?rest_route=%2Fwp%2Fv2%2Fmedia&parent=98713"}],"wp:term":[{"taxonomy":"category","embeddable":true,"href":"https:\/\/aconteceunovale.com.br\/portal\/index.php?rest_route=%2Fwp%2Fv2%2Fcategories&post=98713"},{"taxonomy":"post_tag","embeddable":true,"href":"https:\/\/aconteceunovale.com.br\/portal\/index.php?rest_route=%2Fwp%2Fv2%2Ftags&post=98713"}],"curies":[{"name":"wp","href":"https:\/\/api.w.org\/{rel}","templated":true}]}}