{"id":98705,"date":"2016-10-08T23:54:48","date_gmt":"2016-10-09T02:54:48","guid":{"rendered":"http:\/\/aconteceunovale.com.br\/portal\/?p=98705"},"modified":"2016-10-09T18:39:11","modified_gmt":"2016-10-09T21:39:11","slug":"grave-acidente-entre-onibus-e-carreta-na-br-381","status":"publish","type":"post","link":"https:\/\/aconteceunovale.com.br\/portal\/?p=98705","title":{"rendered":"Grave acidente entre \u00f4nibus e carreta deixa dois mortos e v\u00e1rios feridos na BR-381"},"content":{"rendered":"<p>Equipes do Corpo de Bombeiros, Servi\u00e7o de Atendimento M\u00f3vel de Urg\u00eancia (SAMU) e Resgates Volunt\u00e1rios foram acionadas na noite deste s\u00e1bado (08\/10\/2016) para socorro \u00e0s v\u00edtimas de um grave acidente registrado na altura do quil\u00f4metro 403 da BR-381, pr\u00f3ximo a Bom Jesus do Amparo, na regi\u00e3o Central de Minas Gerais. A colis\u00e3o frontal entre um \u00f4nibus de turismo (placa BXJ-5891, S\u00e3o Miguel do Tapuio\/PI) e uma carreta (placa JQI-1556, de Betim\/MG) deixou pelo menos dois mortos e cerca de 20 feridos.<\/p>\n<p>O ve\u00edculo coletivo seguia do Nordeste para S\u00e3o Paulo com 49 passageiros sentados, cinco crian\u00e7as e dois motoristas. O impacto do acidente causou a morte de duas pessoas. Os feridos foram encaminhados para hospitais de Jo\u00e3o Monlevade, Itabira e Belo Horizonte. Ainda n\u00e3o foram divulgadas informa\u00e7\u00f5es sobre v\u00edtimas. Imagens registradas por um internauta mostram o condutor do ve\u00edculo coletivo, que n\u00e3o possui identifica\u00e7\u00e3o de empresa, preso \u00e0s ferragens.<\/p>\n<p>A rodovia foi fechada nos dois sentidos e o tr\u00e2nsito foi controlado pela Pol\u00edcia Rodovi\u00e1ria Federal (PRF). Por volta das 05h30 a pista foi liberada nos dois sentidos, mas conforme a PRF, em alerta divulgado \u00e0s 7h00, o tr\u00e2nsito apresentava lentid\u00e3o no local.<\/p>\n<p>A Per\u00edcia T\u00e9cnica da Pol\u00edcia Civil foi acionada e ap\u00f3s os trabalhos de praxe, os dois corpos foram removidos ao Instituto M\u00e9dico Legal (IML) da regi\u00e3o. As causas do acidente ser\u00e3o apuradas pela Pol\u00edcia.<\/p>\n<p><img decoding=\"async\" src=\"http:\/\/aconteceunovale.com.br\/portal\/wp-content\/uploads\/2016\/10\/acidente_381_1.jpg\" alt=\"\" \/><em>Acidente aconteceu no km 403 da BR-381 (Foto: Divulga\u00e7\u00e3o\/Anjos do Asfalto MG)<\/em><br \/>\n<\/br><\/p>\n<p><img decoding=\"async\" src=\"http:\/\/aconteceunovale.com.br\/portal\/wp-content\/uploads\/2016\/10\/acidente_381_2.jpg\" alt=\"\" \/><em>Acidente aconteceu no km 403 da BR-381 (Foto: Reprodu\u00e7\u00e3o\/WhatsApp)<\/em><br \/>\n<\/br><\/p>\n<p><img decoding=\"async\" src=\"http:\/\/aconteceunovale.com.br\/portal\/wp-content\/uploads\/2016\/10\/acidente_381_3.jpg\" alt=\"\" \/><em>Acidente aconteceu no km 403 da BR-381 (Foto: Reprodu\u00e7\u00e3o\/WhatsApp)<\/em><\/p>\n","protected":false},"excerpt":{"rendered":"<p>Equipes do Corpo de Bombeiros, Servi\u00e7o de Atendimento M\u00f3vel de Urg\u00eancia (SAMU) e Resgates Volunt\u00e1rios foram acionadas na noite deste s\u00e1bado (08\/10\/2016) para socorro \u00e0s v\u00edtimas de um grave acidente registrado na altura do quil\u00f4metro 403 da BR-381, pr\u00f3ximo a Bom Jesus do Amparo, na regi\u00e3o Central de Minas Gerais. A colis\u00e3o frontal entre um [&hellip;]<\/p>\n","protected":false},"author":1,"featured_media":98710,"comment_status":"open","ping_status":"closed","sticky":false,"template":"","format":"standard","meta":{"amp_status":"","footnotes":""},"categories":[123],"tags":[119664,119692,119690,119693,119665,119663,119662,25584,119691,119667,25587,119656,8237,119659,119658,119660,119661,1495,1736,1397,13248,119657,119666,119655,202,119695,119694],"class_list":["post-98705","post","type-post","status-publish","format-standard","has-post-thumbnail","hentry","category-gerais","tag-acidente-bom-jesus-do-amparo","tag-acidente-com-moradores-de-caruaru","tag-acidente-com-onibus-de-caruaru","tag-acidente-com-onibus-de-caruaru-na-br-381","tag-acidente-com-onibus-de-turismo-na-br-381","tag-acidente-com-onibus-e-carreta-na-bom-jesus-do-amparo","tag-acidente-com-onibus-em-bom-jesus-do-amparo","tag-acidente-com-onibus-na-br-381","tag-acidente-com-onibus-que-seguia-de-caruaru-para-sao-paulo","tag-acidente-com-onibus-que-seguia-do-nordeste-para-sao-paulo","tag-acidente-com-onibus-que-seguia-para-sao-paulo","tag-acidente-entre-onibus-e-carreta-na-br-381","tag-acidente-na-br-381","tag-acidente-na-br-381-bom-jesus-do-amparo","tag-acidente-onibus-de-turismo-br-381","tag-acidente-perto-de-bom-jesus-do-amparo","tag-acidente-proximo-a-bom-jesus-do-amparo","tag-betim","tag-bom-jesus-do-amparo","tag-br-381","tag-caruaru","tag-colisao-entre-onibus-e-carreta-na-br-381","tag-grave-acidente-entre-onibus-e-carreta-deixa-dois-mortos-e-varios-feridos-na-br-381","tag-grave-acidente-entre-onibus-e-carreta-na-br-381","tag-itabira","tag-onibus-de-sao-miguel-do-tapuio","tag-sao-miguel-do-tapuio"],"_links":{"self":[{"href":"https:\/\/aconteceunovale.com.br\/portal\/index.php?rest_route=\/wp\/v2\/posts\/98705","targetHints":{"allow":["GET"]}}],"collection":[{"href":"https:\/\/aconteceunovale.com.br\/portal\/index.php?rest_route=\/wp\/v2\/posts"}],"about":[{"href":"https:\/\/aconteceunovale.com.br\/portal\/index.php?rest_route=\/wp\/v2\/types\/post"}],"author":[{"embeddable":true,"href":"https:\/\/aconteceunovale.com.br\/portal\/index.php?rest_route=\/wp\/v2\/users\/1"}],"replies":[{"embeddable":true,"href":"https:\/\/aconteceunovale.com.br\/portal\/index.php?rest_route=%2Fwp%2Fv2%2Fcomments&post=98705"}],"version-history":[{"count":0,"href":"https:\/\/aconteceunovale.com.br\/portal\/index.php?rest_route=\/wp\/v2\/posts\/98705\/revisions"}],"wp:featuredmedia":[{"embeddable":true,"href":"https:\/\/aconteceunovale.com.br\/portal\/index.php?rest_route=\/wp\/v2\/media\/98710"}],"wp:attachment":[{"href":"https:\/\/aconteceunovale.com.br\/portal\/index.php?rest_route=%2Fwp%2Fv2%2Fmedia&parent=98705"}],"wp:term":[{"taxonomy":"category","embeddable":true,"href":"https:\/\/aconteceunovale.com.br\/portal\/index.php?rest_route=%2Fwp%2Fv2%2Fcategories&post=98705"},{"taxonomy":"post_tag","embeddable":true,"href":"https:\/\/aconteceunovale.com.br\/portal\/index.php?rest_route=%2Fwp%2Fv2%2Ftags&post=98705"}],"curies":[{"name":"wp","href":"https:\/\/api.w.org\/{rel}","templated":true}]}}