{"id":98696,"date":"2016-10-08T23:00:08","date_gmt":"2016-10-09T02:00:08","guid":{"rendered":"http:\/\/aconteceunovale.com.br\/portal\/?p=98696"},"modified":"2016-10-08T23:00:08","modified_gmt":"2016-10-09T02:00:08","slug":"em-diamantina-area-externa-da-igreja-nossa-senhora-aparecida-e-revitalizada","status":"publish","type":"post","link":"https:\/\/aconteceunovale.com.br\/portal\/?p=98696","title":{"rendered":"Em Diamantina, \u00e1rea externa da Igreja Nossa Senhora Aparecida \u00e9 revitalizada"},"content":{"rendered":"<p>Com projeto aprovado pelo Instituto Estadual do Patrim\u00f4nio Hist\u00f3rico e Art\u00edstico de Minas Gerais (IEPHA\/MG) e obra realizada pela equipe da Secretaria de Desenvolvimento Urbano e Rural de Diamantina (MG), o projeto da nova \u00e1rea externa da Igreja de Nossa Senhora Aparecida, localizada no alto da Serra dos Cristais, foi idealizado para propiciar maior conviv\u00eancia e recrea\u00e7\u00e3o dos diamantinenses, al\u00e9m de recepcionar a tradicional festa de 12 de outubro, dia de Nossa Senhora Aparecida, que recebe um p\u00fablico de aproximadamente cinco mil pessoas.<\/p>\n<p>Em est\u00e1gio adiantado, a nova pra\u00e7a que tem um investimento previsto de R$ 306.789,24, j\u00e1 ganhou piso semiperme\u00e1vel em bloquetes delimitado por meio fio em concreto, instala\u00e7\u00e3o de postes com ilumina\u00e7\u00e3o de LED e o plantio de mudas de pingo de ouro e tr\u00eas ip\u00eas, para permitir sombra no ato da contempla\u00e7\u00e3o. Ainda ser\u00e3o instalados bancos, guarda corpo nas laterais da \u00e1rea, em metal pintados na cor ferrugem para n\u00e3o agredir a paisagem urbana da Serra dos Cristais e garantir a seguran\u00e7a dos usu\u00e1rios.<\/p>\n<p>Sem lama e poeira, oferecendo mais conforto aos usu\u00e1rios, a nova pra\u00e7a em finaliza\u00e7\u00e3o de obras j\u00e1 est\u00e1 sendo utilizada para as ora\u00e7\u00f5es que antecedem a festa de Nossa Senhora Aparecida.<\/p>\n<p>Para denominar o espa\u00e7o foi encaminhado \u00e0 C\u00e2mara Municipal projeto de lei nominando-a de Mirante Vereador Jos\u00e9 Lucas Barros. O projeto aguarda aprova\u00e7\u00e3o da Casa Legislativa.<\/p>\n<p><img decoding=\"async\" src=\"http:\/\/aconteceunovale.com.br\/portal\/wp-content\/uploads\/2016\/10\/obras_igreja_dtna_1.jpg\" alt=\"\" \/><em>\u00c1rea externa da Igreja Nossa Senhora Aparecida \u00e9 revitalizada (Divulga\u00e7\u00e3o)<\/em><br \/>\n<\/br><\/p>\n<p><img decoding=\"async\" src=\"http:\/\/aconteceunovale.com.br\/portal\/wp-content\/uploads\/2016\/10\/obras_igreja_dtna_2.jpg\" alt=\"\" \/><em>\u00c1rea externa da Igreja Nossa Senhora Aparecida \u00e9 revitalizada (Divulga\u00e7\u00e3o)<\/em><br \/>\n<\/br><\/p>\n<p><img decoding=\"async\" src=\"http:\/\/aconteceunovale.com.br\/portal\/wp-content\/uploads\/2016\/10\/obras_igreja_dtna_3.jpg\" alt=\"\" \/><em>\u00c1rea externa da Igreja Nossa Senhora Aparecida \u00e9 revitalizada (Divulga\u00e7\u00e3o)<\/em><br \/>\n<\/br><\/p>\n<p><img decoding=\"async\" src=\"http:\/\/aconteceunovale.com.br\/portal\/wp-content\/uploads\/2016\/10\/obras_igreja_dtna_4.jpg\" alt=\"\" \/><em>\u00c1rea externa da Igreja Nossa Senhora Aparecida \u00e9 revitalizada (Divulga\u00e7\u00e3o)<\/em><br \/>\n<\/br><\/p>\n<p><em>(Fonte: Prefeitura de Diamantina)<\/em><\/p>\n","protected":false},"excerpt":{"rendered":"<p>Com projeto aprovado pelo Instituto Estadual do Patrim\u00f4nio Hist\u00f3rico e Art\u00edstico de Minas Gerais (IEPHA\/MG) e obra realizada pela equipe da Secretaria de Desenvolvimento Urbano e Rural de Diamantina (MG), o projeto da nova \u00e1rea externa da Igreja de Nossa Senhora Aparecida, localizada no alto da Serra dos Cristais, foi idealizado para propiciar maior conviv\u00eancia [&hellip;]<\/p>\n","protected":false},"author":1,"featured_media":98700,"comment_status":"open","ping_status":"closed","sticky":false,"template":"","format":"standard","meta":{"amp_status":"","footnotes":""},"categories":[120],"tags":[119638,1018,198,119637,119631,119632,119640,119636,119635,119641,119634,119633,119639,17250],"class_list":["post-98696","post","type-post","status-publish","format-standard","has-post-thumbnail","hentry","category-jequi","tag-area-externa-da-igreja-nossa-senhora-aparecida-e-revitalizada","tag-destaque","tag-diamantina","tag-em-diamantina","tag-igreja-de-nossa-senhora-aparecida","tag-igreja-de-nossa-senhora-aparecida-em-diamantina","tag-obras-em-diamantina","tag-obras-na-area-externa-da-igreja-de-nossa-senhora-aparecida-em-diamantina","tag-obras-na-praca-da-igreja-de-nossa-senhora-aparecida-em-diamantina","tag-reformas-em-diamantina","tag-revitalizacao-da-area-externa-da-igreja-de-nossa-senhora-aparecida-em-diamantina","tag-revitalizacao-da-praca-da-igreja-de-nossa-senhora-aparecida-em-diamantina","tag-revitalizacao-de-diamantina","tag-serra-dos-cristais"],"_links":{"self":[{"href":"https:\/\/aconteceunovale.com.br\/portal\/index.php?rest_route=\/wp\/v2\/posts\/98696","targetHints":{"allow":["GET"]}}],"collection":[{"href":"https:\/\/aconteceunovale.com.br\/portal\/index.php?rest_route=\/wp\/v2\/posts"}],"about":[{"href":"https:\/\/aconteceunovale.com.br\/portal\/index.php?rest_route=\/wp\/v2\/types\/post"}],"author":[{"embeddable":true,"href":"https:\/\/aconteceunovale.com.br\/portal\/index.php?rest_route=\/wp\/v2\/users\/1"}],"replies":[{"embeddable":true,"href":"https:\/\/aconteceunovale.com.br\/portal\/index.php?rest_route=%2Fwp%2Fv2%2Fcomments&post=98696"}],"version-history":[{"count":0,"href":"https:\/\/aconteceunovale.com.br\/portal\/index.php?rest_route=\/wp\/v2\/posts\/98696\/revisions"}],"wp:featuredmedia":[{"embeddable":true,"href":"https:\/\/aconteceunovale.com.br\/portal\/index.php?rest_route=\/wp\/v2\/media\/98700"}],"wp:attachment":[{"href":"https:\/\/aconteceunovale.com.br\/portal\/index.php?rest_route=%2Fwp%2Fv2%2Fmedia&parent=98696"}],"wp:term":[{"taxonomy":"category","embeddable":true,"href":"https:\/\/aconteceunovale.com.br\/portal\/index.php?rest_route=%2Fwp%2Fv2%2Fcategories&post=98696"},{"taxonomy":"post_tag","embeddable":true,"href":"https:\/\/aconteceunovale.com.br\/portal\/index.php?rest_route=%2Fwp%2Fv2%2Ftags&post=98696"}],"curies":[{"name":"wp","href":"https:\/\/api.w.org\/{rel}","templated":true}]}}