{"id":98689,"date":"2016-10-08T22:47:37","date_gmt":"2016-10-09T01:47:37","guid":{"rendered":"http:\/\/aconteceunovale.com.br\/portal\/?p=98689"},"modified":"2016-10-08T22:47:37","modified_gmt":"2016-10-09T01:47:37","slug":"revitalizacao-da-praca-jk-e-a-primeira-obra-do-pac-cidades-historicas-em-diamantina","status":"publish","type":"post","link":"https:\/\/aconteceunovale.com.br\/portal\/?p=98689","title":{"rendered":"Revitaliza\u00e7\u00e3o da Pra\u00e7a JK \u00e9 a primeira obra do PAC Cidades Hist\u00f3ricas em Diamantina"},"content":{"rendered":"<p>A requalifica\u00e7\u00e3o da Pra\u00e7a Juscelino Kubitschek (JK), iniciada em meados de julho, tem previs\u00e3o de t\u00e9rmino para dezembro deste ano. O projeto em execu\u00e7\u00e3o foi elaborado pelo corpo t\u00e9cnico da Prefeitura Municipal de Diamantina e ultrapassa os limites da Pra\u00e7a e escultura de JK, abarcando a recupera\u00e7\u00e3o dos espa\u00e7os que a circundam, como a Igreja S\u00e3o Francisco de Assis, F\u00f3rum Joaquim Fel\u00edcio dos Santos e o Chafariz.<\/p>\n<p>De acordo com a administra\u00e7\u00e3o, <em>\u201ccom o objetivo de valorizar o local, um dos mais antigos logradouros de Diamantina, buscou-se compor um novo conjunto e proporcionar uma renovada leitura para a \u00e1rea, resgatando as sutilezas espaciais e construtivas do conjunto urban\u00edstico\u201d.<\/em><\/p>\n<p>Neste sentido, diversas interven\u00e7\u00f5es est\u00e3o previstas no projeto. O muro voltado para a Rua Macau de Baixo j\u00e1 teve o seu revestimento demolido deixando aparente a sua fei\u00e7\u00e3o original em pedras, seguindo a mesma linha do muro existente na Rua Macau de Cima, que ainda receber\u00e1 higieniza\u00e7\u00e3o.<\/p>\n<p>Com intuito de contribuir com a mobilidade urbana, a cal\u00e7ada da Rua Macau de Baixo foi alargada, permitindo, por meio das rampas que ser\u00e3o constru\u00eddas, o livre tr\u00e2nsito de pedestres e portadores de necessidade especiais. O passeio do lado oposto ao muro ter\u00e1 seu revestimento homogeneizado com ladrilho hidr\u00e1ulico. Os pavimentos das ruas tamb\u00e9m ser\u00e3o recompostos com as tradicionais lajes de pedra seguindo as caracter\u00edsticas de volumetria.<\/p>\n<p>A balaustrada em concreto, que apresentava danos estruturais, est\u00e1 sendo substitu\u00edda por outra com refor\u00e7o de ferragens e mesma leitura. Os lampi\u00f5es ser\u00e3o restaurados e em frente \u00e0 est\u00e1tua JK ser\u00e1 criado um plat\u00f4 para conviv\u00eancia e pequenas manifesta\u00e7\u00f5es culturais, com bancos e paisagismo onde os diamantinenses e turistas poder\u00e3o apreciar a bela vista.<\/p>\n<p>J\u00e1 o casar\u00e3o do F\u00f3rum Joaquim Fel\u00edcio dos Santos e a Igreja S\u00e3o Francisco ter\u00e3o suas fachadas pintadas, contribuindo para a qualifica\u00e7\u00e3o urbana neste trecho. Al\u00e9m disso, a grade de fechamento do adro da Igreja ter\u00e1 se\u00e7\u00f5es substitu\u00eddas e ser\u00e3o integralmente pintadas. O chafariz, que encontra-se em desuso, ser\u00e1 restaurado.<\/p>\n<p><strong>Projetos PAC em est\u00e1gio avan\u00e7ado<\/strong><\/p>\n<p>Ainda segundo a Prefeitura, <em>\u201cest\u00e3o para serem iniciadas as obras da Pra\u00e7a Dom Joaquim, Reforma do Casar\u00e3o dos Orlandi e o antigo Hotel Roberto. Todas j\u00e1 est\u00e3o com os seus projetos executivos prontos e aguardam a autoriza\u00e7\u00e3o do IPHAN para licitar as obras\u201d.<\/em><\/p>\n<p><strong>Rua Macau de Cima ser\u00e1 interditada<\/strong><\/p>\n<p>A partir do dia 10 de outubro, a Rua Macau de Cima ser\u00e1 interditada, por aproximadamente 45 dias, para recomposi\u00e7\u00e3o do cal\u00e7amento das vias circundantes \u00e0 Pra\u00e7a JK. A Prefeitura pede a compreens\u00e3o e a colabora\u00e7\u00e3o dos moradores, salientando que os benef\u00edcios ser\u00e3o duradouros para todo o povo diamantinense.<\/p>\n<p><strong>Fotos<\/strong><\/p>\n<p><img decoding=\"async\" src=\"http:\/\/aconteceunovale.com.br\/portal\/wp-content\/uploads\/2016\/10\/obras_praca_jk_1.jpg\" alt=\"\" \/><em>Pra\u00e7a JK \u00e9 revitalizada (Foto: Divulga\u00e7\u00e3o\/Prefeitura de Diamantina)<\/em><br \/>\n<\/br><\/p>\n<p><img decoding=\"async\" src=\"http:\/\/aconteceunovale.com.br\/portal\/wp-content\/uploads\/2016\/10\/obras_praca_jk_2.jpg\" alt=\"\" \/><em>Pra\u00e7a JK \u00e9 revitalizada (Foto: Divulga\u00e7\u00e3o\/Prefeitura de Diamantina)<\/em><br \/>\n<\/br><\/p>\n<p><img decoding=\"async\" src=\"http:\/\/aconteceunovale.com.br\/portal\/wp-content\/uploads\/2016\/10\/obras_praca_jk_3.jpg\" alt=\"\" \/><em>Pra\u00e7a JK \u00e9 revitalizada (Foto: Divulga\u00e7\u00e3o\/Prefeitura de Diamantina)<\/em><br \/>\n<\/br><\/p>\n<p><img decoding=\"async\" src=\"http:\/\/aconteceunovale.com.br\/portal\/wp-content\/uploads\/2016\/10\/obras_praca_jk_4.jpg\" alt=\"\" \/><em>Pra\u00e7a JK \u00e9 revitalizada (Foto: Divulga\u00e7\u00e3o\/Prefeitura de Diamantina)<\/em><br \/>\n<\/br><\/p>\n<p><img decoding=\"async\" src=\"http:\/\/aconteceunovale.com.br\/portal\/wp-content\/uploads\/2016\/10\/obras_praca_jk_5.jpg\" alt=\"\" \/><em>Pra\u00e7a JK \u00e9 revitalizada (Foto: Divulga\u00e7\u00e3o\/Prefeitura de Diamantina)<\/em><br \/>\n<\/br><\/p>\n<p><em>(Fonte: Prefeitura de Diamantina)<\/em><\/p>\n","protected":false},"excerpt":{"rendered":"<p>A requalifica\u00e7\u00e3o da Pra\u00e7a Juscelino Kubitschek (JK), iniciada em meados de julho, tem previs\u00e3o de t\u00e9rmino para dezembro deste ano. O projeto em execu\u00e7\u00e3o foi elaborado pelo corpo t\u00e9cnico da Prefeitura Municipal de Diamantina e ultrapassa os limites da Pra\u00e7a e escultura de JK, abarcando a recupera\u00e7\u00e3o dos espa\u00e7os que a circundam, como a Igreja [&hellip;]<\/p>\n","protected":false},"author":1,"featured_media":98691,"comment_status":"open","ping_status":"closed","sticky":false,"template":"","format":"standard","meta":{"amp_status":"","footnotes":""},"categories":[120],"tags":[119627,99948,119617,119619,119618,119623,119625,119620,119630,119622,119621,119624,119626,119629,119628,119616,119615],"class_list":["post-98689","post","type-post","status-publish","format-standard","has-post-thumbnail","hentry","category-jequi","tag-forum-joaquim-felicio-dos-santos","tag-igreja-sao-francisco","tag-interdicao-da-rua-macau-de-cima","tag-obras-do-pac-cidades-historicas-em-diamantina","tag-obras-na-rua-macau-de-cima","tag-obras-praca-jk","tag-obras-praca-jk-em-diamantina","tag-obras-praca-juscelino-kubitschek-em-diamantina","tag-pac-cidades-historicas","tag-praca-jk","tag-reforma-da-praca-juscelino-kubitschek-em-diamantina","tag-reforma-praca-jk","tag-reforma-praca-jk-em-diamantina","tag-requalificacao-da-praca-jk","tag-requalificacao-da-praca-juscelino-kubitschek","tag-rua-macau-de-cima","tag-rua-macau-de-cima-sera-interditada"],"_links":{"self":[{"href":"https:\/\/aconteceunovale.com.br\/portal\/index.php?rest_route=\/wp\/v2\/posts\/98689","targetHints":{"allow":["GET"]}}],"collection":[{"href":"https:\/\/aconteceunovale.com.br\/portal\/index.php?rest_route=\/wp\/v2\/posts"}],"about":[{"href":"https:\/\/aconteceunovale.com.br\/portal\/index.php?rest_route=\/wp\/v2\/types\/post"}],"author":[{"embeddable":true,"href":"https:\/\/aconteceunovale.com.br\/portal\/index.php?rest_route=\/wp\/v2\/users\/1"}],"replies":[{"embeddable":true,"href":"https:\/\/aconteceunovale.com.br\/portal\/index.php?rest_route=%2Fwp%2Fv2%2Fcomments&post=98689"}],"version-history":[{"count":0,"href":"https:\/\/aconteceunovale.com.br\/portal\/index.php?rest_route=\/wp\/v2\/posts\/98689\/revisions"}],"wp:featuredmedia":[{"embeddable":true,"href":"https:\/\/aconteceunovale.com.br\/portal\/index.php?rest_route=\/wp\/v2\/media\/98691"}],"wp:attachment":[{"href":"https:\/\/aconteceunovale.com.br\/portal\/index.php?rest_route=%2Fwp%2Fv2%2Fmedia&parent=98689"}],"wp:term":[{"taxonomy":"category","embeddable":true,"href":"https:\/\/aconteceunovale.com.br\/portal\/index.php?rest_route=%2Fwp%2Fv2%2Fcategories&post=98689"},{"taxonomy":"post_tag","embeddable":true,"href":"https:\/\/aconteceunovale.com.br\/portal\/index.php?rest_route=%2Fwp%2Fv2%2Ftags&post=98689"}],"curies":[{"name":"wp","href":"https:\/\/api.w.org\/{rel}","templated":true}]}}