{"id":98674,"date":"2016-10-08T19:41:29","date_gmt":"2016-10-08T22:41:29","guid":{"rendered":"http:\/\/aconteceunovale.com.br\/portal\/?p=98674"},"modified":"2016-10-08T20:53:06","modified_gmt":"2016-10-08T23:53:06","slug":"policia-civil-de-pedra-azul-detem-tres-envolvidos-em-homicidio-durante-comemoracao-politica-2","status":"publish","type":"post","link":"https:\/\/aconteceunovale.com.br\/portal\/?p=98674","title":{"rendered":"Pol\u00edcia Civil de Pedra Azul det\u00e9m tr\u00eas envolvidos em homic\u00eddio durante comemora\u00e7\u00e3o pol\u00edtica"},"content":{"rendered":"<p>Um adolescente de 16 anos foi assassinado na madrugada deste s\u00e1bado, 8 de outubro de 2016, durante um evento festivo realizado para comemorar a vit\u00f3ria da candidata eleita \u00e0 prefeita do munic\u00edpio de Pedra Azul, no Vale do Jequitinhonha. Thiago Santos de Oliveira foi alvejado por disparos de arma de fogo. Em a\u00e7\u00e3o r\u00e1pida, a Pol\u00edcia Civil, em parceria com a Pol\u00edcia Militar (PM), prendeu um homem e apreendeu dois menores, suspeitos de envolvimento no crime.<\/p>\n<p>Ap\u00f3s o cometimento do delito, a Pol\u00edcia Civil, atrav\u00e9s da per\u00edcia t\u00e9cnica, dos investigadores e da Delegada Regional Maria Aparecida Motta Martins, empreendeu dilig\u00eancias para apura\u00e7\u00e3o da autoria do crime. Com sucesso, conseguiram, juntamente com a Pol\u00edcia Militar, prender em flagrante delito Alef Leal Gomes e apreender os adolescentes M.S.A e J.S.D. Entretanto, apenas uma das armas utilizadas pelos envolvidos foi encontrada. <\/p>\n<p>A Delegada de Pol\u00edcia Civil Ana Carolina Santana, dando continuidade \u00e0s dilig\u00eancias, com a ajuda do perito Eduardo, do investigador Andr\u00e9 e do escriv\u00e3o Manoel Lintom, conseguiu localizar a segunda arma utilizada para pr\u00e1tica do crime, um rev\u00f3lver calibre .38 dispensado num matagal pr\u00f3ximo ao c\u00f3rrego onde os adolescentes foram apreendidos.<\/p>\n<p><img decoding=\"async\" src=\"http:\/\/aconteceunovale.com.br\/portal\/wp-content\/uploads\/2016\/10\/crime_pedra_azul_1.jpg\" alt=\"\" \/><em>Envolvidos no crime foram detidos (Foto: Divulga\u00e7\u00e3o\/Pol\u00edcia Civil de Pedra Azul)<\/em><br \/>\n<\/br><\/p>\n<p>O crime chocou toda a cidade. A Pol\u00edcia Civil informou que o adolescente, v\u00edtima do homic\u00eddio, era autor reiterado de atos infracionais e que a motiva\u00e7\u00e3o foi a disputa entre grupos rivais de diferentes bairros que brigam por pontos de tr\u00e1fico de drogas na cidade.<\/p>\n<p>A Delegada Ana Carolina lamentou o fato de algumas pessoas estarem denegrindo a imagem da Institui\u00e7\u00e3o por motivo pol\u00edtico: <em>\u201cN\u00e3o h\u00e1 qualquer conota\u00e7\u00e3o pol\u00edtica na pr\u00e1tica do delito, infelizmente ocorreu num dia que era para ser festivo. Entretanto a motiva\u00e7\u00e3o \u00e9 a disputa entre os grupos de bairros rivais\u201d, e acrescentou: \u201c\u00c9 lament\u00e1vel saber que algumas pessoas tem se utilizado do discurso puramente politiqueiro para atacar policiais civis. Precisamos entender que todo cidad\u00e3o tem seu direito ao voto assegurado, e o policial civil tamb\u00e9m \u00e9 cidad\u00e3o. Se algu\u00e9m tiver alguma reclama\u00e7\u00e3o de policiais civis que se utilizaram da fun\u00e7\u00e3o para coagir, ou de qualquer forma intimidar, algum eleitor, aconselho que seja feita representa\u00e7\u00e3o na corregedoria da Institui\u00e7\u00e3o para que os fatos sejam devidamente apurados.\u201d <\/em><\/p>\n<p>Quanto aos ataques, proferidos nas redes sociais, relacionados \u00e0 atua\u00e7\u00e3o da Pol\u00edcia Civil na cidade a Delegada se defendeu: <em>\u201cPercebo que o discurso denegrindo a imagem da Institui\u00e7\u00e3o, al\u00e9m de possuir pouqu\u00edssimos adeptos, n\u00e3o se sustenta com argumentos, apenas com palavras ofensivas e deselegantes. Nossa Constitui\u00e7\u00e3o \u00e9 muito cristalina quando delimita as atribui\u00e7\u00f5es das Pol\u00edcias (Federal, Civil, Militar, Rodovi\u00e1ria), cabe a n\u00f3s, enquanto Pol\u00edcia Judici\u00e1ria, agir ap\u00f3s o cometimento do crime, apurando autoria e materialidade para colher elementos probat\u00f3rios aptos a embasar uma den\u00fancia s\u00f3lida e consistente. Hoje, mais uma vez, a Pol\u00edcia Civil cumpriu com excel\u00eancia o seu papel, agiu ap\u00f3s o cometimento do delito, apurou autoria e materialidade de modo que ainda se tornou poss\u00edvel a caracteriza\u00e7\u00e3o do estado de flagrante delito.\u201d<\/em>  E desabafou: <em>\u201cEu tenho muito orgulho de fazer parte da equipe da Delegacia Regional de Pedra Azul, como toda e qualquer institui\u00e7\u00e3o temos nossas falhas, mas o trabalho desenvolvido pelos policiais dessa Regional vai al\u00e9m das atribui\u00e7\u00f5es constitucionalmente delimitadas, percebo o empenho e dedica\u00e7\u00e3o de cada um deles, isso \u00e9 facilmente aferido nos resultados das apura\u00e7\u00f5es de delitos, mesmo com um quadro de pessoal t\u00e3o reduzido. Coment\u00e1rios como os que foram dirigidos a n\u00f3s, por algumas poucas pessoas, n\u00e3o v\u00e3o macular a imagem da Institui\u00e7\u00e3o porque temos excelentes servi\u00e7os prestados para popula\u00e7\u00e3o de Pedra Azul. Entretanto, provid\u00eancias legais ser\u00e3o tomadas porque, de fato, ofendeu a honra objetiva e subjetiva de muitos policiais.\u201d<\/em><\/p>\n<p>Os ataques aos policiais civis foram compartilhados em grupos de WhatsApp, dentre eles alguns como <em>\u201ca P@%%# da Pol\u00edcia Civil n\u00e3o faz nada\u201d; \u201cs\u00f3 v\u00e3o fazer alguma coisa se for com um filho deles\u201d; \u201cesses filhos da P*&#038;@\u201d<\/em>. A Delegada explicou que os policiais ofendidos podem acionar a justi\u00e7a atrav\u00e9s de queixa-crime comunicando as ofensas e requerendo as provid\u00eancias cab\u00edveis. Como tamb\u00e9m, quem se sentir ofendido moralmente, pode pleitear indeniza\u00e7\u00e3o, na seara c\u00edvel, pelo dano suportado.  <\/p>\n<p>Apesar de o foco ter mudado, ficou claro que a Pol\u00edcia Civil mesmo sendo injustamente atacada, realizou seu trabalho e elucidou o crime, prendeu os envolvidos e j\u00e1 encaminhou o procedimento para que o Poder Judici\u00e1rio decida o futuro dos autores.<\/p>\n","protected":false},"excerpt":{"rendered":"<p>Um adolescente de 16 anos foi assassinado na madrugada deste s\u00e1bado, 8 de outubro de 2016, durante um evento festivo realizado para comemorar a vit\u00f3ria da candidata eleita \u00e0 prefeita do munic\u00edpio de Pedra Azul, no Vale do Jequitinhonha. Thiago Santos de Oliveira foi alvejado por disparos de arma de fogo. Em a\u00e7\u00e3o r\u00e1pida, a [&hellip;]<\/p>\n","protected":false},"author":1,"featured_media":98672,"comment_status":"open","ping_status":"closed","sticky":false,"template":"","format":"standard","meta":{"amp_status":"","footnotes":""},"categories":[120],"tags":[119575,102151,119583,56219,119586,119581,119579,119576,119577,1018,119584,119580,75668,32953,119585,119582,56218,455,61817,119573,119572,119571,119574,119578],"class_list":["post-98674","post","type-post","status-publish","format-standard","has-post-thumbnail","hentry","category-jequi","tag-alef-leal-gomes","tag-ana-carolina-santana","tag-assassinado-em-festa-politica-em-pedra-azul","tag-assassinado-em-pedra-azul","tag-assassinato-em-comemoracao-politica-em-pedra-azul","tag-assassinato-pedra-azul","tag-atuacao-da-policia-civil-de-pedra-azul","tag-delegada-ana-carolina-santana","tag-delegada-de-policia-ana-carolina-santana","tag-destaque","tag-homicidio-em-festa-politica-em-pedra-azul","tag-homicidio-pedra-azul","tag-maria-aparecida-motta-martins","tag-morte-em-pedra-azul","tag-morto-em-comemoracao-politica-em-pedra-azul","tag-morto-em-festa-politica-em-pedra-azul","tag-morto-em-pedra-azul","tag-pedra-azul","tag-policia-civil-de-pedra-azul","tag-policia-civil-de-pedra-azul-detem-tres-envolvidos-em-homicidio-durante-comemoracao-politica","tag-policia-civil-de-pedra-azul-detem-tres-envolvidos-em-homicidio-durante-evento-politico","tag-policia-civil-de-pedra-azul-prende-autor-de-homicidio","tag-thiago-santos-de-oliveira","tag-trabalho-policia-civil-de-pedra-azul"],"_links":{"self":[{"href":"https:\/\/aconteceunovale.com.br\/portal\/index.php?rest_route=\/wp\/v2\/posts\/98674","targetHints":{"allow":["GET"]}}],"collection":[{"href":"https:\/\/aconteceunovale.com.br\/portal\/index.php?rest_route=\/wp\/v2\/posts"}],"about":[{"href":"https:\/\/aconteceunovale.com.br\/portal\/index.php?rest_route=\/wp\/v2\/types\/post"}],"author":[{"embeddable":true,"href":"https:\/\/aconteceunovale.com.br\/portal\/index.php?rest_route=\/wp\/v2\/users\/1"}],"replies":[{"embeddable":true,"href":"https:\/\/aconteceunovale.com.br\/portal\/index.php?rest_route=%2Fwp%2Fv2%2Fcomments&post=98674"}],"version-history":[{"count":0,"href":"https:\/\/aconteceunovale.com.br\/portal\/index.php?rest_route=\/wp\/v2\/posts\/98674\/revisions"}],"wp:featuredmedia":[{"embeddable":true,"href":"https:\/\/aconteceunovale.com.br\/portal\/index.php?rest_route=\/wp\/v2\/media\/98672"}],"wp:attachment":[{"href":"https:\/\/aconteceunovale.com.br\/portal\/index.php?rest_route=%2Fwp%2Fv2%2Fmedia&parent=98674"}],"wp:term":[{"taxonomy":"category","embeddable":true,"href":"https:\/\/aconteceunovale.com.br\/portal\/index.php?rest_route=%2Fwp%2Fv2%2Fcategories&post=98674"},{"taxonomy":"post_tag","embeddable":true,"href":"https:\/\/aconteceunovale.com.br\/portal\/index.php?rest_route=%2Fwp%2Fv2%2Ftags&post=98674"}],"curies":[{"name":"wp","href":"https:\/\/api.w.org\/{rel}","templated":true}]}}