{"id":98667,"date":"2016-10-08T19:09:05","date_gmt":"2016-10-08T22:09:05","guid":{"rendered":"http:\/\/aconteceunovale.com.br\/portal\/?p=98667"},"modified":"2016-10-08T19:09:05","modified_gmt":"2016-10-08T22:09:05","slug":"jovem-e-preso-com-sete-quilos-de-maconha-em-janauba","status":"publish","type":"post","link":"https:\/\/aconteceunovale.com.br\/portal\/?p=98667","title":{"rendered":"Jovem \u00e9 preso com sete quilos de maconha em Jana\u00faba"},"content":{"rendered":"<p>A Pol\u00edcia Civil de Jana\u00faba, no Norte de Minas Gerais, apreendeu sete quilos de maconha, na manh\u00e3 deste s\u00e1bado (08\/10\/2016), durante uma opera\u00e7\u00e3o de combate ao tr\u00e1fico de drogas na regi\u00e3o. A grande quantidade de material entorpecente estava escondida em uma mochila. Um jovem de 18 anos foi preso.<\/p>\n<p>De acordo com informa\u00e7\u00f5es da PC, um investigador e um escriv\u00e3o da delegacia local receberam den\u00fancias de que uma pessoa estava com drogas em uma mochila e que faria a entrega do material em uma casa do Bairro Clarita. No local informado pelo denunciante, os policiais encontraram o suspeito.<\/p>\n<p>O jovem foi acusado de ser o propriet\u00e1rio da droga apreendida. Ele foi preso e conduzido \u00e0 Delegacia para demais provid\u00eancias.<\/p>\n<p><img decoding=\"async\" src=\"http:\/\/aconteceunovale.com.br\/portal\/wp-content\/uploads\/2016\/10\/droga_janauba_1.jpg\" alt=\"\" \/><em>Droga apreendida durante a a\u00e7\u00e3o da pol\u00edcia (Foto: Pol\u00edcia Civil\/Divulga\u00e7\u00e3o)<\/em><br \/>\n<\/br><\/p>\n<p><img decoding=\"async\" src=\"http:\/\/aconteceunovale.com.br\/portal\/wp-content\/uploads\/2016\/10\/droga_janauba_2.jpg\" alt=\"\" \/><em>Droga apreendida durante a a\u00e7\u00e3o da pol\u00edcia (Foto: Pol\u00edcia Civil\/Divulga\u00e7\u00e3o)<\/em><br \/>\n<\/br><\/p>\n<p><em>(Com informa\u00e7\u00f5es do G1 Grande Minas)<\/em><\/p>\n","protected":false},"excerpt":{"rendered":"<p>A Pol\u00edcia Civil de Jana\u00faba, no Norte de Minas Gerais, apreendeu sete quilos de maconha, na manh\u00e3 deste s\u00e1bado (08\/10\/2016), durante uma opera\u00e7\u00e3o de combate ao tr\u00e1fico de drogas na regi\u00e3o. A grande quantidade de material entorpecente estava escondida em uma mochila. Um jovem de 18 anos foi preso. De acordo com informa\u00e7\u00f5es da PC, [&hellip;]<\/p>\n","protected":false},"author":1,"featured_media":98669,"comment_status":"open","ping_status":"closed","sticky":false,"template":"","format":"standard","meta":{"amp_status":"","footnotes":""},"categories":[1236],"tags":[119568,50685,204,119567,119570,119569],"class_list":["post-98667","post","type-post","status-publish","format-standard","has-post-thumbnail","hentry","category-norte_de_minas","tag-apreensao-de-drogas-em-janauba","tag-apreensao-de-maconha-em-janauba","tag-janauba","tag-jovem-e-preso-com-sete-quilos-de-maconha-em-janauba","tag-preso-com-drogas-em-janauba","tag-preso-com-maconha-em-janauba"],"_links":{"self":[{"href":"https:\/\/aconteceunovale.com.br\/portal\/index.php?rest_route=\/wp\/v2\/posts\/98667","targetHints":{"allow":["GET"]}}],"collection":[{"href":"https:\/\/aconteceunovale.com.br\/portal\/index.php?rest_route=\/wp\/v2\/posts"}],"about":[{"href":"https:\/\/aconteceunovale.com.br\/portal\/index.php?rest_route=\/wp\/v2\/types\/post"}],"author":[{"embeddable":true,"href":"https:\/\/aconteceunovale.com.br\/portal\/index.php?rest_route=\/wp\/v2\/users\/1"}],"replies":[{"embeddable":true,"href":"https:\/\/aconteceunovale.com.br\/portal\/index.php?rest_route=%2Fwp%2Fv2%2Fcomments&post=98667"}],"version-history":[{"count":0,"href":"https:\/\/aconteceunovale.com.br\/portal\/index.php?rest_route=\/wp\/v2\/posts\/98667\/revisions"}],"wp:featuredmedia":[{"embeddable":true,"href":"https:\/\/aconteceunovale.com.br\/portal\/index.php?rest_route=\/wp\/v2\/media\/98669"}],"wp:attachment":[{"href":"https:\/\/aconteceunovale.com.br\/portal\/index.php?rest_route=%2Fwp%2Fv2%2Fmedia&parent=98667"}],"wp:term":[{"taxonomy":"category","embeddable":true,"href":"https:\/\/aconteceunovale.com.br\/portal\/index.php?rest_route=%2Fwp%2Fv2%2Fcategories&post=98667"},{"taxonomy":"post_tag","embeddable":true,"href":"https:\/\/aconteceunovale.com.br\/portal\/index.php?rest_route=%2Fwp%2Fv2%2Ftags&post=98667"}],"curies":[{"name":"wp","href":"https:\/\/api.w.org\/{rel}","templated":true}]}}