{"id":98664,"date":"2016-10-08T18:00:50","date_gmt":"2016-10-08T21:00:50","guid":{"rendered":"http:\/\/aconteceunovale.com.br\/portal\/?p=98664"},"modified":"2016-10-08T18:00:50","modified_gmt":"2016-10-08T21:00:50","slug":"luan-santana-cancela-show-em-marilac-por-motivos-de-saude","status":"publish","type":"post","link":"https:\/\/aconteceunovale.com.br\/portal\/?p=98664","title":{"rendered":"Luan Santana cancela show em Marilac por motivos de sa\u00fade"},"content":{"rendered":"<p>A LS Music, empresa respons\u00e1vel pela produ\u00e7\u00e3o do sertanejo Luan Santana, divulgou nota na tarde deste s\u00e1bado (08\/10\/2016) cancelando a apresenta\u00e7\u00e3o agendada para o in\u00edcio desta noite em Marilac (Vale do Rio Doce). O show estava marcado para a noite de ontem, mas o cantor foi internado em um hospital de S\u00e3o Paulo em decorr\u00eancia de uma laringite. <\/p>\n<p>A apresenta\u00e7\u00e3o foi transferida para o in\u00edcio da noite de hoje, mas como o artista n\u00e3o apresentou melhoras no quadro de sa\u00fade, a produ\u00e7\u00e3o optou pelo cancelamento. <em>&#8220;Informamos que, por motivo de for\u00e7a maior, devido ao estado de sa\u00fade do cantor Luan Santana, que n\u00e3o apresentou quadro de melhora para cumprir a agenda de shows, foram canceladas as apresenta\u00e7\u00f5es que aconteceriam em Marilac (MG), na XXII Festa do Cavalo, e no Villa Mix, em S\u00e3o Jos\u00e9 do Rio Preto, respectivamente \u00e0s 18h e 23h30 deste 08\/10. Contamos e agradecemos a compreens\u00e3o de todos.&#8221;<\/em>, diz nota assinada por Luan Santana e LS Music.<\/p>\n<p><strong>XXII Festa do Cavalo de Marilac<\/strong><\/p>\n<p>Apesar do cancelamento do show do cantor Luan Santana, a XXII Festa do Cavalo de Marilac acontecer\u00e1 normalmente neste final de semana. Conforme nota oficial divulgada pela prefeitura do munic\u00edpio, para este s\u00e1bado est\u00e3o previstos os shows com Guilherme &#038; Santiago e DJ Piu, al\u00e9m de rodeio profissional com locu\u00e7\u00e3o de Marco Brasil. No domingo (9\/10) acontecer\u00e1 o encerramento do rodeio.<\/p>\n<p>A Prefeitura Municipal de Marilac repercutiu a nota da LS Music e lamentou o cancelamento do show. <em>&#8220;Infelizmente n\u00e3o deu. Agradecemos a compreens\u00e3o de todos.&#8221;<\/em><\/p>\n<p>A empresa organizadora do evento tamb\u00e9m lamentou em nota divulgada em sua p\u00e1gina oficial. <em>&#8220;Infelizmente nos cabe o dever de informar que o estado de sa\u00fade do cantor Luan Santana se agravou ainda mais de ontem pra hoje. O empres\u00e1rio do artista acabou de nos ligar e avisar que infelizmente ter\u00e1 novamente que cancelar qualquer compromisso assumido pra essa data (Marilac\/MG e S\u00e3o Jos\u00e9 do Rio Preto\/SP). Lembramos que tomamos todas as provid\u00eancias para a realiza\u00e7\u00e3o do referido show, desde a recep\u00e7\u00e3o da equipe na cidade, montagem de cen\u00e1rio, mudan\u00e7as de estrat\u00e9gias para disponibilizar maior seguran\u00e7a e conforto ao p\u00fablico e etc&#8230; contudo, no que tange a sa\u00fade de algu\u00e9m n\u00f3s humanos n\u00e3o podemos controlar. Assim sendo, n\u00e3o haver\u00e1 o show do Luan Santana em Marilac neste s\u00e1bado dia 08\/10\/16. As demais programa\u00e7\u00f5es seguem normalmente.&#8221;<\/em>, informou a Batid\u00e3o Bruto.<\/p>\n<p><img decoding=\"async\" src=\"http:\/\/aconteceunovale.com.br\/portal\/wp-content\/uploads\/2016\/10\/luan_santana_marilac.jpg\" alt=\"\" \/><em>Luan Santana cancelou show em Marilac (Foto: Divulga\u00e7\u00e3o)<\/em><\/p>\n","protected":false},"excerpt":{"rendered":"<p>A LS Music, empresa respons\u00e1vel pela produ\u00e7\u00e3o do sertanejo Luan Santana, divulgou nota na tarde deste s\u00e1bado (08\/10\/2016) cancelando a apresenta\u00e7\u00e3o agendada para o in\u00edcio desta noite em Marilac (Vale do Rio Doce). O show estava marcado para a noite de ontem, mas o cantor foi internado em um hospital de S\u00e3o Paulo em decorr\u00eancia [&hellip;]<\/p>\n","protected":false},"author":1,"featured_media":98665,"comment_status":"open","ping_status":"closed","sticky":false,"template":"","format":"standard","meta":{"amp_status":"","footnotes":""},"categories":[125,121],"tags":[114848,114845,119556,119555,114840,114847,114842,114846,38592,119558,119557,119554,1018,119560,114836,114843,119553,16172,119565,119566,114834,114838,114837,119563,300,119562,119564,119561,58459,119559,114839,114841,114844,114835],"class_list":["post-98664","post","type-post","status-publish","format-standard","has-post-thumbnail","hentry","category-noticias","category-leste","tag-5o-rodeio-profissional-de-marilac","tag-agenda-festa-do-cavalo-de-marilac","tag-agenda-luan-santana-em-marilac","tag-apresentacao-de-luan-santana-em-marilac","tag-apresentacao-luan-santana-em-marilac","tag-atracoes-festa-do-cavalo-de-marilac","tag-bandas-festa-de-marilac","tag-bandas-festa-do-cavalo-de-marilac","tag-batidao-bruto","tag-cancelamento-de-apresentacoes-de-luan-santana","tag-cancelamento-de-shows-de-luan-santana","tag-cancelamento-do-show-de-luan-santana-em-marilac","tag-destaque","tag-estado-de-saude-de-luan-santana","tag-festa-do-cavalo-de-marilac","tag-festa-do-cavalo-de-marilac-2016","tag-ls-music","tag-luan-santana","tag-luan-santana-cancela-show-em-marilac-por-motivos-de-saude","tag-luan-santana-cancelou-show-em-marilac","tag-luan-santana-e-a-principal-atracao-da-xxii-festa-do-cavalo-de-marilac","tag-luan-santana-em-marilac","tag-luan-santana-na-festa-do-cavalo-de-marilac","tag-luan-santana-na-xxii-festa-do-cavalo","tag-marilac","tag-o-que-tem-luan-santana","tag-prefeitura-municipal-de-marilac","tag-quadro-de-saude-de-luan-santana","tag-sao-jose-do-rio-preto","tag-saude-de-luan-santana","tag-show-luan-santana-em-marilac","tag-shows-festa-de-marilac","tag-shows-festa-do-cavalo-de-marilac","tag-xxii-festa-do-cavalo-de-marilac"],"_links":{"self":[{"href":"https:\/\/aconteceunovale.com.br\/portal\/index.php?rest_route=\/wp\/v2\/posts\/98664","targetHints":{"allow":["GET"]}}],"collection":[{"href":"https:\/\/aconteceunovale.com.br\/portal\/index.php?rest_route=\/wp\/v2\/posts"}],"about":[{"href":"https:\/\/aconteceunovale.com.br\/portal\/index.php?rest_route=\/wp\/v2\/types\/post"}],"author":[{"embeddable":true,"href":"https:\/\/aconteceunovale.com.br\/portal\/index.php?rest_route=\/wp\/v2\/users\/1"}],"replies":[{"embeddable":true,"href":"https:\/\/aconteceunovale.com.br\/portal\/index.php?rest_route=%2Fwp%2Fv2%2Fcomments&post=98664"}],"version-history":[{"count":0,"href":"https:\/\/aconteceunovale.com.br\/portal\/index.php?rest_route=\/wp\/v2\/posts\/98664\/revisions"}],"wp:featuredmedia":[{"embeddable":true,"href":"https:\/\/aconteceunovale.com.br\/portal\/index.php?rest_route=\/wp\/v2\/media\/98665"}],"wp:attachment":[{"href":"https:\/\/aconteceunovale.com.br\/portal\/index.php?rest_route=%2Fwp%2Fv2%2Fmedia&parent=98664"}],"wp:term":[{"taxonomy":"category","embeddable":true,"href":"https:\/\/aconteceunovale.com.br\/portal\/index.php?rest_route=%2Fwp%2Fv2%2Fcategories&post=98664"},{"taxonomy":"post_tag","embeddable":true,"href":"https:\/\/aconteceunovale.com.br\/portal\/index.php?rest_route=%2Fwp%2Fv2%2Ftags&post=98664"}],"curies":[{"name":"wp","href":"https:\/\/api.w.org\/{rel}","templated":true}]}}