{"id":98659,"date":"2016-10-08T11:27:02","date_gmt":"2016-10-08T14:27:02","guid":{"rendered":"http:\/\/aconteceunovale.com.br\/portal\/?p=98659"},"modified":"2016-10-08T11:27:02","modified_gmt":"2016-10-08T14:27:02","slug":"policia-procura-suspeitos-de-homicidio-em-almenara-no-vale-do-jequitinhonha","status":"publish","type":"post","link":"https:\/\/aconteceunovale.com.br\/portal\/?p=98659","title":{"rendered":"Pol\u00edcia procura suspeitos de homic\u00eddio em Almenara, no Vale do Jequitinhonha"},"content":{"rendered":"<p>Um homem, que n\u00e3o teve a idade divulgada, foi assassinado no fim da noite dessa sexta-feira, 7 de outubro de 2016, no Residencial Monte das Oliveiras, em Almenara, no Vale do Jequitinhonha. De acordo com a Pol\u00edcia Militar (PM), por volta das 23h09, uma guarni\u00e7\u00e3o policial compareceu a Rua H, onde deparou com a v\u00edtima ca\u00edda no quintal de uma resid\u00eancia. <\/p>\n<p>O homem foi atingido por disparo de arma de fogo na regi\u00e3o da cabe\u00e7a e ainda apresentava sinais vitais. Uma equipe do Servi\u00e7o de Atendimento M\u00f3vel de Urg\u00eancia (SAMU) foi acionada e encaminhou a v\u00edtima para o Hospital Deraldo Guimar\u00e3es, mas ela n\u00e3o resistiu aos ferimentos e veio a \u00f3bito.<\/p>\n<p>Ainda segundo a PM, a v\u00edtima n\u00e3o portava nenhum documento de identifica\u00e7\u00e3o. Moradores relataram que o homem era desconhecido e havia aparecido no bairro h\u00e1 poucos dias, mas uma testemunha afirmou que teria ouvido pessoas chama-lo pelo nome Paulo e que este possu\u00eda sotaque baiano. <\/p>\n<p>A mesma testemunha tamb\u00e9m relatou ter ouvido cerca de oito tiros e ao sair de sua casa, chegou a ver cinco indiv\u00edduos sa\u00edrem correndo do local. A PM fez rastreamentos na regi\u00e3o, mas nenhum suspeito foi localizado. O crime ser\u00e1 investigado pela Pol\u00edcia Civil.<\/p>\n","protected":false},"excerpt":{"rendered":"<p>Um homem, que n\u00e3o teve a idade divulgada, foi assassinado no fim da noite dessa sexta-feira, 7 de outubro de 2016, no Residencial Monte das Oliveiras, em Almenara, no Vale do Jequitinhonha. De acordo com a Pol\u00edcia Militar (PM), por volta das 23h09, uma guarni\u00e7\u00e3o policial compareceu a Rua H, onde deparou com a v\u00edtima [&hellip;]<\/p>\n","protected":false},"author":1,"featured_media":90576,"comment_status":"open","ping_status":"closed","sticky":false,"template":"","format":"standard","meta":{"amp_status":"","footnotes":""},"categories":[120],"tags":[142,41503,119539,119538,26588,52244,119540,119537],"class_list":["post-98659","post","type-post","status-publish","format-standard","has-post-thumbnail","hentry","category-jequi","tag-almenara","tag-assassinato-em-almenara","tag-homem-morto-em-almenara","tag-homicidio-consumado-em-almenara","tag-homicidio-em-almenara","tag-morto-em-almenara","tag-policia-procura-suspeitos-de-homicidio-em-almenara","tag-vitima-de-homicidio-em-almenara"],"_links":{"self":[{"href":"https:\/\/aconteceunovale.com.br\/portal\/index.php?rest_route=\/wp\/v2\/posts\/98659","targetHints":{"allow":["GET"]}}],"collection":[{"href":"https:\/\/aconteceunovale.com.br\/portal\/index.php?rest_route=\/wp\/v2\/posts"}],"about":[{"href":"https:\/\/aconteceunovale.com.br\/portal\/index.php?rest_route=\/wp\/v2\/types\/post"}],"author":[{"embeddable":true,"href":"https:\/\/aconteceunovale.com.br\/portal\/index.php?rest_route=\/wp\/v2\/users\/1"}],"replies":[{"embeddable":true,"href":"https:\/\/aconteceunovale.com.br\/portal\/index.php?rest_route=%2Fwp%2Fv2%2Fcomments&post=98659"}],"version-history":[{"count":0,"href":"https:\/\/aconteceunovale.com.br\/portal\/index.php?rest_route=\/wp\/v2\/posts\/98659\/revisions"}],"wp:featuredmedia":[{"embeddable":true,"href":"https:\/\/aconteceunovale.com.br\/portal\/index.php?rest_route=\/wp\/v2\/media\/90576"}],"wp:attachment":[{"href":"https:\/\/aconteceunovale.com.br\/portal\/index.php?rest_route=%2Fwp%2Fv2%2Fmedia&parent=98659"}],"wp:term":[{"taxonomy":"category","embeddable":true,"href":"https:\/\/aconteceunovale.com.br\/portal\/index.php?rest_route=%2Fwp%2Fv2%2Fcategories&post=98659"},{"taxonomy":"post_tag","embeddable":true,"href":"https:\/\/aconteceunovale.com.br\/portal\/index.php?rest_route=%2Fwp%2Fv2%2Ftags&post=98659"}],"curies":[{"name":"wp","href":"https:\/\/api.w.org\/{rel}","templated":true}]}}