{"id":98651,"date":"2016-10-08T10:40:20","date_gmt":"2016-10-08T13:40:20","guid":{"rendered":"http:\/\/aconteceunovale.com.br\/portal\/?p=98651"},"modified":"2016-10-08T10:40:20","modified_gmt":"2016-10-08T13:40:20","slug":"dois-jovens-morrem-em-acidente-em-belo-oriente-no-leste-de-minas","status":"publish","type":"post","link":"https:\/\/aconteceunovale.com.br\/portal\/?p=98651","title":{"rendered":"Dois jovens morrem em acidente em Belo Oriente, no Leste de Minas"},"content":{"rendered":"<p>Dois jovens de 19 anos morreram em um grave acidente registrado no in\u00edcio da madrugada deste s\u00e1bado, 8 de outubro de 2016, na LMG-758, munic\u00edpio de Belo Oriente, no Vale do Rio Doce. Vitor da Silva Carvalho e Havner Lucas Assis Silva estavam em um GM\/Vectra GLS, placa GUV-8181, que capotou na altura do quil\u00f4metro 62 da rodovia, na sa\u00edda de Belo Oriente para A\u00e7ucena, pr\u00f3ximo ao Clube do Cavalo.<\/p>\n<p>De acordo com a Pol\u00edcia Militar Rodovi\u00e1ria (PMR), a causa presumida do acidente foi uma perda de controle direcional do ve\u00edculo. De acordo com o Corpo de Bombeiros, ap\u00f3s sair da pista, o carro colidiu contra uma \u00e1rvore, passou por cima de uma cerca e s\u00f3 parou em uma planta\u00e7\u00e3o de eucalipto da empresa Cenibra.<\/p>\n<p>A v\u00edtima Havner foi encontrada presa \u00e0s ferragens. J\u00e1 Victor foi arremessado para fora do ve\u00edculo. A equipe do Corpo de Bombeiros constatou os \u00f3bitos.<\/p>\n<p>A Per\u00edcia T\u00e9cnica da Pol\u00edcia Civil foi acionada e ap\u00f3s os trabalhos de praxe, os corpos foram removidos ao Instituto M\u00e9dico Legal (IML) em Ipatinga. As causas do acidente ser\u00e3o apuradas.<\/p>\n<p><img decoding=\"async\" src=\"http:\/\/aconteceunovale.com.br\/portal\/wp-content\/uploads\/2016\/10\/acidente_bo_vectra.jpeg\" alt=\"\" \/><em>Ve\u00edculo capotou no km 62 da LMG-758 (Foto: Corpo de Bombeiros\/Divulga\u00e7\u00e3o)<\/em><\/p>\n","protected":false},"excerpt":{"rendered":"<p>Dois jovens de 19 anos morreram em um grave acidente registrado no in\u00edcio da madrugada deste s\u00e1bado, 8 de outubro de 2016, na LMG-758, munic\u00edpio de Belo Oriente, no Vale do Rio Doce. Vitor da Silva Carvalho e Havner Lucas Assis Silva estavam em um GM\/Vectra GLS, placa GUV-8181, que capotou na altura do quil\u00f4metro [&hellip;]<\/p>\n","protected":false},"author":1,"featured_media":98652,"comment_status":"open","ping_status":"closed","sticky":false,"template":"","format":"standard","meta":{"amp_status":"","footnotes":""},"categories":[121],"tags":[119525,16176,94827,62875,119526,350,119522,119524,119521,119528,119523,119527],"class_list":["post-98651","post","type-post","status-publish","format-standard","has-post-thumbnail","hentry","category-leste","tag-acidente-com-vectra-em-belo-oriente","tag-acidente-em-belo-oriente","tag-acidente-na-lmg-758-em-belo-oriente","tag-acidente-perto-de-belo-oriente","tag-acidente-perto-do-clube-do-cavalo-em-belo-oriente","tag-belo-oriente","tag-capotamento-de-carro-em-belo-oriente","tag-capotamento-de-vectra-em-belo-oriente","tag-dois-jovens-morrem-em-acidente-em-belo-oriente","tag-havner-lucas-assis-silva","tag-mortes-em-acidente-em-belo-oriente","tag-vitor-da-silva-carvalho"],"_links":{"self":[{"href":"https:\/\/aconteceunovale.com.br\/portal\/index.php?rest_route=\/wp\/v2\/posts\/98651","targetHints":{"allow":["GET"]}}],"collection":[{"href":"https:\/\/aconteceunovale.com.br\/portal\/index.php?rest_route=\/wp\/v2\/posts"}],"about":[{"href":"https:\/\/aconteceunovale.com.br\/portal\/index.php?rest_route=\/wp\/v2\/types\/post"}],"author":[{"embeddable":true,"href":"https:\/\/aconteceunovale.com.br\/portal\/index.php?rest_route=\/wp\/v2\/users\/1"}],"replies":[{"embeddable":true,"href":"https:\/\/aconteceunovale.com.br\/portal\/index.php?rest_route=%2Fwp%2Fv2%2Fcomments&post=98651"}],"version-history":[{"count":0,"href":"https:\/\/aconteceunovale.com.br\/portal\/index.php?rest_route=\/wp\/v2\/posts\/98651\/revisions"}],"wp:featuredmedia":[{"embeddable":true,"href":"https:\/\/aconteceunovale.com.br\/portal\/index.php?rest_route=\/wp\/v2\/media\/98652"}],"wp:attachment":[{"href":"https:\/\/aconteceunovale.com.br\/portal\/index.php?rest_route=%2Fwp%2Fv2%2Fmedia&parent=98651"}],"wp:term":[{"taxonomy":"category","embeddable":true,"href":"https:\/\/aconteceunovale.com.br\/portal\/index.php?rest_route=%2Fwp%2Fv2%2Fcategories&post=98651"},{"taxonomy":"post_tag","embeddable":true,"href":"https:\/\/aconteceunovale.com.br\/portal\/index.php?rest_route=%2Fwp%2Fv2%2Ftags&post=98651"}],"curies":[{"name":"wp","href":"https:\/\/api.w.org\/{rel}","templated":true}]}}