{"id":98645,"date":"2016-10-07T23:04:29","date_gmt":"2016-10-08T02:04:29","guid":{"rendered":"http:\/\/aconteceunovale.com.br\/portal\/?p=98645"},"modified":"2016-10-07T23:04:29","modified_gmt":"2016-10-08T02:04:29","slug":"elisa-costa-e-ouvida-pela-justica-federal-em-audiencia-da-operacao-mar-de-lama","status":"publish","type":"post","link":"https:\/\/aconteceunovale.com.br\/portal\/?p=98645","title":{"rendered":"Elisa Costa \u00e9 ouvida pela Justi\u00e7a Federal em audi\u00eancia da Opera\u00e7\u00e3o Mar de Lama"},"content":{"rendered":"<p>A prefeita Elisa Costa (PT) compareceu \u00e0 Justi\u00e7a Federal na tarde desta sexta-feira (07\/10\/2016) como testemunha de defesa em audi\u00eancia de instru\u00e7\u00e3o do processo relacionado \u00e0 Opera\u00e7\u00e3o Mar de Lama, em Governador Valadares (MG). A chefe do Executivo Municipal \u00e9 uma das testemunhas de defesa do ex-diretor-geral do Servi\u00e7o Aut\u00f4nomo de \u00c1gua e Esgoto (SAAE), Omir Quintino.<\/p>\n<p>Desde segunda-feira (3), cerca de 10 r\u00e9us est\u00e3o sendo ouvidos pela Justi\u00e7a, bem como as suas respectivas testemunhas de defesa. Al\u00e9m do ex-diretor geral do SAAE, tamb\u00e9m j\u00e1 foram ouvidos o ex-diretor adjunto do SAAE, Vilmar Rios; o ex-secret\u00e1rio de Servi\u00e7os Urbanos, Marco Rios; a ex-diretora do Departamento de Limpeza Urbana, Juliana de Oliveira Alves Melo; o ex-secret\u00e1rio de Governo, Ranger Beliz\u00e1rio; o s\u00f3cio da empresa Pavotec, Djalma Flor\u00eancio e o empres\u00e1rio Seleme Hilel.<\/p>\n<p>Est\u00e3o sendo realizadas audi\u00eancias relativas aos inqu\u00e9ritos das tr\u00eas primeiras fases da opera\u00e7\u00e3o. Segundo o Minist\u00e9rio P\u00fablico Federal, as audi\u00eancias devem prosseguir at\u00e9 a pr\u00f3xima quinta-feira (13).<\/p>\n<p><img decoding=\"async\" src=\"http:\/\/aconteceunovale.com.br\/portal\/wp-content\/uploads\/2016\/06\/prefeita_elisa.jpg\" alt=\"\" \/><em>Elisa Costa \u00e9 testemunha de defesa de Omir Quintino (Divulga\u00e7\u00e3o)<\/em><br \/>\n<\/br><\/p>\n<p><em>(Fonte: G1 dos Vales)<\/em><\/p>\n","protected":false},"excerpt":{"rendered":"<p>A prefeita Elisa Costa (PT) compareceu \u00e0 Justi\u00e7a Federal na tarde desta sexta-feira (07\/10\/2016) como testemunha de defesa em audi\u00eancia de instru\u00e7\u00e3o do processo relacionado \u00e0 Opera\u00e7\u00e3o Mar de Lama, em Governador Valadares (MG). A chefe do Executivo Municipal \u00e9 uma das testemunhas de defesa do ex-diretor-geral do Servi\u00e7o Aut\u00f4nomo de \u00c1gua e Esgoto (SAAE), [&hellip;]<\/p>\n","protected":false},"author":1,"featured_media":90099,"comment_status":"open","ping_status":"closed","sticky":false,"template":"","format":"standard","meta":{"amp_status":"","footnotes":""},"categories":[121],"tags":[1886,119511,119506,119507,119508,247,65871,60056,758,2132],"class_list":["post-98645","post","type-post","status-publish","format-standard","has-post-thumbnail","hentry","category-leste","tag-elisa-costa","tag-elisa-costa-e-ouvida-pela-justica-federal","tag-elisa-costa-e-testemunha-de-defesa-de-omir-quintino","tag-elisa-costa-na-justica-federal","tag-elisa-costa-ouvida-na-justica-federal","tag-governador-valadares","tag-omir-quintino","tag-prefeita-de-governador-valadares","tag-pt","tag-saae"],"_links":{"self":[{"href":"https:\/\/aconteceunovale.com.br\/portal\/index.php?rest_route=\/wp\/v2\/posts\/98645","targetHints":{"allow":["GET"]}}],"collection":[{"href":"https:\/\/aconteceunovale.com.br\/portal\/index.php?rest_route=\/wp\/v2\/posts"}],"about":[{"href":"https:\/\/aconteceunovale.com.br\/portal\/index.php?rest_route=\/wp\/v2\/types\/post"}],"author":[{"embeddable":true,"href":"https:\/\/aconteceunovale.com.br\/portal\/index.php?rest_route=\/wp\/v2\/users\/1"}],"replies":[{"embeddable":true,"href":"https:\/\/aconteceunovale.com.br\/portal\/index.php?rest_route=%2Fwp%2Fv2%2Fcomments&post=98645"}],"version-history":[{"count":0,"href":"https:\/\/aconteceunovale.com.br\/portal\/index.php?rest_route=\/wp\/v2\/posts\/98645\/revisions"}],"wp:featuredmedia":[{"embeddable":true,"href":"https:\/\/aconteceunovale.com.br\/portal\/index.php?rest_route=\/wp\/v2\/media\/90099"}],"wp:attachment":[{"href":"https:\/\/aconteceunovale.com.br\/portal\/index.php?rest_route=%2Fwp%2Fv2%2Fmedia&parent=98645"}],"wp:term":[{"taxonomy":"category","embeddable":true,"href":"https:\/\/aconteceunovale.com.br\/portal\/index.php?rest_route=%2Fwp%2Fv2%2Fcategories&post=98645"},{"taxonomy":"post_tag","embeddable":true,"href":"https:\/\/aconteceunovale.com.br\/portal\/index.php?rest_route=%2Fwp%2Fv2%2Ftags&post=98645"}],"curies":[{"name":"wp","href":"https:\/\/api.w.org\/{rel}","templated":true}]}}