{"id":98630,"date":"2016-10-07T18:22:42","date_gmt":"2016-10-07T21:22:42","guid":{"rendered":"http:\/\/aconteceunovale.com.br\/portal\/?p=98630"},"modified":"2016-10-07T18:22:42","modified_gmt":"2016-10-07T21:22:42","slug":"governo-federal-reconhece-situacao-de-emergencia-em-mais-tres-municipios-do-vale-do-jequitinhonha","status":"publish","type":"post","link":"https:\/\/aconteceunovale.com.br\/portal\/?p=98630","title":{"rendered":"Governo Federal reconhece situa\u00e7\u00e3o de emerg\u00eancia em mais tr\u00eas munic\u00edpios do Vale do Jequitinhonha"},"content":{"rendered":"<p>O Minist\u00e9rio da Integra\u00e7\u00e3o Nacional reconheceu, nesta sexta-feira (07\/10\/2016), a situa\u00e7\u00e3o de emerg\u00eancia em 14 munic\u00edpios nos estados do Amazonas, Bahia, Minas Gerais, Sergipe, S\u00e3o Paulo e Tocantins. Com a medida, as cidades poder\u00e3o contar com benef\u00edcios oferecidos pelo Governo Federal. A Portaria foi publicada hoje no Di\u00e1rio Oficial da Uni\u00e3o (DOU).<\/p>\n<p>Em decorr\u00eancia da estiagem, foram reconhecidas 12 cidades: Iraquara, Livramento de Nossa Senhora, Po\u00e7\u00f5es e Santa Maria da Vit\u00f3ria, na Bahia; Divisa Alegre, Minas Novas, S\u00e3o Jo\u00e3o do Pacu\u00ed e Senador Modestino Gon\u00e7alves, em Minas Gerais; Canutama, Envira e Guajar\u00e1, no Amazonas; e Arraias, no Tocantins.<\/p>\n<p>J\u00e1 o munic\u00edpio de S\u00e3o Roque, em S\u00e3o Paulo, foi reconhecido pelo vendaval que atingiu a cidade. Em Sergipe, Ribeir\u00f3polis teve a situa\u00e7\u00e3o de emerg\u00eancia motivada pela seca.<\/p>\n<p>Al\u00e9m de viabilizar o fornecimento de \u00e1gua tratada para a popula\u00e7\u00e3o, por meio da Opera\u00e7\u00e3o Carro-Pipa Federal &#8211; da Secretaria Nacional de Prote\u00e7\u00e3o e Defesa Civil (Sedec) -, o reconhecimento permite que os munic\u00edpios tenham direito a outros benef\u00edcios, como a renegocia\u00e7\u00e3o de d\u00edvidas no setor de agricultura junto ao Banco do Brasil. Tamb\u00e9m \u00e9 poss\u00edvel obter a aquisi\u00e7\u00e3o de cestas b\u00e1sicas no Minist\u00e9rio do Desenvolvimento Social e Agr\u00e1rio e apoio do Banco Nacional de Desenvolvimento Econ\u00f4mico e Social (BNDES) para a retomada da atividade econ\u00f4mica nas regi\u00f5es afetadas. (MI)<\/p>\n","protected":false},"excerpt":{"rendered":"<p>O Minist\u00e9rio da Integra\u00e7\u00e3o Nacional reconheceu, nesta sexta-feira (07\/10\/2016), a situa\u00e7\u00e3o de emerg\u00eancia em 14 munic\u00edpios nos estados do Amazonas, Bahia, Minas Gerais, Sergipe, S\u00e3o Paulo e Tocantins. Com a medida, as cidades poder\u00e3o contar com benef\u00edcios oferecidos pelo Governo Federal. A Portaria foi publicada hoje no Di\u00e1rio Oficial da Uni\u00e3o (DOU). Em decorr\u00eancia da [&hellip;]<\/p>\n","protected":false},"author":1,"featured_media":88705,"comment_status":"open","ping_status":"closed","sticky":false,"template":"","format":"standard","meta":{"amp_status":"","footnotes":""},"categories":[120],"tags":[119465,119464,5259,91444,119475,119474,119479,119476,119477,119478,35326,119462,119463,137,1442,119466,32125,1701,91091,119471,119470,119472,119473,439,1372,44238,119467,119468,119469],"class_list":["post-98630","post","type-post","status-publish","format-standard","has-post-thumbnail","hentry","category-jequi","tag-arraias","tag-canutama","tag-divisa-alegre","tag-envira","tag-governo-federal-reconhece-situacao-de-emergencia-em-divisa-alegre","tag-governo-federal-reconhece-situacao-de-emergencia-em-mais-quatro-municipios-do-vale-do-jequitinhonha","tag-governo-federal-reconhece-situacao-de-emergencia-em-mais-tres-municipios-do-vale-do-jequitinhonha","tag-governo-federal-reconhece-situacao-de-emergencia-em-minas-novas","tag-governo-federal-reconhece-situacao-de-emergencia-em-sao-joao-do-pacui","tag-governo-federal-reconhece-situacao-de-emergencia-em-senador-modestino-goncalves","tag-guajara","tag-iraquara","tag-livramento-de-nossa-senhora","tag-minas-novas","tag-pocoes","tag-ribeiropolis","tag-santa-maria-da-vitoria","tag-sao-joao-do-pacui","tag-sao-roque","tag-seca-em-divisa-alegre","tag-seca-em-minas-novas","tag-seca-em-sao-joao-do-pacui","tag-seca-em-senador-modestino-goncalves","tag-senador-modestino-goncalves","tag-situacao-de-emergencia","tag-situacao-de-emergencia-em-divisa-alegre","tag-situacao-de-emergencia-em-minas-novas","tag-situacao-de-emergencia-em-sao-joao-do-pacui","tag-situacao-de-emergencia-em-senador-modestino-goncalves"],"_links":{"self":[{"href":"https:\/\/aconteceunovale.com.br\/portal\/index.php?rest_route=\/wp\/v2\/posts\/98630","targetHints":{"allow":["GET"]}}],"collection":[{"href":"https:\/\/aconteceunovale.com.br\/portal\/index.php?rest_route=\/wp\/v2\/posts"}],"about":[{"href":"https:\/\/aconteceunovale.com.br\/portal\/index.php?rest_route=\/wp\/v2\/types\/post"}],"author":[{"embeddable":true,"href":"https:\/\/aconteceunovale.com.br\/portal\/index.php?rest_route=\/wp\/v2\/users\/1"}],"replies":[{"embeddable":true,"href":"https:\/\/aconteceunovale.com.br\/portal\/index.php?rest_route=%2Fwp%2Fv2%2Fcomments&post=98630"}],"version-history":[{"count":0,"href":"https:\/\/aconteceunovale.com.br\/portal\/index.php?rest_route=\/wp\/v2\/posts\/98630\/revisions"}],"wp:featuredmedia":[{"embeddable":true,"href":"https:\/\/aconteceunovale.com.br\/portal\/index.php?rest_route=\/wp\/v2\/media\/88705"}],"wp:attachment":[{"href":"https:\/\/aconteceunovale.com.br\/portal\/index.php?rest_route=%2Fwp%2Fv2%2Fmedia&parent=98630"}],"wp:term":[{"taxonomy":"category","embeddable":true,"href":"https:\/\/aconteceunovale.com.br\/portal\/index.php?rest_route=%2Fwp%2Fv2%2Fcategories&post=98630"},{"taxonomy":"post_tag","embeddable":true,"href":"https:\/\/aconteceunovale.com.br\/portal\/index.php?rest_route=%2Fwp%2Fv2%2Ftags&post=98630"}],"curies":[{"name":"wp","href":"https:\/\/api.w.org\/{rel}","templated":true}]}}