{"id":98625,"date":"2016-10-07T17:43:23","date_gmt":"2016-10-07T20:43:23","guid":{"rendered":"http:\/\/aconteceunovale.com.br\/portal\/?p=98625"},"modified":"2016-10-07T17:43:23","modified_gmt":"2016-10-07T20:43:23","slug":"comercio-aposta-em-liquidacoes-para-atrair-o-consumidor-no-dia-das-criancas","status":"publish","type":"post","link":"https:\/\/aconteceunovale.com.br\/portal\/?p=98625","title":{"rendered":"Com\u00e9rcio aposta em liquida\u00e7\u00f5es para atrair o consumidor no Dia das Crian\u00e7as"},"content":{"rendered":"<p>O Dia das Crian\u00e7as se aproxima. Comemorada no dia 12 de outubro, a data \u00e9 considerada uma das mais importantes para o com\u00e9rcio varejista no segundo semestre, em raz\u00e3o do forte apelo emocional. Para avaliar as expectativas dos empres\u00e1rios do com\u00e9rcio e do consumidor, a \u00e1rea de Estudos Econ\u00f4micos da Fecom\u00e9rcio MG realizou uma pesquisa em Belo Horizonte, que apontou como as lojas devem se preparar para a data e a pretens\u00e3o de compra do consumidor. No total, 380 empresas foram entrevistadas e 399 pessoas responderam sobre sua inten\u00e7\u00e3o de consumo.<\/p>\n<p><strong>Expectativa dos Empres\u00e1rios<\/strong><\/p>\n<p>A pesquisa apontou que o per\u00edodo gera um impacto positivo para 31,3% das empresas do com\u00e9rcio varejista da cidade. Isso ocorre em diversos segmentos, tais como: brinquedos; livros, jornais, revistas e papelaria; outros artigos de uso pessoal e dom\u00e9stico; tecido, vestu\u00e1rio e cal\u00e7ados, supermercados, hipermercados e demais produtos aliment\u00edcios.<\/p>\n<p>Dentre as empresas que s\u00e3o impactadas pela data na cidade, aproximadamente 60% acreditam que as vendas este ano ser\u00e3o iguais ou melhores que as do ano passado. Para melhorar as vendas no per\u00edodo, 58,8% pretendem investir em promo\u00e7\u00f5es e liquida\u00e7\u00f5es para atrair o consumidor; 20,2% far\u00e3o a\u00e7\u00f5es para melhorar a visibilidade da loja; 15,1% buscar\u00e3o investir em propaganda; 9,2% pretendem utilizar outras op\u00e7\u00f5es; 5,9% ir\u00e3o oferecer um atendimento diferenciado; 4,2% pretendem fazer uma diversifica\u00e7\u00e3o do mix de produtos e 3,4% dos empres\u00e1rios pretendem investir em brindes.<\/p>\n<p><strong>Inten\u00e7\u00e3o de Consumo<\/strong><\/p>\n<p>Em 2016, 51,8% dos consumidores pretendem presentear. Os itens mais procurados para a data ser\u00e3o os Brinquedos (48,3%), Roupas (34,8%), Cal\u00e7ados (9,2%), Chocolates\/Doces (8,7%), Lembrancinha (4,8%), Eletroeletr\u00f4nicos e Jogos (4,8%) e outras op\u00e7\u00f5es (2,5%). Os principais est\u00edmulos para os consumidores irem \u00e0s compras s\u00e3o as Promo\u00e7\u00f5es (63,3%), Pre\u00e7os Reduzidos (33,3%), Variedade de Marcas e Produtos (21,3%), Atendimento Diferenciado (15,5%), Facilidade de Pagamento (6,8%), Visibilidade da Loja (3,9%), e Prazos Dilatados (1,0%).<\/p>\n<p>Dentre os fatores que devem inibir as vendas, est\u00e3o: Pre\u00e7os Altos (76,8%),  Atendimento Prec\u00e1rio (22,7%), Pouca variedade de produtos (19,8%), Prefer\u00eancia por gastar em outras ocasi\u00f5es (1,9%) e Lojas cheias (1,4%).<\/p>\n<p>Segundo a pesquisa, mais da metade dos consumidores que ir\u00e3o presentar pretendem ir \u00e0s compras na semana do Dia das Crian\u00e7as (52,4%) refor\u00e7ando o perfil do consumidor brasileiro, de deixar tudo para a \u00faltima hora.<\/p>\n<p>Para o presidente do Sindicom\u00e9rcio Governador Valadares, Herc\u00edlio Ara\u00fajo Diniz Filho, o momento \u00e9 ideal para estimular o consumidor, e refor\u00e7ar a necessidade da qualifica\u00e7\u00e3o da equipe. \u201cO Dia das Crian\u00e7as \u00e9 uma data que j\u00e1 prepara o mercado para as festas natalinas. \u00c9 quando surgem as primeiras contrata\u00e7\u00f5es tempor\u00e1rias e o com\u00e9rcio volta a ganhar f\u00f4lego. O empres\u00e1rio que quiser se destacar dever\u00e1 tra\u00e7ar estrat\u00e9gias para atrair o consumidor, melhorar a visibilidade da loja, e lan\u00e7ar campanhas promocionais\u201d, ressalta.<\/p>\n<p><em>(Aline Figueiredo\/Sindicom\u00e9rcio Governador Valadares)<\/em><\/p>\n","protected":false},"excerpt":{"rendered":"<p>O Dia das Crian\u00e7as se aproxima. Comemorada no dia 12 de outubro, a data \u00e9 considerada uma das mais importantes para o com\u00e9rcio varejista no segundo semestre, em raz\u00e3o do forte apelo emocional. Para avaliar as expectativas dos empres\u00e1rios do com\u00e9rcio e do consumidor, a \u00e1rea de Estudos Econ\u00f4micos da Fecom\u00e9rcio MG realizou uma pesquisa [&hellip;]<\/p>\n","protected":false},"author":1,"featured_media":98626,"comment_status":"open","ping_status":"closed","sticky":false,"template":"","format":"standard","meta":{"amp_status":"","footnotes":""},"categories":[121],"tags":[119453,119451,18420,119459,119456,119457,98317,98323,119460,119452,119458,119455,98322,119454],"class_list":["post-98625","post","type-post","status-publish","format-standard","has-post-thumbnail","hentry","category-leste","tag-atrair-o-consumidor-no-dia-das-criancas","tag-comercio-aposta-em-liquidacoes-para-atrair-o-consumidor-no-dia-das-criancas","tag-dia-das-criancas","tag-dia-das-criancas-2016","tag-expectativa-dos-empresarios","tag-expectativa-dos-empresarios-para-o-dia-das-criancas","tag-fecomercio-mg","tag-hercilio-araujo-diniz-filho","tag-intencao-de-consumo-para-o-dia-das-criancas","tag-liquidacoes-para-atrair-o-consumidor-no-dia-das-criancas","tag-pesquisa-sobre-vendas-no-dia-das-criancas","tag-presentes-para-o-dia-das-criancas","tag-presidente-do-sindicomercio-governador-valadares","tag-vendas-para-o-dia-das-criancas"],"_links":{"self":[{"href":"https:\/\/aconteceunovale.com.br\/portal\/index.php?rest_route=\/wp\/v2\/posts\/98625","targetHints":{"allow":["GET"]}}],"collection":[{"href":"https:\/\/aconteceunovale.com.br\/portal\/index.php?rest_route=\/wp\/v2\/posts"}],"about":[{"href":"https:\/\/aconteceunovale.com.br\/portal\/index.php?rest_route=\/wp\/v2\/types\/post"}],"author":[{"embeddable":true,"href":"https:\/\/aconteceunovale.com.br\/portal\/index.php?rest_route=\/wp\/v2\/users\/1"}],"replies":[{"embeddable":true,"href":"https:\/\/aconteceunovale.com.br\/portal\/index.php?rest_route=%2Fwp%2Fv2%2Fcomments&post=98625"}],"version-history":[{"count":0,"href":"https:\/\/aconteceunovale.com.br\/portal\/index.php?rest_route=\/wp\/v2\/posts\/98625\/revisions"}],"wp:featuredmedia":[{"embeddable":true,"href":"https:\/\/aconteceunovale.com.br\/portal\/index.php?rest_route=\/wp\/v2\/media\/98626"}],"wp:attachment":[{"href":"https:\/\/aconteceunovale.com.br\/portal\/index.php?rest_route=%2Fwp%2Fv2%2Fmedia&parent=98625"}],"wp:term":[{"taxonomy":"category","embeddable":true,"href":"https:\/\/aconteceunovale.com.br\/portal\/index.php?rest_route=%2Fwp%2Fv2%2Fcategories&post=98625"},{"taxonomy":"post_tag","embeddable":true,"href":"https:\/\/aconteceunovale.com.br\/portal\/index.php?rest_route=%2Fwp%2Fv2%2Ftags&post=98625"}],"curies":[{"name":"wp","href":"https:\/\/api.w.org\/{rel}","templated":true}]}}