{"id":98622,"date":"2016-10-07T17:25:12","date_gmt":"2016-10-07T20:25:12","guid":{"rendered":"http:\/\/aconteceunovale.com.br\/portal\/?p=98622"},"modified":"2016-10-07T17:25:12","modified_gmt":"2016-10-07T20:25:12","slug":"estudantes-do-norte-de-minas-vao-apresentar-projetos-em-feira-de-tecnologia-em-belo-horizonte","status":"publish","type":"post","link":"https:\/\/aconteceunovale.com.br\/portal\/?p=98622","title":{"rendered":"Estudantes do Norte de Minas v\u00e3o apresentar projetos em feira de tecnologia em Belo Horizonte"},"content":{"rendered":"<p>Belo Horizonte recebe, nos dias 20 e 21 de outubro, a quarta edi\u00e7\u00e3o da Feira de Ci\u00eancias e Inova\u00e7\u00f5es Tecnol\u00f3gicas (Feicintec), na sede do Conselho Regional de Engenharia e Agronomia de Minas Gerais (Crea-Minas). Cerca de 100 alunos do ensino superior e t\u00e9cnico de todo o estado v\u00e3o apresentar 35 projetos inovadores na \u00e1rea tecnol\u00f3gica. Os trabalhos foram selecionados entre os 127 inscritos vindos de 43 institui\u00e7\u00f5es de ensino de Minas. Com diversas atividades gratuitas, o evento vai abordar ainda o incentivo \u00e0 inova\u00e7\u00e3o por meio de palestras, demonstra\u00e7\u00e3o de prot\u00f3tipos e minicursos.<\/p>\n<p>Dentre os prot\u00f3tipos que ser\u00e3o expostos est\u00e3o trabalhos de estudantes da Regional Norte do Crea-Minas, como o \u201cAplicativo m\u00f3vel para controle e monitoramento e recursos h\u00eddricos na agricultura \u2013 Agrowet\u201d, da Facit, de Montes Claros, o \u201cUso do biopol\u00edmero quitosana no reaproveitamento de res\u00edduos de lapid\u00e1rios visando obten\u00e7\u00e3o de material cer\u00e2mico\u201d, da UFVJM, de Diamantina, e o \u201cEstudo da variabilidade do solo de Curvelo-MG\u201d, do Cefet, de Curvelo. Os cinco primeiros colocados ser\u00e3o premiados com valores entre R$ 4 mil e R$ 12 mil, os demais receber\u00e3o men\u00e7\u00e3o honrosa. Veja no link <a href=\"http:\/\/feicintec.crea-mg.org.br\" target=\"_blank\">http:\/\/feicintec.crea-mg.org.br<\/a> a lista completa dos projetos classificados.<\/p>\n<p>Segundo o presidente do Crea-Minas, engenheiro civil Jobson Andrade, a Feicintec tem como objetivos incentivar a cria\u00e7\u00e3o, o planejamento e a execu\u00e7\u00e3o de projetos, al\u00e9m de despertar novas voca\u00e7\u00f5es em estudantes de cursos da \u00e1rea tecnol\u00f3gica.<\/p>\n<p><strong>Engrenagem Corporativa<\/strong><\/p>\n<p>Simultaneamente \u00e0 Feicintec, ser\u00e1 realizada a Engrenagem Corporativa, uma feira empresarial que vai reunir institui\u00e7\u00f5es de ensino, estudantes e empresas da \u00e1rea tecnol\u00f3gica de Minas Gerais. Em estandes montados pelas companhias, os estudantes poder\u00e3o se informar sobre os processos seletivos de est\u00e1gio e trainee, al\u00e9m de informa\u00e7\u00f5es sobre os dados produtivos da organiza\u00e7\u00e3o. Haver\u00e1 um quiosque central onde os visitantes poder\u00e3o deixar seus curr\u00edculos para oportunidades futuras de emprego.<\/p>\n<p>Entre as atividades, a Vale, por exemplo, far\u00e1 uma apresenta\u00e7\u00e3o interativa em 3D que simula um sobrevoo no quadril\u00e1tero ferr\u00edfero, sem sair da feira.  As vagas para esta atividade ser\u00e3o limitadas, j\u00e1 a visita\u00e7\u00e3o \u00e0 Feicintec ser\u00e1 aberta ao p\u00fablico. Confira abaixo a programa\u00e7\u00e3o completa.<\/p>\n<p><strong>4\u00aa Feicintec &#8211; Feira de Ci\u00eancias e Inova\u00e7\u00f5es Tecnol\u00f3gicas do Crea-Minas<\/strong><\/p>\n<p><strong>Engrenagem Corporativa \u2013 Feira Empresarial<\/strong><\/p>\n<p>PROGRAMA\u00c7\u00c3O<\/p>\n<p><strong>20 de outubro de 2016<\/strong><\/p>\n<p>14h &#8211; Hall 1\u00ba Subsolo: Abertura Solene:  4\u00aa Feicintec \u2013 Feira de Ci\u00eancias e Inova\u00e7\u00f5es Tecnol\u00f3gicas \/ Engrenagem Corporativa \u2013 Feira Empresarial \/ por eng. civil Jobson Andrade Presidente do Crea-Minas<\/p>\n<p>14h30 \u00e0s 17h \u2013 Visita\u00e7\u00e3o aberta ao p\u00fablico<\/p>\n<p>17h15 &#8211; Audit\u00f3rio do Crea-Minas &#8211; 1\u00ba subsolo &#8211; Palestra: Gest\u00e3o de Propriedade Intelectual \/ por Tenille Souza Rodrigues. Gestora de Propriedade Intelectual; Analista de Gest\u00e3o Tecnol\u00f3gica do Instituto Euvaldo Lodi \u2013 IEL \/ FIEMG <\/p>\n<p>18h15 \u2013 \u00c1rea externa \u2013 1\u00ba subsolo &#8211; Apresenta\u00e7\u00e3o: Engenharia do S\u00e9culo XXI: Drones e impressora 3D \/ por eng. mec\u00e2nico \u00cdtalo Coutinho, MSc, PMP                           <\/p>\n<p><strong>21 de outubro de 2016<\/strong><\/p>\n<p>09h \u00e0s 17h &#8211; Sal\u00e3o Nobre &#8211; Hall 1\u00ba subsolo &#8211; Visita\u00e7\u00e3o \u00e0s feiras: 4\u00aa Feicintec e Engrenagem Corporativa &#8211; Feira Empresarial<\/p>\n<p>09 \u00e0s 11h \u2013 Plen\u00e1rio do Crea-Minas \u2013 6\u00ba andar &#8211; Minicurso: Empreendedorismo e Intraempreendedorismo &#8211; por eng. eletricista Gilvan Silva &#8211; Coach e Consultor; Presidente da International Coach Federation (ICF) \u2013 Cap\u00edtulo Minas; Diretor Executivo da Valorizarte Desenvolvimento Empresarial e Profissional<\/p>\n<p>14h \u00e0s 16h  \u2013 Audit\u00f3rio do Crea-Minas \u2013 1\u00ba subsolo \/ Apresenta\u00e7\u00e3o em 3D: Sobrevoo no Quadril\u00e1tero Ferr\u00edfero (30\u00b4 cada sess\u00e3o) \/ por eng. de minas Christiane Cantagalli de Oliveira Malheiros \u2013 Vale S\/A<\/p>\n<p>14h30 \u00e0s 16h &#8211; Plen\u00e1rio do Crea-Minas \u2013 6\u00ba andar &#8211; Minicurso: Criatividade e Mercado de Trabalho &#8211; por Raquel de Souza Coelho &#8211; Master Coach Empresarial<\/p>\n<p>18h &#8211; Audit\u00f3rio do Crea-Minas \u2013 1\u00ba subsolo \/ Lan\u00e7amento da 2\u00aa edi\u00e7\u00e3o da Revista V\u00e9rtice T\u00e9cnica \/ Entrega do Selo de Qualidade \u00e0s Institui\u00e7\u00f5es de Ensino \/ Homenagem:  Engrenagem Corporativa \u2013 Feira Empresarial e Premia\u00e7\u00e3o da 4\u00aa Feicintec &#8211; por eng. civil Jobson Andrade &#8211; Presidente do Crea-Minas<\/p>\n<p><em>(Iane Chaves \/ Crea-Minas)<\/em><\/p>\n","protected":false},"excerpt":{"rendered":"<p>Belo Horizonte recebe, nos dias 20 e 21 de outubro, a quarta edi\u00e7\u00e3o da Feira de Ci\u00eancias e Inova\u00e7\u00f5es Tecnol\u00f3gicas (Feicintec), na sede do Conselho Regional de Engenharia e Agronomia de Minas Gerais (Crea-Minas). Cerca de 100 alunos do ensino superior e t\u00e9cnico de todo o estado v\u00e3o apresentar 35 projetos inovadores na \u00e1rea tecnol\u00f3gica. [&hellip;]<\/p>\n","protected":false},"author":1,"featured_media":98623,"comment_status":"open","ping_status":"closed","sticky":false,"template":"","format":"standard","meta":{"amp_status":"","footnotes":""},"categories":[40238],"tags":[119449,194,24161,465,119447,119450,24158,119448,24162],"class_list":["post-98622","post","type-post","status-publish","format-standard","has-post-thumbnail","hentry","category-educacao-2","tag-4a-feicintec","tag-belo-horizonte","tag-conselho-regional-de-engenharia-e-agronomia-de-minas-gerais","tag-crea-minas","tag-engrenagem-corporativa","tag-estudantes-do-norte-de-minas-vao-apresentar-projetos-em-feira-de-tecnologia-em-belo-horizonte","tag-feicintec","tag-feicintec-2016","tag-feira-de-ciencias-e-inovacoes-tecnologicas"],"_links":{"self":[{"href":"https:\/\/aconteceunovale.com.br\/portal\/index.php?rest_route=\/wp\/v2\/posts\/98622","targetHints":{"allow":["GET"]}}],"collection":[{"href":"https:\/\/aconteceunovale.com.br\/portal\/index.php?rest_route=\/wp\/v2\/posts"}],"about":[{"href":"https:\/\/aconteceunovale.com.br\/portal\/index.php?rest_route=\/wp\/v2\/types\/post"}],"author":[{"embeddable":true,"href":"https:\/\/aconteceunovale.com.br\/portal\/index.php?rest_route=\/wp\/v2\/users\/1"}],"replies":[{"embeddable":true,"href":"https:\/\/aconteceunovale.com.br\/portal\/index.php?rest_route=%2Fwp%2Fv2%2Fcomments&post=98622"}],"version-history":[{"count":0,"href":"https:\/\/aconteceunovale.com.br\/portal\/index.php?rest_route=\/wp\/v2\/posts\/98622\/revisions"}],"wp:featuredmedia":[{"embeddable":true,"href":"https:\/\/aconteceunovale.com.br\/portal\/index.php?rest_route=\/wp\/v2\/media\/98623"}],"wp:attachment":[{"href":"https:\/\/aconteceunovale.com.br\/portal\/index.php?rest_route=%2Fwp%2Fv2%2Fmedia&parent=98622"}],"wp:term":[{"taxonomy":"category","embeddable":true,"href":"https:\/\/aconteceunovale.com.br\/portal\/index.php?rest_route=%2Fwp%2Fv2%2Fcategories&post=98622"},{"taxonomy":"post_tag","embeddable":true,"href":"https:\/\/aconteceunovale.com.br\/portal\/index.php?rest_route=%2Fwp%2Fv2%2Ftags&post=98622"}],"curies":[{"name":"wp","href":"https:\/\/api.w.org\/{rel}","templated":true}]}}