{"id":98617,"date":"2016-10-07T16:40:31","date_gmt":"2016-10-07T19:40:31","guid":{"rendered":"http:\/\/aconteceunovale.com.br\/portal\/?p=98617"},"modified":"2016-10-07T16:40:31","modified_gmt":"2016-10-07T19:40:31","slug":"luan-santana-avioes-e-parangole-na-16a-festa-da-manga-de-itaobim","status":"publish","type":"post","link":"https:\/\/aconteceunovale.com.br\/portal\/?p=98617","title":{"rendered":"Luan Santana, Avi\u00f5es e Parangol\u00e9 na 16\u00aa Festa da Manga de Itaobim"},"content":{"rendered":"<p>De 12 a 14 de novembro acontece no Parque de Exposi\u00e7\u00f5es de Itaobim (MG) o maior festival da regi\u00e3o do M\u00e9dio e Baixo Jequitinhonha. A 16\u00aa Festa da Manga ter\u00e1 como atra\u00e7\u00f5es principais Luan Santana, Avi\u00f5es do Forr\u00f3 e Parangol\u00e9. De acordo com os organizadores, a venda de ingressos ser\u00e1 iniciada na pr\u00f3xima segunda-feira, dia 10 de outubro. Outras informa\u00e7\u00f5es atrav\u00e9s do telefone (33) 3734-2742.<\/p>\n<p><img decoding=\"async\" src=\"http:\/\/aconteceunovale.com.br\/portal\/wp-content\/uploads\/2016\/10\/festa_da_manga_2016_2.jpg\" alt=\"\" \/><img decoding=\"async\" src=\"http:\/\/aconteceunovale.com.br\/portal\/wp-content\/uploads\/2016\/10\/festa_da_manga_2016_3.jpg\" alt=\"\" \/><\/p>\n","protected":false},"excerpt":{"rendered":"<p>De 12 a 14 de novembro acontece no Parque de Exposi\u00e7\u00f5es de Itaobim (MG) o maior festival da regi\u00e3o do M\u00e9dio e Baixo Jequitinhonha. A 16\u00aa Festa da Manga ter\u00e1 como atra\u00e7\u00f5es principais Luan Santana, Avi\u00f5es do Forr\u00f3 e Parangol\u00e9. De acordo com os organizadores, a venda de ingressos ser\u00e1 iniciada na pr\u00f3xima segunda-feira, dia [&hellip;]<\/p>\n","protected":false},"author":1,"featured_media":98618,"comment_status":"open","ping_status":"closed","sticky":false,"template":"","format":"standard","meta":{"amp_status":"","footnotes":""},"categories":[125,120],"tags":[119437,119441,119438,119444,119439,22834,119446,119445,391,119442,119443,119440],"class_list":["post-98617","post","type-post","status-publish","format-standard","has-post-thumbnail","hentry","category-noticias","category-jequi","tag-16a-festa-da-manga-de-itaobim","tag-agenda-festa-da-manga-de-itaobim","tag-atracoes-festa-da-manga-de-itaobim","tag-avioes-na-festa-da-manga-de-itaobim","tag-bandas-festa-da-manga-de-itaobim","tag-festa-da-manga-de-itaobim","tag-festival-beleza-beleza","tag-festival-blz-blz","tag-itaobim","tag-luan-santana-na-festa-da-manga-de-itaobim","tag-parangole-na-festa-da-manga-de-itaobim","tag-shows-festa-da-manga-de-itaobim"],"_links":{"self":[{"href":"https:\/\/aconteceunovale.com.br\/portal\/index.php?rest_route=\/wp\/v2\/posts\/98617","targetHints":{"allow":["GET"]}}],"collection":[{"href":"https:\/\/aconteceunovale.com.br\/portal\/index.php?rest_route=\/wp\/v2\/posts"}],"about":[{"href":"https:\/\/aconteceunovale.com.br\/portal\/index.php?rest_route=\/wp\/v2\/types\/post"}],"author":[{"embeddable":true,"href":"https:\/\/aconteceunovale.com.br\/portal\/index.php?rest_route=\/wp\/v2\/users\/1"}],"replies":[{"embeddable":true,"href":"https:\/\/aconteceunovale.com.br\/portal\/index.php?rest_route=%2Fwp%2Fv2%2Fcomments&post=98617"}],"version-history":[{"count":0,"href":"https:\/\/aconteceunovale.com.br\/portal\/index.php?rest_route=\/wp\/v2\/posts\/98617\/revisions"}],"wp:featuredmedia":[{"embeddable":true,"href":"https:\/\/aconteceunovale.com.br\/portal\/index.php?rest_route=\/wp\/v2\/media\/98618"}],"wp:attachment":[{"href":"https:\/\/aconteceunovale.com.br\/portal\/index.php?rest_route=%2Fwp%2Fv2%2Fmedia&parent=98617"}],"wp:term":[{"taxonomy":"category","embeddable":true,"href":"https:\/\/aconteceunovale.com.br\/portal\/index.php?rest_route=%2Fwp%2Fv2%2Fcategories&post=98617"},{"taxonomy":"post_tag","embeddable":true,"href":"https:\/\/aconteceunovale.com.br\/portal\/index.php?rest_route=%2Fwp%2Fv2%2Ftags&post=98617"}],"curies":[{"name":"wp","href":"https:\/\/api.w.org\/{rel}","templated":true}]}}