{"id":98570,"date":"2016-10-06T23:11:00","date_gmt":"2016-10-07T02:11:00","guid":{"rendered":"http:\/\/aconteceunovale.com.br\/portal\/?p=98570"},"modified":"2016-10-06T23:11:00","modified_gmt":"2016-10-07T02:11:00","slug":"policial-baleado-no-municipio-de-turmalina-passa-por-cirurgia-em-hospital-de-bh","status":"publish","type":"post","link":"https:\/\/aconteceunovale.com.br\/portal\/?p=98570","title":{"rendered":"Policial baleado no munic\u00edpio de Turmalina passa por cirurgia em hospital de BH"},"content":{"rendered":"<p>O escriv\u00e3o da Pol\u00edcia Civil, Allan Ferreira Couto, de 30 anos, baleado durante opera\u00e7\u00e3o em Turmalina, no Vale do Jequitinhonha, foi submetido a uma cirurgia na noite desta quinta-feira (06\/10\/2016) no Hospital de Pronto-Socorro Jo\u00e3o XXIII, em Belo Horizonte. O estado de sa\u00fade dele \u00e9 grave. <\/p>\n<p>Em opera\u00e7\u00e3o conjunta de policiais civis e militares, Allan estava ao volante de uma viatura, quando houve troca de tiros com os quatro bandidos que, na manh\u00e3 dessa quarta-feira, atacaram a fazenda do pai do ex-investidor Thales Emanuelle Maioline, de 40, que ficou conhecido como o Madoff mineiro, depois de aplicar golpes no mercado financeiro.<\/p>\n<p>Os bandidos, que se passaram por policiais, renderam Thales e seu pai, e fugiram com o carro dele, um Chevrolet Cruze. O ve\u00edculo e os suspeitos foram vistos na \u00e1rea rural de Turmalina, no Distrito Ca\u00e7aratiba, no come\u00e7o da tarde. Policiais civis e militares que realizavam cerco aos assaltantes, seguiram para o local e, quando se depararam com os criminosos na estrada de acesso ao distrito, foram recebidos a tiros. <\/p>\n<p>No fim da tarde, Allan foi transferido para a capital no avi\u00e3o Pegasus 12 da Pol\u00edcia Militar, com acompanhamento de m\u00e9dicos intensivista e neurologista. A aeronave pousou no come\u00e7o da noite desta quinta-feira no aeroporto da Pampulha e o policial foi levado em ambul\u00e2ncia UTI para o Hospital Jo\u00e3o XXIII.<\/p>\n<p><img decoding=\"async\" src=\"http:\/\/aconteceunovale.com.br\/portal\/wp-content\/uploads\/2016\/10\/pc_baleado_turmalina_1.jpg\" alt=\"\" \/><em>Allan Ferreira Couto \u00e9 natural de Ara\u00e7ua\u00ed (Foto: Reprodu\u00e7\u00e3o\/Facebook)<\/em><br \/>\n<\/br><\/p>\n<p><em>(Fonte: Estado de Minas)<\/em><\/p>\n","protected":false},"excerpt":{"rendered":"<p>O escriv\u00e3o da Pol\u00edcia Civil, Allan Ferreira Couto, de 30 anos, baleado durante opera\u00e7\u00e3o em Turmalina, no Vale do Jequitinhonha, foi submetido a uma cirurgia na noite desta quinta-feira (06\/10\/2016) no Hospital de Pronto-Socorro Jo\u00e3o XXIII, em Belo Horizonte. O estado de sa\u00fade dele \u00e9 grave. Em opera\u00e7\u00e3o conjunta de policiais civis e militares, Allan [&hellip;]<\/p>\n","protected":false},"author":1,"featured_media":98516,"comment_status":"open","ping_status":"closed","sticky":false,"template":"","format":"standard","meta":{"amp_status":"","footnotes":""},"categories":[120],"tags":[119277,119275,116923,119276,119274,119273,186,33634,119180,119178,116922,8347,1018,57935,116928,6334,119182,119278,119279,119314,119341,119284,119283,119281,119280,119282,48601,119181,119179,58074,178],"class_list":["post-98570","post","type-post","status-publish","format-standard","has-post-thumbnail","hentry","category-jequi","tag-alan-couto","tag-alan-ferreira-couto","tag-aldeir-souza-jardim","tag-allan-couto","tag-allan-ferreira-couto","tag-alvaro-diego-de-souza-mendes","tag-aracuai","tag-assalto-em-aracuai","tag-assalto-madoff-mineiro","tag-assalto-thales-maioline","tag-cacio-tiago-rodrigues","tag-cleberson-vieira-chaves","tag-destaque","tag-firv-consultoria-e-administracao-de-recursos-financeiros","tag-jonathan-pinheiro-tavares","tag-madoff-mineiro","tag-madoff-mineiro-e-vitima-de-assalto-em-aracuai","tag-policial-baleado-em-cacaratiba","tag-policial-baleado-em-turmalina","tag-policial-baleado-no-municipio-de-turmalina-e-transferido-para-bh","tag-policial-baleado-no-municipio-de-turmalina-passa-por-cirurgia-em-hospital-de-bh","tag-policial-civil-e-baleado-na-cabeca-durante-troca-de-tiros-com-bandidos-em-turmalina","tag-policial-civil-e-baleado-na-cabeca-durante-troca-de-tiros-com-bandidos-no-municipio-de-turmalina","tag-policial-de-aracuai","tag-policial-de-aracuai-baleado","tag-policial-de-aracuai-baleado-em-turmalina","tag-roubo-em-aracuai","tag-roubo-madoff-mineiro","tag-roubo-thales-maioline","tag-thales-maioline","tag-turmalina"],"_links":{"self":[{"href":"https:\/\/aconteceunovale.com.br\/portal\/index.php?rest_route=\/wp\/v2\/posts\/98570","targetHints":{"allow":["GET"]}}],"collection":[{"href":"https:\/\/aconteceunovale.com.br\/portal\/index.php?rest_route=\/wp\/v2\/posts"}],"about":[{"href":"https:\/\/aconteceunovale.com.br\/portal\/index.php?rest_route=\/wp\/v2\/types\/post"}],"author":[{"embeddable":true,"href":"https:\/\/aconteceunovale.com.br\/portal\/index.php?rest_route=\/wp\/v2\/users\/1"}],"replies":[{"embeddable":true,"href":"https:\/\/aconteceunovale.com.br\/portal\/index.php?rest_route=%2Fwp%2Fv2%2Fcomments&post=98570"}],"version-history":[{"count":0,"href":"https:\/\/aconteceunovale.com.br\/portal\/index.php?rest_route=\/wp\/v2\/posts\/98570\/revisions"}],"wp:featuredmedia":[{"embeddable":true,"href":"https:\/\/aconteceunovale.com.br\/portal\/index.php?rest_route=\/wp\/v2\/media\/98516"}],"wp:attachment":[{"href":"https:\/\/aconteceunovale.com.br\/portal\/index.php?rest_route=%2Fwp%2Fv2%2Fmedia&parent=98570"}],"wp:term":[{"taxonomy":"category","embeddable":true,"href":"https:\/\/aconteceunovale.com.br\/portal\/index.php?rest_route=%2Fwp%2Fv2%2Fcategories&post=98570"},{"taxonomy":"post_tag","embeddable":true,"href":"https:\/\/aconteceunovale.com.br\/portal\/index.php?rest_route=%2Fwp%2Fv2%2Ftags&post=98570"}],"curies":[{"name":"wp","href":"https:\/\/api.w.org\/{rel}","templated":true}]}}